{"id":5907,"date":"2026-01-30T07:18:05","date_gmt":"2026-01-30T07:18:05","guid":{"rendered":"https:\/\/bihavadis.com\/?p=5907"},"modified":"2026-01-30T07:18:05","modified_gmt":"2026-01-30T07:18:05","slug":"ak-parti-il-baskani-subasioglu-denizlinin-onceligi-trafik-takipcisiyiz","status":"publish","type":"post","link":"https:\/\/bihavadis.com\/index.php\/2026\/01\/30\/ak-parti-il-baskani-subasioglu-denizlinin-onceligi-trafik-takipcisiyiz\/","title":{"rendered":"AK Parti \u0130l Ba\u015fkan\u0131 Suba\u015f\u0131o\u011flu: &#8220;Denizli&#8217;nin \u00f6nceli\u011fi trafik, takip\u00e7isiyiz&#8221;"},"content":{"rendered":"<p>AK Parti Denizli \u0130l Ba\u015fkan\u0131 Muhammet Suba\u015f\u0131o\u011flu ve y\u00f6netim kurulu \u00fcyeleri, Bat\u0131 Ege GYO \u00dcst Ge\u00e7idi&#8217;nin a\u00e7\u0131l\u0131\u015f\u0131na kat\u0131ld\u0131. AK Parti \u0130l Ba\u015fkan\u0131 Muhammet Suba\u015f\u0131o\u011flu, Denizli&#8217;nin trafik sorununa dikkat \u00e7ekti ve &#8220;Denizli&#8217;nin en \u00f6nemli problemi hep s\u00f6yl\u00fcyoruz. Trafik! Trafikle ilgili \u00f6n\u00fcm\u00fczdeki d\u00f6nem ciddi yat\u0131r\u0131mlar yap\u0131lmas\u0131 gerekiyor&#8221; dedi.<\/p>\n<p>\u0130zmir yolu \u00fczerinde yaya g\u00fcvenli\u011fini en \u00fcst seviyeye \u00e7\u0131karacak olan \u00fcst ge\u00e7it projesi, yakla\u015f\u0131k 50 milyon TL&#8217;lik bir yat\u0131r\u0131mla hayata ge\u00e7irildi. Projenin tamam\u0131 Bat\u0131 Ege GYO ve hay\u0131rsever i\u015f insan\u0131 Derya Baltal\u0131 taraf\u0131ndan finanse edildi.<\/p>\n<p>A\u00e7\u0131l\u0131\u015f t\u00f6reninde gazetecilere konu\u015fan AK Parti Denizli \u0130l Ba\u015fkan\u0131 Muhammet Suba\u015f\u0131o\u011flu, \u00f6nemli a\u00e7\u0131klamalarda bulundu. Ba\u015fkan Suba\u015f\u0131o\u011flu, &#8220;Derya beyin bizi \u00f6zel davet etmesiyle bu g\u00fczel projenin a\u00e7\u0131l\u0131\u015f\u0131na b\u00fct\u00fcn AK Parti y\u00f6netim kurulu \u00fcyesi arkada\u015flar\u0131m\u0131zla i\u015ftirak ettik. Al\u0131\u015fveri\u015f merkezi \u00f6n\u00fcndeki bu \u00fcst ge\u00e7idin hay\u0131rl\u0131 olmas\u0131n\u0131 diliyorum. Yakla\u015f\u0131k 50 milyon TL&#8217;lik bir yat\u0131r\u0131mla tamam\u0131 Bat\u0131 Ege GYO ve hay\u0131rsever i\u015f insan\u0131 Derya Baltal\u0131 taraf\u0131ndan finanse edilen bu g\u00fczel \u00fcst ge\u00e7idin a\u00e7\u0131l\u0131\u015f\u0131 i\u00e7in AK Parti \u0130l Y\u00f6netim Kurulu \u00fcyesi arkada\u015flar\u0131m\u0131zla kat\u0131ld\u0131k. \u0130zmir yolundaki bu h\u0131zl\u0131 akan trafi\u011fin \u00fczerinde yaya g\u00fcvenli\u011fini sa\u011flamak a\u00e7\u0131s\u0131ndan son derece k\u0131ymetli bir yat\u0131r\u0131m. Hay\u0131rseverlerimizi tebrik ediyorum. Denizli&#8217;nin en \u00f6nemli problemi hep s\u00f6yl\u00fcyoruz. Trafik! Trafikle ilgili \u00f6n\u00fcm\u00fczdeki d\u00f6nem ciddi yat\u0131r\u0131mlar yap\u0131lmas\u0131 gerekiyor. S\u00f6z verilen tramvay\u0131n biz takip\u00e7isiyiz. Trafik sorunun \u00e7\u00f6z\u00fclmesiyle ilgili AK Parti y\u00f6netimi olarak \u00f6nerilerimiz var. Yap\u0131lmas\u0131 gereken i\u015fler var. Ele\u015ftirilerimiz var. \u0130n\u015fallah Denizli&#8217;mizde \u00e7ok g\u00fczel i\u015fler yap\u0131lacak. Bu trafik sorunu da Nihat Zeybekci bakan\u0131m\u0131z d\u00f6neminde ba\u015flat\u0131larak \u015fehrin her taraf\u0131nda \u00e7evre yollar\u0131yla, k\u00f6pr\u00fcl\u00fc kav\u015faklar\u0131yla en son Honaz t\u00fcneliyle yap\u0131lan b\u00fct\u00fcn yat\u0131r\u0131mlar\u0131n devam etmesi noktas\u0131nda ihtiyac\u0131m\u0131z var. En \u00f6nemli sorunumuz \u015fuan Denizli a\u00e7\u0131s\u0131ndan trafik. Bizlerde bu i\u015flere katk\u0131 sa\u011flamaya, takip etmeye, b\u00fcy\u00fck\u015fehir belediyesinin de bu i\u015flerle ilgili ad\u0131m atmas\u0131n\u0131 beklemeye hep birlikte devam edece\u011fiz. Buran\u0131n hay\u0131rl\u0131 olmas\u0131n\u0131 diliyorum. Bat\u0131 Ege GYO&#8217;ya ve hay\u0131rsever i\u015f insan\u0131 Derya Baltal\u0131&#8217;ya bu g\u00fczel yat\u0131r\u0131mlar\u0131 i\u00e7in te\u015fekk\u00fcr ediyorum&#8221; dedi. &#8211; DEN\u0130ZL\u0130<\/p>\n","protected":false},"excerpt":{"rendered":"<p>AK Parti Denizli \u0130l Ba\u015fkan\u0131 Muhammet Suba\u015f\u0131o\u011flu, Bat\u0131 Ege GYO \u00dcst Ge\u00e7idi&#8217;nin a\u00e7\u0131l\u0131\u015f\u0131nda, Denizli&#8217;nin trafik sorununa dikkat \u00e7ekti. 50 milyon TL&#8217;lik yat\u0131r\u0131mla hayata ge\u00e7en proje, yaya g\u00fcvenli\u011fini art\u0131rmay\u0131 hedefliyor.<\/p>\n","protected":false},"author":1,"featured_media":5908,"comment_status":"open","ping_status":"open","sticky":false,"template":"","format":"standard","meta":{"footnotes":""},"categories":[12],"tags":[1389,1387,395,1386,1388],"class_list":["post-5907","post","type-post","status-publish","format-standard","has-post-thumbnail","hentry","category-siyaset","tag-ak-parti","tag-denizli","tag-is","tag-trafik","tag-yatirimla"],"_links":{"self":[{"href":"https:\/\/bihavadis.com\/index.php\/wp-json\/wp\/v2\/posts\/5907","targetHints":{"allow":["GET"]}}],"collection":[{"href":"https:\/\/bihavadis.com\/index.php\/wp-json\/wp\/v2\/posts"}],"about":[{"href":"https:\/\/bihavadis.com\/index.php\/wp-json\/wp\/v2\/types\/post"}],"author":[{"embeddable":true,"href":"https:\/\/bihavadis.com\/index.php\/wp-json\/wp\/v2\/users\/1"}],"replies":[{"embeddable":true,"href":"https:\/\/bihavadis.com\/index.php\/wp-json\/wp\/v2\/comments?post=5907"}],"version-history":[{"count":1,"href":"https:\/\/bihavadis.com\/index.php\/wp-json\/wp\/v2\/posts\/5907\/revisions"}],"predecessor-version":[{"id":5909,"href":"https:\/\/bihavadis.com\/index.php\/wp-json\/wp\/v2\/posts\/5907\/revisions\/5909"}],"wp:featuredmedia":[{"embeddable":true,"href":"https:\/\/bihavadis.com\/index.php\/wp-json\/wp\/v2\/media\/5908"}],"wp:attachment":[{"href":"https:\/\/bihavadis.com\/index.php\/wp-json\/wp\/v2\/media?parent=5907"}],"wp:term":[{"taxonomy":"category","embeddable":true,"href":"https:\/\/bihavadis.com\/index.php\/wp-json\/wp\/v2\/categories?post=5907"},{"taxonomy":"post_tag","embeddable":true,"href":"https:\/\/bihavadis.com\/index.php\/wp-json\/wp\/v2\/tags?post=5907"}],"curies":[{"name":"wp","href":"https:\/\/api.w.org\/{rel}","templated":true}]}}