{"id":59071,"date":"2026-03-04T02:18:34","date_gmt":"2026-03-04T02:18:34","guid":{"rendered":"https:\/\/bihavadis.com\/?p=59071"},"modified":"2026-03-04T02:18:34","modified_gmt":"2026-03-04T02:18:34","slug":"cumhurbaskani-erdogandan-6-subat-mesaji","status":"publish","type":"post","link":"https:\/\/bihavadis.com\/index.php\/2026\/03\/04\/cumhurbaskani-erdogandan-6-subat-mesaji\/","title":{"rendered":"Cumhurba\u015fkan\u0131 Erdo\u011fan&#8217;dan 6 \u015eubat mesaj\u0131"},"content":{"rendered":"<p>T\u00fcrkiye&#8217;nin y\u00fcre\u011fini yakan 6 \u015eubat depremlerinin bug\u00fcn 3. y\u0131l d\u00f6n\u00fcm\u00fc. Cumhurba\u015fkan\u0131 Recep Tayyip Erdo\u011fan sosyal medyadan payla\u015f\u0131m yaparak &#8220;3 y\u0131l \u00f6nce bug\u00fcn ya\u015fad\u0131\u011f\u0131m\u0131z iki b\u00fcy\u00fck deprem sebebiyle Rahmet-i Rahman&#8217;a kavu\u015fan karde\u015flerimizi unutmayaca\u011f\u0131z&#8221; dedi.<\/p>\n<p><b>&#8220;3 YIL G\u0130B\u0130 KISA S\u00dcREDE \u015eEH\u0130RLER\u0130M\u0130Z\u0130 \u0130HYA ETT\u0130K&#8221;<\/b><\/p>\n<p>Erdo\u011fan payla\u015f\u0131m\u0131nda &#8220;Onlar\u0131n hat\u0131ralar\u0131n\u0131 kalbimizde ve zihnimizde daima ya\u015fataca\u011f\u0131m\u0131za, emanetlerine sahip \u00e7\u0131kaca\u011f\u0131m\u0131za, depremde y\u0131k\u0131lan \u015fehirlerimizi tekrar aya\u011fa kald\u0131raca\u011f\u0131m\u0131za dair milletimize s\u00f6z verdik. Bug\u00fcn Allah&#8217;\u0131n izniyle bu i\u015fin alt\u0131ndan kalkt\u0131k, 3 y\u0131l gibi k\u0131sa s\u00fcrede \u015fehirlerimizi yeniden imar ve ihya ettik. S\u00f6z\u00fcm\u00fcz\u00fc tuttuk.&#8221; ifadelerini kulland\u0131.<\/p>\n","protected":false},"excerpt":{"rendered":"<p>Cumhurba\u015fkan\u0131 Recep Tayyip Erdo\u011fan, 6 \u015eubat Kahramanmara\u015f depremlerinin y\u0131l d\u00f6n\u00fcm\u00fc dolay\u0131s\u0131yla sosyal medya hesab\u0131ndan mesaj yay\u0131mlad\u0131. Erdo\u011fan mesaj\u0131nda, &#8220;3 y\u0131l \u00f6nce 2 b\u00fcy\u00fck depremde hayat\u0131n\u0131 kaybeden karde\u015flerimizi asla unutmayaca\u011f\u0131z.&#8221; dedi.<\/p>\n","protected":false},"author":1,"featured_media":0,"comment_status":"open","ping_status":"open","sticky":false,"template":"","format":"standard","meta":{"footnotes":""},"categories":[12],"tags":[],"class_list":["post-59071","post","type-post","status-publish","format-standard","hentry","category-siyaset"],"_links":{"self":[{"href":"https:\/\/bihavadis.com\/index.php\/wp-json\/wp\/v2\/posts\/59071","targetHints":{"allow":["GET"]}}],"collection":[{"href":"https:\/\/bihavadis.com\/index.php\/wp-json\/wp\/v2\/posts"}],"about":[{"href":"https:\/\/bihavadis.com\/index.php\/wp-json\/wp\/v2\/types\/post"}],"author":[{"embeddable":true,"href":"https:\/\/bihavadis.com\/index.php\/wp-json\/wp\/v2\/users\/1"}],"replies":[{"embeddable":true,"href":"https:\/\/bihavadis.com\/index.php\/wp-json\/wp\/v2\/comments?post=59071"}],"version-history":[{"count":1,"href":"https:\/\/bihavadis.com\/index.php\/wp-json\/wp\/v2\/posts\/59071\/revisions"}],"predecessor-version":[{"id":59072,"href":"https:\/\/bihavadis.com\/index.php\/wp-json\/wp\/v2\/posts\/59071\/revisions\/59072"}],"wp:attachment":[{"href":"https:\/\/bihavadis.com\/index.php\/wp-json\/wp\/v2\/media?parent=59071"}],"wp:term":[{"taxonomy":"category","embeddable":true,"href":"https:\/\/bihavadis.com\/index.php\/wp-json\/wp\/v2\/categories?post=59071"},{"taxonomy":"post_tag","embeddable":true,"href":"https:\/\/bihavadis.com\/index.php\/wp-json\/wp\/v2\/tags?post=59071"}],"curies":[{"name":"wp","href":"https:\/\/api.w.org\/{rel}","templated":true}]}}