{"id":59113,"date":"2026-03-04T02:48:06","date_gmt":"2026-03-04T02:48:06","guid":{"rendered":"https:\/\/bihavadis.com\/?p=59113"},"modified":"2026-03-04T02:48:06","modified_gmt":"2026-03-04T02:48:06","slug":"cumhurbaskani-erdogan-talimati-verdi-umut-hakkina-iliskin-detaylar-anlatilacak","status":"publish","type":"post","link":"https:\/\/bihavadis.com\/index.php\/2026\/03\/04\/cumhurbaskani-erdogan-talimati-verdi-umut-hakkina-iliskin-detaylar-anlatilacak\/","title":{"rendered":"Cumhurba\u015fkan\u0131 Erdo\u011fan talimat\u0131 verdi: Umut hakk\u0131na ili\u015fkin detaylar anlat\u0131lacak"},"content":{"rendered":"<p>Ter\u00f6rs\u00fcz T\u00fcrkiye s\u00fcreci ilerliyor&#8230;.<\/p>\n<p>S\u00fcre\u00e7te, MHP Genel Ba\u015fkan\u0131 Devlet Bah\u00e7eli&#8217;nin \u00e7a\u011fr\u0131s\u0131 ve Cumhurba\u015fkan\u0131 Recep Tayyip Erdo\u011fan&#8217;\u0131n kararl\u0131 duru\u015fu ile \u00f6nemli e\u015fikler a\u015f\u0131ld\u0131.<\/p>\n<p>Ter\u00f6rs\u00fcz T\u00fcrkiye s\u00fcrecine ili\u015fkin Meclis&#8217;te kurulan Milli Dayan\u0131\u015fma, Karde\u015flik ve Demokrasi Komisyonu da \u00e7al\u0131\u015fmalar\u0131n\u0131 s\u00fcrd\u00fcr\u00fcyor.<\/p>\n<p>Komisyon, son \u015fekli verilen raporu tamamlad\u0131 ve detaylar\u0131 TBMM Ba\u015fkan\u0131 Numan Kurtulmu\u015f a\u00e7\u0131klad\u0131.<\/p>\n<p>S\u00fcre\u00e7 ilerlerken, Cumhurba\u015fkan\u0131 Recep Tayyip Erdo\u011fan&#8217;dan da bir talimat geldi.\u00a0<\/p>\n<p>Komisyonun haz\u0131rlad\u0131\u011f\u0131 raporun ard\u0131ndan &#8220;<em><b>umut hakk\u0131&#8221;<\/b><\/em> konusu g\u00fcndeme geldi.\u00a0<\/p>\n<p><strong>&#8220;K\u0130\u015e\u0130YE \u00d6ZEL D\u00dcZENLEME&#8221; YAPILMAYACAK<\/strong><\/p>\n<p>Hukuki d\u00fczenlemeler \u00f6ncesi Cumhurba\u015fkan\u0131 Erdo\u011fan&#8217;\u0131n kurmaylar\u0131na <em><b>\u2018Ki\u015fiye \u00f6zel umut hakk\u0131 olmayaca\u011f\u0131n\u0131n iyi anlat\u0131lmas\u0131\u2019 <\/b><\/em>talimat\u0131 verdi\u011fi \u00f6\u011frenildi.\u00a0<\/p>\n<p>Cumhurba\u015fkan\u0131 Erdo\u011fan, kamuoyunda yanl\u0131\u015f bilgilere yer verilmemesini de istedi.\u00a0<\/p>\n<p>Kamuoyunda<em><b> \u2018\u00d6calan\u2019\u0131n umut hakk\u0131 ile \u00f6zg\u00fcrl\u00fc\u011f\u00fcne kavu\u015faca\u011f\u0131na\u2019<\/b><\/em> y\u00f6nelik yan\u0131lt\u0131c\u0131 bilgiler konusunda dikkatli olunmas\u0131n\u0131 isteyen Cumhurba\u015fkan\u0131 Erdo\u011fan&#8217;\u0131n \u015f\u00f6yle dedi\u011fi \u00f6\u011frenildi;\u00a0<\/p>\n<p><strong>&#8220;BUNA \u00c7OK D\u0130KKAT EDEL\u0130M&#8221;<\/strong><\/p>\n<p><em><b>&#8220;Olmaz \u00f6yle \u015fey, buna \u00e7ok dikkat edelim. Vatanda\u015fa \u00e7ok iyi anlatmam\u0131z laz\u0131m. Ki\u015fiye \u00f6zel bir d\u00fczenleme olmaz.&#8221;<\/b><\/em><\/p>\n<p><img decoding=\"async\" src=\"https:\/\/bihavadis.com\/wp-content\/uploads\/2026\/03\/cumhurbaskani-erdogan-talimati-verdi-umut-hakkina-iliskin-detaylar-anlatilacak-0-uFeuXrFq.jpg\"\/><\/p>\n<p><strong>AK PART\u0130 KAYNAKLARI: B\u00d6YLE B\u0130R \u015eEY OLMAYACAK<\/strong><\/p>\n<p>T\u00fcrkiye gazetesinden Y\u00fccel Kayao\u011flu&#8217;nun haberine g\u00f6re, AK Parti de umut hakk\u0131 konusunda dikkatli davran\u0131yor.\u00a0<\/p>\n<p>AK Parti kaynaklar\u0131n\u0131n hukuki ad\u0131mlar konusunda Cumhurba\u015fkan\u0131\u2019na yapt\u0131klar\u0131 sunumla ilgili olarak, <em><b>\u201cBu \u00e7ok hassas bir mesele. M\u0130T\u2019in belirleyece\u011fi \u00e7\u0131tay\u0131 g\u00f6rece\u011fiz. Cumhurba\u015fkan\u0131\u2019n\u0131n da talimat\u0131 \u2018bu i\u015fi ciddiyetle ele al\u0131n\u2019 y\u00f6n\u00fcnde. <\/b><\/em><\/p>\n<p><em><b>Umut hakk\u0131 da yanl\u0131\u015f anla\u015f\u0131l\u0131yor. Af de\u011fil, ceza indirimi de\u011fil, tahliye de\u011fil.<\/b><\/em><\/p>\n<p><em><b> Sahada umut hakk\u0131 denilince \u00d6calan\u2019a af getirilecekmi\u015f \u015feklinde alg\u0131lan\u0131yor. B\u00f6yle bir \u015fey olmayacak\u201d <\/b><\/p>\n<p><strong>UMUT HAKKI NED\u0130R?<\/strong><\/p>\n<p>Umut Hakk\u0131, m\u00fcebbet ya da a\u011f\u0131rla\u015ft\u0131r\u0131lm\u0131\u015f m\u00fcebbet hapis cezas\u0131 alm\u0131\u015f mahkumlar\u0131n, belirli bir s\u00fcre sonunda durumlar\u0131n\u0131n g\u00f6zden ge\u00e7irilerek serbest kalma umuduna sahip olmas\u0131n\u0131 sa\u011flayan bir hakt\u0131r.<\/p>\n<p>Bu hak, ceza infaz\u0131n\u0131n yaln\u0131zca cezaland\u0131rmaya de\u011fil, mahkumlar\u0131n rehabilitasyonu ve topluma kazand\u0131r\u0131lmas\u0131na y\u00f6nelik olmas\u0131 gerekti\u011fi ilkesine dayan\u0131r.<\/p>\n<p>Avrupa \u0130nsan Haklar\u0131 Mahkemesi (A\u0130HM), umut hakk\u0131n\u0131 insan onuru ve insanl\u0131k d\u0131\u015f\u0131 muamele yasa\u011f\u0131 kapsam\u0131nda de\u011ferlendirir.<\/p>\n<p>Umut hakk\u0131, sadece belirli ko\u015fullar\u0131 sa\u011flayan mahk\u00fbmlar i\u00e7in ge\u00e7erlidir.<\/p>\n<p>Bu \u015fartlar aras\u0131nda, mahkumun cezaevindeki davran\u0131\u015flar\u0131, rehabilitasyon s\u00fcrecine kat\u0131l\u0131m\u0131 ve infaz s\u00fcrecindeki genel tutumu yer al\u0131r.<\/p>\n<p><strong>RAPOR HAZIR<\/strong><\/p>\n<p>TBMM Milli Dayan\u0131\u015fma, Karde\u015flik ve Demokrasi Komisyonu, 5 A\u011fustos 2025\u2019te ba\u015flad\u0131\u011f\u0131 \u00e7al\u0131\u015fma sonucunda raporunu tamamlad\u0131.<\/p>\n<p>Rapora son \u015fekil, komisyon \u00fcyelerinin yapt\u0131\u011f\u0131 \u0130mral\u0131 ziyaretinin ard\u0131ndan verildi.<\/p>\n<p><strong>60 SAYFADAN OLU\u015eUYOR<\/strong><\/p>\n<p>T\u00fcrkiye B\u00fcy\u00fck Millet Meclisi Ba\u015fkan\u0131 Numan Kurtulmu\u015f, siyasi parti temsilcileriyle bir araya gelerek haz\u0131rlanan taslak raporu payla\u015ft\u0131.<\/p>\n<p>Taslak rapor, 7 temel b\u00f6l\u00fcm ve 60 sayfadan olu\u015fuyor.<\/p>\n<p>En merak edilen ba\u015fl\u0131klardan birisi de umut hakk\u0131.<\/p>\n<p>Edinilen bilgilere g\u00f6re; umut hakk\u0131 ibaresi raporda yer alm\u0131yor.<\/p>\n<p><img decoding=\"async\" src=\"https:\/\/bihavadis.com\/wp-content\/uploads\/2026\/03\/cumhurbaskani-erdogan-talimati-verdi-umut-hakkina-iliskin-detaylar-anlatilacak-1-gQ2Lz4Ds.jpg\"\/> <\/p>\n<div> <span><strong>Kaynak:<\/strong> Ensonhaber Haber Merkezi<\/span> <\/div>\n","protected":false},"excerpt":{"rendered":"<p>Ter\u00f6rs\u00fcz T\u00fcrkiye s\u00fcreci ilerliyor&#8230;. S\u00fcre\u00e7te, MHP Genel Ba\u015fkan\u0131 Devlet Bah\u00e7eli&#8217;nin \u00e7a\u011fr\u0131s\u0131 ve Cumhurba\u015fkan\u0131 Recep Tayyip Erdo\u011fan&#8217;\u0131n kararl\u0131 duru\u015fu ile \u00f6nemli e\u015fikler a\u015f\u0131ld\u0131. Ter\u00f6rs\u00fcz T\u00fcrkiye s\u00fcrecine ili\u015fkin Meclis&#8217;te kurulan Milli Dayan\u0131\u015fma &#8230;<\/p>\n","protected":false},"author":1,"featured_media":59114,"comment_status":"open","ping_status":"open","sticky":false,"template":"","format":"standard","meta":{"footnotes":""},"categories":[9,13],"tags":[258,1297,1564,544,3735],"class_list":["post-59113","post","type-post","status-publish","format-standard","has-post-thumbnail","hentry","category-genel","category-son-dakika","tag-ceza","tag-cumhurbaskani","tag-rapor","tag-sure","tag-umut-hakki"],"_links":{"self":[{"href":"https:\/\/bihavadis.com\/index.php\/wp-json\/wp\/v2\/posts\/59113","targetHints":{"allow":["GET"]}}],"collection":[{"href":"https:\/\/bihavadis.com\/index.php\/wp-json\/wp\/v2\/posts"}],"about":[{"href":"https:\/\/bihavadis.com\/index.php\/wp-json\/wp\/v2\/types\/post"}],"author":[{"embeddable":true,"href":"https:\/\/bihavadis.com\/index.php\/wp-json\/wp\/v2\/users\/1"}],"replies":[{"embeddable":true,"href":"https:\/\/bihavadis.com\/index.php\/wp-json\/wp\/v2\/comments?post=59113"}],"version-history":[{"count":1,"href":"https:\/\/bihavadis.com\/index.php\/wp-json\/wp\/v2\/posts\/59113\/revisions"}],"predecessor-version":[{"id":59117,"href":"https:\/\/bihavadis.com\/index.php\/wp-json\/wp\/v2\/posts\/59113\/revisions\/59117"}],"wp:featuredmedia":[{"embeddable":true,"href":"https:\/\/bihavadis.com\/index.php\/wp-json\/wp\/v2\/media\/59114"}],"wp:attachment":[{"href":"https:\/\/bihavadis.com\/index.php\/wp-json\/wp\/v2\/media?parent=59113"}],"wp:term":[{"taxonomy":"category","embeddable":true,"href":"https:\/\/bihavadis.com\/index.php\/wp-json\/wp\/v2\/categories?post=59113"},{"taxonomy":"post_tag","embeddable":true,"href":"https:\/\/bihavadis.com\/index.php\/wp-json\/wp\/v2\/tags?post=59113"}],"curies":[{"name":"wp","href":"https:\/\/api.w.org\/{rel}","templated":true}]}}