{"id":59138,"date":"2026-03-04T03:09:06","date_gmt":"2026-03-04T03:09:06","guid":{"rendered":"https:\/\/bihavadis.com\/?p=59138"},"modified":"2026-03-04T03:09:06","modified_gmt":"2026-03-04T03:09:06","slug":"tahranda-universite-kampusunde-rejim-karsiti-protesto","status":"publish","type":"post","link":"https:\/\/bihavadis.com\/index.php\/2026\/03\/04\/tahranda-universite-kampusunde-rejim-karsiti-protesto\/","title":{"rendered":"Tahran&#8217;da \u00fcniversite kamp\u00fcs\u00fcnde rejim kar\u015f\u0131t\u0131 protesto"},"content":{"rendered":"<p>\u0130ran&#8217;da ulusal para birimi riyalin de\u011fer kaybetmesiyle 28 Aral\u0131k 2025&#8217;te ba\u015f g\u00f6steren g\u00f6steriler, \u015fiddetli olaylara sahne olmu\u015ftu.\u00a0<\/p>\n<p>\u0130ran kaynaklar\u0131ndan yap\u0131lan a\u00e7\u0131klamalarda, protestolarda 3 bin 117 ki\u015finin hayat\u0131n\u0131 kaybetti\u011fi a\u00e7\u0131klanm\u0131\u015ft\u0131.<\/p>\n<p>Bir s\u00fcredir durulan protestolar, Tahran&#8217;da \u00f6\u011frencilerin giri\u015fimi ile yeniden alevlendi.\u00a0<\/p>\n<p><strong>\u00dcN\u0130VERS\u0130TE KAMP\u00dcS\u00dcNDE G\u00d6STER\u0130 <\/strong><\/p>\n<p>Ba\u015fkent Tahran&#8217;daki \u015eerif Teknoloji \u00dcniversitesi&#8217;nden rejim kar\u015f\u0131t\u0131 g\u00f6steriler d\u00fczenlendi.\u00a0<\/p>\n<p>Sosyal medyada payla\u015f\u0131lan g\u00f6r\u00fcnt\u00fclerde \u00fcniversite kamp\u00fcs\u00fcnde protestocular\u0131n y\u00fcr\u00fcy\u00fc\u015f yapt\u0131\u011f\u0131 g\u00f6r\u00fcl\u00fcyor.<\/p>\n<p><img decoding=\"async\" src=\"https:\/\/bihavadis.com\/wp-content\/uploads\/2026\/03\/tahranda-universite-kampusunde-rejim-karsiti-protesto-0-Jb9y4wWw.jpg\"\/><\/p>\n<p><strong>&#8216;REJ\u0130ME \u00d6L\u00dcM&#8217; SLOGANLARI ATILDI <\/strong><\/p>\n<p>\u00d6te yandan g\u00f6r\u00fcnt\u00fclerde; protestocular ile h\u00fck\u00fcmet destek\u00e7ileri aras\u0131nda \u00e7at\u0131\u015fmalar\u0131n ya\u015fand\u0131\u011f\u0131 ve g\u00f6stericilerin<em> &#8220;Molla kefenlenene kadar bu vatan vatan olmayacak&#8221;<\/em> ve <em><b>&#8220;Rejime \u00f6l\u00fcm&#8221; <\/b><\/em>gibi sloganlar att\u0131\u011f\u0131 da yer ald\u0131.\u00a0<\/p>\n<p><img decoding=\"async\" src=\"https:\/\/bihavadis.com\/wp-content\/uploads\/2026\/03\/tahranda-universite-kampusunde-rejim-karsiti-protesto-1-HpQ4lZz8.jpg\"\/><\/p>\n<p><strong>\u0130RAN&#8217;DA G\u00d6STER\u0130LER NASIL BA\u015eLAMI\u015eTI? <\/strong><\/p>\n<p>\u0130ran&#8217;da 28 Aral\u0131k 2025&#8217;te yerel para biriminin d\u00f6viz kar\u015f\u0131s\u0131nda h\u0131zla de\u011fer kaybetmesi ve ekonomik s\u0131k\u0131nt\u0131lar\u0131n derinle\u015fmesi nedeniyle Tahran B\u00fcy\u00fck \u00c7ar\u015f\u0131&#8217;da esnaf\u0131n \u00f6nc\u00fcl\u00fc\u011f\u00fcnde ba\u015flayan g\u00f6steriler \u00fclke geneline yay\u0131lm\u0131\u015ft\u0131.<\/p>\n<p>Ba\u015fkent Tahran&#8217;da 8 Ocak&#8217;ta \u015fiddetlenen protestolar s\u0131ras\u0131nda \u00e7\u0131kan olaylar sonucu \u00fclke y\u00f6netimi internet eri\u015fimini engellemi\u015f, 8-9 Ocak g\u00fcnlerinde emniyet g\u00fc\u00e7leri protestolara m\u00fcdahale ederek bast\u0131rm\u0131\u015ft\u0131.<\/p>\n<p><strong>3 B\u0130N 117 K\u0130\u015e\u0130N\u0130N HAYATINI KAYBETT\u0130\u011e\u0130 DUYURULMU\u015eTU <\/strong><\/p>\n<p>\u0130ran \u015eehit ve Gaziler Vakf\u0131, Adli T\u0131p Kurumuna dayand\u0131rd\u0131\u011f\u0131 21 Ocak&#8217;taki a\u00e7\u0131klamas\u0131nda, g\u00f6sterilerde, g\u00fcvenlik g\u00fc\u00e7leri ve siviller dahil 3 bin 117 ki\u015finin hayat\u0131n\u0131 kaybetti\u011fini duyurmu\u015ftu.<\/p>\n<p>Bu ki\u015filerden 2 bin 427&#8217;sinin <em><b>&#8220;silahl\u0131 ter\u00f6r gruplar\u0131&#8221; <\/b><\/em>taraf\u0131ndan \u00f6ld\u00fcr\u00fclen g\u00fcvenlik g\u00fc\u00e7leri ile sivil vatanda\u015flar oldu\u011fu ifade edilirken 690 ki\u015fi hakk\u0131nda ise bilgi verilmemi\u015fti.<\/p>\n<p><img decoding=\"async\" src=\"https:\/\/bihavadis.com\/wp-content\/uploads\/2026\/03\/tahranda-universite-kampusunde-rejim-karsiti-protesto-2-3IXEux9N.jpg\"\/><\/p>\n<p><img decoding=\"async\" src=\"https:\/\/bihavadis.com\/wp-content\/uploads\/2026\/03\/tahranda-universite-kampusunde-rejim-karsiti-protesto-3-YyFUwwdD.jpg\"\/> <\/p>\n<div> <span><strong>Kaynak:<\/strong> Ensonhaber Haber Merkezi<\/span> <\/div>\n","protected":false},"excerpt":{"rendered":"<p>\u0130ran&#8217;da ulusal para birimi riyalin de\u011fer kaybetmesiyle 28 Aral\u0131k 2025&#8217;te ba\u015f g\u00f6steren g\u00f6steriler, \u015fiddetli olaylara sahne olmu\u015ftu.\u00a0 \u0130ran kaynaklar\u0131ndan yap\u0131lan a\u00e7\u0131klamalarda, protestolarda 3 bin 117 ki\u015finin hayat\u0131n\u0131 kaybetti\u011fi a\u00e7\u0131klanm\u0131\u015ft\u0131. Bir &#8230;<\/p>\n","protected":false},"author":1,"featured_media":59139,"comment_status":"open","ping_status":"open","sticky":false,"template":"","format":"standard","meta":{"footnotes":""},"categories":[6],"tags":[469,2531,271],"class_list":["post-59138","post","type-post","status-publish","format-standard","has-post-thumbnail","hentry","category-dunya","tag-bas","tag-gosteri","tag-iran"],"_links":{"self":[{"href":"https:\/\/bihavadis.com\/index.php\/wp-json\/wp\/v2\/posts\/59138","targetHints":{"allow":["GET"]}}],"collection":[{"href":"https:\/\/bihavadis.com\/index.php\/wp-json\/wp\/v2\/posts"}],"about":[{"href":"https:\/\/bihavadis.com\/index.php\/wp-json\/wp\/v2\/types\/post"}],"author":[{"embeddable":true,"href":"https:\/\/bihavadis.com\/index.php\/wp-json\/wp\/v2\/users\/1"}],"replies":[{"embeddable":true,"href":"https:\/\/bihavadis.com\/index.php\/wp-json\/wp\/v2\/comments?post=59138"}],"version-history":[{"count":1,"href":"https:\/\/bihavadis.com\/index.php\/wp-json\/wp\/v2\/posts\/59138\/revisions"}],"predecessor-version":[{"id":59144,"href":"https:\/\/bihavadis.com\/index.php\/wp-json\/wp\/v2\/posts\/59138\/revisions\/59144"}],"wp:featuredmedia":[{"embeddable":true,"href":"https:\/\/bihavadis.com\/index.php\/wp-json\/wp\/v2\/media\/59139"}],"wp:attachment":[{"href":"https:\/\/bihavadis.com\/index.php\/wp-json\/wp\/v2\/media?parent=59138"}],"wp:term":[{"taxonomy":"category","embeddable":true,"href":"https:\/\/bihavadis.com\/index.php\/wp-json\/wp\/v2\/categories?post=59138"},{"taxonomy":"post_tag","embeddable":true,"href":"https:\/\/bihavadis.com\/index.php\/wp-json\/wp\/v2\/tags?post=59138"}],"curies":[{"name":"wp","href":"https:\/\/api.w.org\/{rel}","templated":true}]}}