{"id":59148,"date":"2026-03-04T03:15:08","date_gmt":"2026-03-04T03:15:08","guid":{"rendered":"https:\/\/bihavadis.com\/?p=59148"},"modified":"2026-03-04T03:15:08","modified_gmt":"2026-03-04T03:15:08","slug":"istanbul-afsiaddan-afyonkarahisar-valisi-yigitbasina-tesekkur","status":"publish","type":"post","link":"https:\/\/bihavadis.com\/index.php\/2026\/03\/04\/istanbul-afsiaddan-afyonkarahisar-valisi-yigitbasina-tesekkur\/","title":{"rendered":"\u0130stanbul AFS\u0130AD&#8217;dan Afyonkarahisar Valisi Yi\u011fitba\u015f\u0131&#8217;na te\u015fekk\u00fcr"},"content":{"rendered":"<p>Afyonkarahisar Valisi K\u00fcbra G\u00fcran Yi\u011fitba\u015f\u0131,\u00a0\u0130\u00e7i\u015fleri Bakan Yard\u0131mc\u0131l\u0131\u011f\u0131na atand\u0131.<\/p>\n<p>\u015eehrin ekonomik potansiyelini daha da ileriye ta\u015f\u0131yacak ad\u0131mlar\u0131 ile tan\u0131nan Yi\u011fitba\u015f\u0131&#8217;na \u0130stanbul Afyonkarahisarl\u0131 Sanayici ve \u0130\u015f \u0130nsanlar\u0131 Derne\u011fi (\u0130STANBUL AFS\u0130AD) taraf\u0131ndan tebrik ve te\u015fekk\u00fcr edildi.<\/p>\n<p>K\u00fcbra G\u00fcran Yi\u011fitba\u015f\u0131&#8217;n\u0131n\u00a0Afyonkarahisar Valili\u011fi\u00a0d\u00f6neminde kentin sanayi ve tar\u0131m vizyonunu k\u00fcresel \u00f6l\u00e7ekte\u00a0projelerle g\u00fc\u00e7lendirmesinin ard\u0131ndan \u0130\u00e7i\u015fleri Bakan Yard\u0131mc\u0131l\u0131\u011f\u0131 g\u00f6revine atanmas\u0131, i\u015f d\u00fcnyas\u0131nda geni\u015f yank\u0131 uyand\u0131rd\u0131.<\/p>\n<p><strong>&#8220;AFYONKARAH\u0130SAR \u0130\u00c7\u0130N GURUR VES\u0130LES\u0130&#8221;<\/strong><\/p>\n<p>\u0130STANBUL AFS\u0130AD Ba\u015fkan\u0131 H\u00fcseyin \u00c7elik, yay\u0131mlad\u0131\u011f\u0131 mesajda, g\u00f6rev s\u00fcresi boyunca \u015fehre kazand\u0131r\u0131lan ve toplam hacmi 500 milyon dolar\u0131 a\u015fan yat\u0131r\u0131m hamlesine dikkat \u00e7ekerek, ataman\u0131n Afyonkarahisar i\u00e7in\u00a0gurur vesilesi oldu\u011funu s\u00f6yledi.<\/p>\n<p>\u00c7elik, Yi\u011fitba\u015f\u0131&#8217;n\u0131n g\u00f6rev s\u00fcresince \u00fcretim, istihdam ve ihracat kapasitesinde belirgin bir art\u0131\u015f sa\u011fland\u0131\u011f\u0131n\u0131 belirterek, \u00f6zellikle organize sanayi ve modern tar\u0131m yat\u0131r\u0131mlar\u0131n\u0131n kentin ekonomik \u00e7ehresini d\u00f6n\u00fc\u015ft\u00fcrd\u00fc\u011f\u00fcn\u00fc vurgulad\u0131.<\/p>\n<p><strong>EKONOM\u0130DE STRATEJ\u0130K D\u00d6N\u00dc\u015e\u00dcM VE YATIRIM S\u00dcREC\u0130<\/strong><\/p>\n<p>\u00c7elik,\u00a0K\u00fcbra G\u00fcran Yi\u011fitba\u015f\u0131&#8217;n\u0131n\u00a0g\u00f6rev d\u00f6neminde temelleri at\u0131lan ve \u00f6nemli a\u015famalar kaydedilen\u00a0projelerin\u00a0Afyonkarahisar&#8217;\u0131n uzun vadeli kalk\u0131nma perspektifinde belirleyici rol oynad\u0131\u011f\u0131n\u0131 kaydederek, bu projelerle ilgili bilgi verdi.<\/p>\n<p><img decoding=\"async\" src=\"https:\/\/bihavadis.com\/wp-content\/uploads\/2026\/03\/istanbul-afsiaddan-afyonkarahisar-valisi-yigitbasina-tesekkur-0-HautMJGw.jpg\"\/><\/p>\n<p><strong>AVRUPA&#8217;NIN EN B\u00dcY\u00dcK JEOTERMAL SERA \u00dcSS\u00dc PROJES\u0130<\/strong><\/p>\n<p>Avrupa&#8217;n\u0131n en b\u00fcy\u00fck jeotermal sera \u00fcss\u00fc projesine de\u011finen \u00c7elik, <b><em>&#8220;Afyonkarahisar \u00c7ay-\u00c7obanlar-Bolvadin Jeotermal Kaynakl\u0131 Sera \u0130htisas Organize Sanayi B\u00f6lgesi, geni\u015fleme alanlar\u0131yla birlikte tamamland\u0131\u011f\u0131nda T\u00fcrkiye ve Avrupa&#8217;n\u0131n en b\u00fcy\u00fck jeotermal OTB&#8217;si olmas\u0131 hedefleniyor. Yakla\u015f\u0131k 3 bin ki\u015fiye do\u011frudan istihdam sa\u011flamas\u0131 \u00f6ng\u00f6r\u00fclen yat\u0131r\u0131m\u0131n, b\u00f6lge ekonomisine \u00f6nemli katk\u0131 sunmas\u0131 bekleniyor.&#8221;<\/em><\/b> dedi.<\/p>\n<p>\u00c7elik, 100. Y\u0131l Makine ve Karma \u0130htisas OSB&#8217;nin \u015fehrin sanayi altyap\u0131s\u0131n\u0131 g\u00fc\u00e7lendirmeyi ama\u00e7lad\u0131\u011f\u0131n\u0131 belirterek,\u00a0y\u00fcksek katma de\u011ferli \u00fcretim kapasitesiyle kentin\u00a0\u00fcretim merkezlerinden biri haline gelmesi planland\u0131\u011f\u0131n\u0131 anlatt\u0131.<\/p>\n<p><img decoding=\"async\" src=\"https:\/\/bihavadis.com\/wp-content\/uploads\/2026\/03\/istanbul-afsiaddan-afyonkarahisar-valisi-yigitbasina-tesekkur-1-6h9Sg68l.jpg\"\/><\/p>\n<p><strong>TIBB\u0130 KENEV\u0130R OTB PROJES\u0130<\/strong><\/p>\n<p>T\u0131bbi Kenevir OTB Projesi&#8217;nin\u00a0T\u00fcrkiye&#8217;de ve d\u00fcnyada ilk olma \u00f6zelli\u011fi ta\u015f\u0131d\u0131\u011f\u0131n\u0131, bu sayede Afyonkarahisar&#8217;\u0131n sa\u011fl\u0131k ve ticaret alan\u0131nda yeni bir uzmanla\u015fma alan\u0131 olu\u015fturdu\u011funu dile getiren \u00c7elik,\u00a0Sinanpa\u015fa\u00a0Ye\u015fil OSB projesinin ise il\u00e7enin\u00a0ekonomik potansiyelini harekete ge\u00e7irmeyi hedefledi\u011fini s\u00f6yledi.<\/p>\n<p>\u00c7elik, <b><em>&#8220;Bu projelerle birlikte, modern tar\u0131m ve ihtisasla\u015fm\u0131\u015f sanayi odakl\u0131 yat\u0131r\u0131mlar Afyonkarahisar&#8217;\u0131n ihracat potansiyelini art\u0131rd\u0131 ve kentin rekabet g\u00fcc\u00fcn\u00fc y\u00fckseltti.&#8221;<\/em><\/b> diye konu\u015ftu.<\/p>\n<p><img decoding=\"async\" src=\"https:\/\/bihavadis.com\/wp-content\/uploads\/2026\/03\/istanbul-afsiaddan-afyonkarahisar-valisi-yigitbasina-tesekkur-2-hdhC35AP.jpg\"\/><\/p>\n<p><strong>&#8220;\u015eEHR\u0130M\u0130ZE KALICI B\u0130R EKONOM\u0130K M\u0130RAS BIRAKILDI&#8221;<\/strong><\/p>\n<p>\u0130STANBUL AFS\u0130AD Ba\u015fkan\u0131\u00a0\u00c7elik, \u0130\u00e7i\u015fleri Bakan Yard\u0131mc\u0131l\u0131\u011f\u0131na atanan K\u00fcbra G\u00fcran Yi\u011fitba\u015f\u0131&#8217;n\u0131n g\u00f6rev s\u00fcresi boyunca Afyonkarahisar&#8217;\u0131n\u00a0kalk\u0131nma hedeflerine y\u00f6n veren bir y\u00f6netim anlay\u0131\u015f\u0131 ortaya koydu\u011funu belirterek, \u015fu de\u011ferlendirmelerde bulundu:<\/p>\n<p>Jeotermal yat\u0131r\u0131mlardan ihtisas organize sanayi projelerine kadar at\u0131lan ad\u0131mlar, Afyonkarahisar&#8217;\u0131n ekonomik kapasitesini g\u00fc\u00e7lendirmi\u015ftir. Devam eden ve tamamlanan projelerle istihdam alanlar\u0131 geni\u015flemi\u015f, \u00fcretim altyap\u0131s\u0131 sa\u011flamla\u015fm\u0131\u015ft\u0131r. \u0130\u015f d\u00fcnyas\u0131 olarak katk\u0131lar\u0131 i\u00e7in te\u015fekk\u00fcr ediyoruz. Yi\u011fitba\u015f\u0131&#8217;n\u0131n \u0130\u00e7i\u015fleri Bakan Yard\u0131mc\u0131l\u0131\u011f\u0131 g\u00f6revine atanmas\u0131 Afyonkarahisar a\u00e7\u0131s\u0131ndan \u00f6nemli bir geli\u015fme. Kendisine yeni g\u00f6revinde ba\u015far\u0131lar diliyoruz. Kentte ba\u015flat\u0131lan projelerin uzun vadeli etkileri s\u00fcrecek ve Afyonkarahisar&#8217;\u0131n \u00fcretim ve yat\u0131r\u0131m oda\u011f\u0131 korunacak.<\/p>\n<div> <span><strong>Kaynak:<\/strong> Ensonhaber Haber Merkezi<\/span> <\/div>\n","protected":false},"excerpt":{"rendered":"<p>Afyonkarahisar Valisi K\u00fcbra G\u00fcran Yi\u011fitba\u015f\u0131,\u00a0\u0130\u00e7i\u015fleri Bakan Yard\u0131mc\u0131l\u0131\u011f\u0131na atand\u0131. \u015eehrin ekonomik potansiyelini daha da ileriye ta\u015f\u0131yacak ad\u0131mlar\u0131 ile tan\u0131nan Yi\u011fitba\u015f\u0131&#8217;na \u0130stanbul Afyonkarahisarl\u0131 Sanayici ve \u0130\u015f \u0130nsanlar\u0131 Derne\u011fi (\u0130STANBUL AFS\u0130AD &#8230;<\/p>\n","protected":false},"author":1,"featured_media":59149,"comment_status":"open","ping_status":"open","sticky":false,"template":"","format":"standard","meta":{"footnotes":""},"categories":[8],"tags":[6665,881,1159,374,216],"class_list":["post-59148","post","type-post","status-publish","format-standard","has-post-thumbnail","hentry","category-ekonomi","tag-afyonkarahisar","tag-celik","tag-gorev","tag-sanayi","tag-yatirim"],"_links":{"self":[{"href":"https:\/\/bihavadis.com\/index.php\/wp-json\/wp\/v2\/posts\/59148","targetHints":{"allow":["GET"]}}],"collection":[{"href":"https:\/\/bihavadis.com\/index.php\/wp-json\/wp\/v2\/posts"}],"about":[{"href":"https:\/\/bihavadis.com\/index.php\/wp-json\/wp\/v2\/types\/post"}],"author":[{"embeddable":true,"href":"https:\/\/bihavadis.com\/index.php\/wp-json\/wp\/v2\/users\/1"}],"replies":[{"embeddable":true,"href":"https:\/\/bihavadis.com\/index.php\/wp-json\/wp\/v2\/comments?post=59148"}],"version-history":[{"count":1,"href":"https:\/\/bihavadis.com\/index.php\/wp-json\/wp\/v2\/posts\/59148\/revisions"}],"predecessor-version":[{"id":59153,"href":"https:\/\/bihavadis.com\/index.php\/wp-json\/wp\/v2\/posts\/59148\/revisions\/59153"}],"wp:featuredmedia":[{"embeddable":true,"href":"https:\/\/bihavadis.com\/index.php\/wp-json\/wp\/v2\/media\/59149"}],"wp:attachment":[{"href":"https:\/\/bihavadis.com\/index.php\/wp-json\/wp\/v2\/media?parent=59148"}],"wp:term":[{"taxonomy":"category","embeddable":true,"href":"https:\/\/bihavadis.com\/index.php\/wp-json\/wp\/v2\/categories?post=59148"},{"taxonomy":"post_tag","embeddable":true,"href":"https:\/\/bihavadis.com\/index.php\/wp-json\/wp\/v2\/tags?post=59148"}],"curies":[{"name":"wp","href":"https:\/\/api.w.org\/{rel}","templated":true}]}}