{"id":59186,"date":"2026-03-04T03:45:09","date_gmt":"2026-03-04T03:45:09","guid":{"rendered":"https:\/\/bihavadis.com\/?p=59186"},"modified":"2026-03-04T03:45:09","modified_gmt":"2026-03-04T03:45:09","slug":"trabzonda-iki-ayri-mahallede-korkutan-yangin","status":"publish","type":"post","link":"https:\/\/bihavadis.com\/index.php\/2026\/03\/04\/trabzonda-iki-ayri-mahallede-korkutan-yangin\/","title":{"rendered":"Trabzon&#8217;da iki ayr\u0131 mahallede korkutan yang\u0131n"},"content":{"rendered":"<p>Trabzon S\u00fcrmene&#8217;de korkutan anlar&#8230;<\/p>\n<p>S\u00fcrmene il\u00e7esine ba\u011fl\u0131 So\u011fuksu ve Orta mahallelerinde, gece saatlerinde yang\u0131n \u00e7\u0131kt\u0131.<\/p>\n<p>So\u011fuksu Mahallesi\u2019nde iki katl\u0131 evde \u00e7\u0131kan yang\u0131nda alevler k\u0131sa s\u00fcrede t\u00fcm evi sararken, Orta Mahalle&#8217;de bir odunlukta yang\u0131n \u00e7\u0131kt\u0131.<\/p>\n<p><strong>YANAN YERLER KULLANILAMAZ HALDE<\/strong><\/p>\n<p>\u0130hbarla adreslere jandarma ve itfaiye ekipleri sevk edildi.<\/p>\n<p>Ekiplerin m\u00fcdahalesiyle yang\u0131nlar s\u00f6nd\u00fcr\u00fcld\u00fc.<\/p>\n<p>Yang\u0131nlarla ilgili inceleme ba\u015flat\u0131l\u0131rken, ev ile odunluk kullan\u0131lamaz hale geldi.<\/p>\n<p><img decoding=\"async\" src=\"https:\/\/bihavadis.com\/wp-content\/uploads\/2026\/03\/trabzonda-iki-ayri-mahallede-korkutan-yangin-0-5NFT5e5s.jpg\"\/><\/p>\n<p><img decoding=\"async\" src=\"https:\/\/bihavadis.com\/wp-content\/uploads\/2026\/03\/trabzonda-iki-ayri-mahallede-korkutan-yangin-1-HE97bTmH.jpg\"\/> <\/p>\n<div> <span><strong>Kaynak:<\/strong> Demir\u00f6ren Haber Ajans\u0131 (DHA)<\/span> <\/div>\n","protected":false},"excerpt":{"rendered":"<p>Trabzon S\u00fcrmene&#8217;de korkutan anlar&#8230; S\u00fcrmene il\u00e7esine ba\u011fl\u0131 So\u011fuksu ve Orta mahallelerinde, gece saatlerinde yang\u0131n \u00e7\u0131kt\u0131. So\u011fuksu Mahallesi\u2019nde iki katl\u0131 evde \u00e7\u0131kan yang\u0131nda alevler k\u0131sa s\u00fcrede t\u00fcm evi sararken, Orta Mahalle&#8217;de bir odunlukta yang\u0131n &#8230;<\/p>\n","protected":false},"author":1,"featured_media":59187,"comment_status":"open","ping_status":"open","sticky":false,"template":"","format":"standard","meta":{"footnotes":""},"categories":[4,13],"tags":[600],"class_list":["post-59186","post","type-post","status-publish","format-standard","has-post-thumbnail","hentry","category-gundem","category-son-dakika","tag-yangin"],"_links":{"self":[{"href":"https:\/\/bihavadis.com\/index.php\/wp-json\/wp\/v2\/posts\/59186","targetHints":{"allow":["GET"]}}],"collection":[{"href":"https:\/\/bihavadis.com\/index.php\/wp-json\/wp\/v2\/posts"}],"about":[{"href":"https:\/\/bihavadis.com\/index.php\/wp-json\/wp\/v2\/types\/post"}],"author":[{"embeddable":true,"href":"https:\/\/bihavadis.com\/index.php\/wp-json\/wp\/v2\/users\/1"}],"replies":[{"embeddable":true,"href":"https:\/\/bihavadis.com\/index.php\/wp-json\/wp\/v2\/comments?post=59186"}],"version-history":[{"count":1,"href":"https:\/\/bihavadis.com\/index.php\/wp-json\/wp\/v2\/posts\/59186\/revisions"}],"predecessor-version":[{"id":59190,"href":"https:\/\/bihavadis.com\/index.php\/wp-json\/wp\/v2\/posts\/59186\/revisions\/59190"}],"wp:featuredmedia":[{"embeddable":true,"href":"https:\/\/bihavadis.com\/index.php\/wp-json\/wp\/v2\/media\/59187"}],"wp:attachment":[{"href":"https:\/\/bihavadis.com\/index.php\/wp-json\/wp\/v2\/media?parent=59186"}],"wp:term":[{"taxonomy":"category","embeddable":true,"href":"https:\/\/bihavadis.com\/index.php\/wp-json\/wp\/v2\/categories?post=59186"},{"taxonomy":"post_tag","embeddable":true,"href":"https:\/\/bihavadis.com\/index.php\/wp-json\/wp\/v2\/tags?post=59186"}],"curies":[{"name":"wp","href":"https:\/\/api.w.org\/{rel}","templated":true}]}}