{"id":59277,"date":"2026-03-04T04:51:04","date_gmt":"2026-03-04T04:51:04","guid":{"rendered":"https:\/\/bihavadis.com\/?p=59277"},"modified":"2026-03-04T04:51:04","modified_gmt":"2026-03-04T04:51:04","slug":"baskan-dumandan-bucanin-sofrasinda-birlik-mesaji","status":"publish","type":"post","link":"https:\/\/bihavadis.com\/index.php\/2026\/03\/04\/baskan-dumandan-bucanin-sofrasinda-birlik-mesaji\/","title":{"rendered":"Ba\u015fkan Duman&#8217;dan Buca&#8217;n\u0131n sofras\u0131nda birlik mesaj\u0131"},"content":{"rendered":"<p>Buca Belediye Ba\u015fkan\u0131 Mimar G\u00f6rkem Duman, taksici esnaf\u0131 ve Buca Akademi camias\u0131yla iftar sofras\u0131nda bir araya gelerek Ramazan\u2019\u0131n manevi iklimini payla\u015ft\u0131. \u0130l\u00e7ede g\u00f6n\u00fcl k\u00f6pr\u00fcleri kuran ziyaretler &#8216;birlik ve beraberlik&#8217; mesajlar\u0131yla ta\u00e7land\u0131.<\/p>\n<p>Buca Belediye Ba\u015fkan\u0131 G\u00f6rkem Duman, Ramazan ay\u0131n\u0131n bereketini ve dayan\u0131\u015fma ruhunu il\u00e7e sakinleriyle payla\u015fmaya devam ediyor. \u0130lk olarak Dokuz\u00e7e\u015fmeler\u2019de bulunan Fak\u00fclte Taksi Dura\u011f\u0131\u2019nda taksici esnaf\u0131 taraf\u0131ndan d\u00fczenlenen iftar program\u0131na kat\u0131lan Buca Belediye Ba\u015fkan\u0131 G\u00f6rkem Duman, burada vatanda\u015flarla bir araya geldi. Ba\u015fkan Duman\u2019a Cumhuriyet Halk Partisi (CHP) Buca \u0130l\u00e7e Ba\u015fkan\u0131 Suat Bulut, CHP Buca \u0130l\u00e7e Y\u00f6netimi, Buca Belediyesi meclis \u00fcyeleri e\u015flik etti. Buca Belediye Ba\u015fkan\u0131 G\u00f6rkem Duman\u2019\u0131n iftar alan\u0131nda bulunan masalar\u0131 tek tek dola\u015farak vatanda\u015flarla sohbet etmesinin ard\u0131ndan ayn\u0131 sofrada bulu\u015fularak dualar e\u015fli\u011finde oru\u00e7lar a\u00e7\u0131ld\u0131. Taksici esnaf\u0131 ile bir araya gelmekten mutlu oldu\u011funu ifade eden Buca Belediye Ba\u015fkan\u0131 G\u00f6rkem Duman, &#8220;Sizler, bu kentin en canl\u0131 haf\u0131zas\u0131 ve bizlerin sokaktaki g\u00f6z\u00fc kula\u011f\u0131s\u0131n\u0131z. Buca\u2019n\u0131n her mahallesinde, her soka\u011f\u0131nda eme\u011finiz var. Al\u0131n terinin ve payla\u015fman\u0131n g\u00fczelli\u011fini bug\u00fcn burada bir kez daha ya\u015fad\u0131k&#8221; ifadelerini kulland\u0131.<\/p>\n<p>SPORCU GEN\u00c7LERLE BULU\u015eMA<\/p>\n<p>Taksi dura\u011f\u0131ndaki ziyaretinin ard\u0131ndan Buca Akademi taraf\u0131ndan d\u00fczenlenen iftar program\u0131nda sporcular ve aileleriyle bir araya gelen Buca Belediye Ba\u015fkan\u0131 G\u00f6rkem Duman, burada Bucaspor Ba\u015fkan\u0131 Cihan Akta\u015f, eski futbolcular Sertan Vardar, Ahmet Burak Solakel, kul\u00fcp y\u00f6netimi, teknik heyet ve taraftarlarla bulu\u015ftu. Buca\u2019n\u0131n en b\u00fcy\u00fck markalar\u0131ndan biri olan Bucaspor\u2019un camias\u0131yla ayn\u0131 sofrada bir arada olman\u0131n mutlulu\u011funu dile getiren Belediye Ba\u015fkan\u0131 G\u00f6rkem Duman, \u015funlar\u0131 kaydetti:<\/p>\n<p>\u00a0&#8220;Bucaspor bizim ortak sevdam\u0131z. Bu g\u00fczel ak\u015famda bizleri bir araya getiren, birlik ve beraberli\u011fimizi peki\u015ftiren y\u00f6netimimize ve taraftarlar\u0131m\u0131za te\u015fekk\u00fcr ediyorum. Her zaman sporun ve sporcumuzun yan\u0131nday\u0131z.\u201d<\/p>\n<p>\u00a0<\/p>\n<p>\u00a0<\/p>\n<p>Kaynak: (BYZHA) Beyaz Haber Ajans\u0131<\/p>\n","protected":false},"excerpt":{"rendered":"<p>Buca Belediye Ba\u015fkan\u0131 Mimar G\u00f6rkem Duman, taksici esnaf\u0131 ve Buca Akademi camias\u0131yla iftar sofras\u0131nda bir araya gelerek Ramazan\u2019\u0131n manevi iklimini payla\u015ft\u0131. \u0130l\u00e7ede g\u00f6n\u00fcl k\u00f6pr\u00fcleri kuran ziyaretler &#8216;birlik ve beraberlik&#8217; mesajlar\u0131yla ta\u00e7land\u0131.<\/p>\n","protected":false},"author":1,"featured_media":59278,"comment_status":"open","ping_status":"open","sticky":false,"template":"","format":"standard","meta":{"footnotes":""},"categories":[4],"tags":[516,1707],"class_list":["post-59277","post","type-post","status-publish","format-standard","has-post-thumbnail","hentry","category-gundem","tag-baskan","tag-buca"],"_links":{"self":[{"href":"https:\/\/bihavadis.com\/index.php\/wp-json\/wp\/v2\/posts\/59277","targetHints":{"allow":["GET"]}}],"collection":[{"href":"https:\/\/bihavadis.com\/index.php\/wp-json\/wp\/v2\/posts"}],"about":[{"href":"https:\/\/bihavadis.com\/index.php\/wp-json\/wp\/v2\/types\/post"}],"author":[{"embeddable":true,"href":"https:\/\/bihavadis.com\/index.php\/wp-json\/wp\/v2\/users\/1"}],"replies":[{"embeddable":true,"href":"https:\/\/bihavadis.com\/index.php\/wp-json\/wp\/v2\/comments?post=59277"}],"version-history":[{"count":1,"href":"https:\/\/bihavadis.com\/index.php\/wp-json\/wp\/v2\/posts\/59277\/revisions"}],"predecessor-version":[{"id":59279,"href":"https:\/\/bihavadis.com\/index.php\/wp-json\/wp\/v2\/posts\/59277\/revisions\/59279"}],"wp:featuredmedia":[{"embeddable":true,"href":"https:\/\/bihavadis.com\/index.php\/wp-json\/wp\/v2\/media\/59278"}],"wp:attachment":[{"href":"https:\/\/bihavadis.com\/index.php\/wp-json\/wp\/v2\/media?parent=59277"}],"wp:term":[{"taxonomy":"category","embeddable":true,"href":"https:\/\/bihavadis.com\/index.php\/wp-json\/wp\/v2\/categories?post=59277"},{"taxonomy":"post_tag","embeddable":true,"href":"https:\/\/bihavadis.com\/index.php\/wp-json\/wp\/v2\/tags?post=59277"}],"curies":[{"name":"wp","href":"https:\/\/api.w.org\/{rel}","templated":true}]}}