{"id":59351,"date":"2026-03-04T05:45:08","date_gmt":"2026-03-04T05:45:08","guid":{"rendered":"https:\/\/bihavadis.com\/?p=59351"},"modified":"2026-03-04T05:45:08","modified_gmt":"2026-03-04T05:45:08","slug":"ato-baskani-bayram-turkiye-ve-misir-birbirini-tamamlayan-iki-onemli-ekonomidir","status":"publish","type":"post","link":"https:\/\/bihavadis.com\/index.php\/2026\/03\/04\/ato-baskani-bayram-turkiye-ve-misir-birbirini-tamamlayan-iki-onemli-ekonomidir\/","title":{"rendered":"ATO Ba\u015fkan\u0131 Bayram: &#8220;T\u00fcrkiye ve M\u0131s\u0131r birbirini tamamlayan iki \u00f6nemli ekonomidir&#8221;"},"content":{"rendered":"<p>Adana Ticaret Odas\u0131 Ba\u015fkan\u0131 Y\u00fccel Bayram, &#8220;T\u00fcrkiye ve M\u0131s\u0131r, tarihi ba\u011flar\u0131, g\u00fc\u00e7l\u00fc \u00fcretim altyap\u0131lar\u0131 ve stratejik konumlar\u0131yla birbirini tamamlayan iki \u00f6nemli ekonomidir. Bu forumun, yaln\u0131zca mevcut ticaret hacmini art\u0131rmakla kalmay\u0131p, \u00fc\u00e7\u00fcnc\u00fc \u00fclkelerde kurulacak ortakl\u0131klar arac\u0131l\u0131\u011f\u0131yla i\u015f d\u00fcnyam\u0131za yeni ve s\u00fcrd\u00fcr\u00fclebilir f\u0131rsatlar sunaca\u011f\u0131na inan\u0131yorum&#8221; dedi.<\/p>\n<p>ATO Ba\u015fkan\u0131 Y\u00fccel Bayram, Cumhurba\u015fkan\u0131 Recep Tayyip Erdo\u011fan ile M\u0131s\u0131r Arap Cumhuriyeti Cumhurba\u015fkan\u0131 Abdulfettah es-Sisi&#8217;nin kat\u0131l\u0131m\u0131yla M\u0131s\u0131r&#8217;\u0131n ba\u015fkenti Kahire&#8217;de d\u00fczenlenen T\u00fcrkiye-M\u0131s\u0131r \u0130\u015f ve Yat\u0131r\u0131m Forumu&#8217;na kat\u0131ld\u0131. Bayram, toplant\u0131ya ili\u015fkin yapt\u0131\u011f\u0131 de\u011ferlendirmelerde &#8220;T\u00fcrkiye ve M\u0131s\u0131r, tarihi ba\u011flar\u0131, g\u00fc\u00e7l\u00fc \u00fcretim altyap\u0131lar\u0131 ve stratejik konumlar\u0131yla birbirini tamamlayan iki \u00f6nemli ekonomidir. Bu forumun, yaln\u0131zca mevcut ticaret hacmini art\u0131rmakla kalmay\u0131p; \u00fc\u00e7\u00fcnc\u00fc \u00fclkelerde kurulacak ortakl\u0131klar arac\u0131l\u0131\u011f\u0131yla i\u015f d\u00fcnyam\u0131za yeni ve s\u00fcrd\u00fcr\u00fclebilir f\u0131rsatlar sunaca\u011f\u0131na inan\u0131yorum. \u00d6zel sekt\u00f6rlerimizin daha g\u00fc\u00e7l\u00fc bir etkile\u015fim i\u00e7inde olmas\u0131, b\u00f6lgesel ekonomik istikrara da \u00f6nemli katk\u0131 sa\u011flayacakt\u0131r&#8221; ifadelerini kulland\u0131.<\/p>\n<p>\u0130\u015f d\u00fcnyas\u0131n\u0131n M\u0131s\u0131rl\u0131 i\u015f insanlar\u0131 ve yetkililerle bir araya getirdi\u011fine de\u011finen Bayram, \u00f6nemli organizasyon dolay\u0131s\u0131yla Ticaret Bakan\u0131 \u00d6mer Bolat&#8217;a, T\u00fcrkiye Odalar ve Borsalar Birli\u011fi (TOBB) Ba\u015fkan\u0131 Rifat Hisarc\u0131kl\u0131o\u011flu&#8217;na, DE\u0130K Ba\u015fkan\u0131 Nail Olpak&#8217;a ve program\u0131n d\u00fczenlenmesinde eme\u011fi ge\u00e7en t\u00fcm payda\u015flara te\u015fekk\u00fcr etti. &#8211; ADANA<\/p>\n","protected":false},"excerpt":{"rendered":"<p>Adana Ticaret Odas\u0131 Ba\u015fkan\u0131 Y\u00fccel Bayram, &#8220;T\u00fcrkiye ve M\u0131s\u0131r, tarihi ba\u011flar\u0131, g\u00fc\u00e7l\u00fc \u00fcretim altyap\u0131lar\u0131 ve stratejik konumlar\u0131yla birbirini tamamlayan iki \u00f6nemli ekonomidir.<\/p>\n","protected":false},"author":1,"featured_media":59352,"comment_status":"open","ping_status":"open","sticky":false,"template":"","format":"standard","meta":{"footnotes":""},"categories":[8],"tags":[395,899],"class_list":["post-59351","post","type-post","status-publish","format-standard","has-post-thumbnail","hentry","category-ekonomi","tag-is","tag-misir"],"_links":{"self":[{"href":"https:\/\/bihavadis.com\/index.php\/wp-json\/wp\/v2\/posts\/59351","targetHints":{"allow":["GET"]}}],"collection":[{"href":"https:\/\/bihavadis.com\/index.php\/wp-json\/wp\/v2\/posts"}],"about":[{"href":"https:\/\/bihavadis.com\/index.php\/wp-json\/wp\/v2\/types\/post"}],"author":[{"embeddable":true,"href":"https:\/\/bihavadis.com\/index.php\/wp-json\/wp\/v2\/users\/1"}],"replies":[{"embeddable":true,"href":"https:\/\/bihavadis.com\/index.php\/wp-json\/wp\/v2\/comments?post=59351"}],"version-history":[{"count":1,"href":"https:\/\/bihavadis.com\/index.php\/wp-json\/wp\/v2\/posts\/59351\/revisions"}],"predecessor-version":[{"id":59353,"href":"https:\/\/bihavadis.com\/index.php\/wp-json\/wp\/v2\/posts\/59351\/revisions\/59353"}],"wp:featuredmedia":[{"embeddable":true,"href":"https:\/\/bihavadis.com\/index.php\/wp-json\/wp\/v2\/media\/59352"}],"wp:attachment":[{"href":"https:\/\/bihavadis.com\/index.php\/wp-json\/wp\/v2\/media?parent=59351"}],"wp:term":[{"taxonomy":"category","embeddable":true,"href":"https:\/\/bihavadis.com\/index.php\/wp-json\/wp\/v2\/categories?post=59351"},{"taxonomy":"post_tag","embeddable":true,"href":"https:\/\/bihavadis.com\/index.php\/wp-json\/wp\/v2\/tags?post=59351"}],"curies":[{"name":"wp","href":"https:\/\/api.w.org\/{rel}","templated":true}]}}