{"id":59367,"date":"2026-03-04T06:00:07","date_gmt":"2026-03-04T06:00:07","guid":{"rendered":"https:\/\/bihavadis.com\/?p=59367"},"modified":"2026-03-04T06:00:07","modified_gmt":"2026-03-04T06:00:07","slug":"istanbulda-durakta-gordugu-esini-basindan-silahla-vurarak-oldurdu","status":"publish","type":"post","link":"https:\/\/bihavadis.com\/index.php\/2026\/03\/04\/istanbulda-durakta-gordugu-esini-basindan-silahla-vurarak-oldurdu\/","title":{"rendered":"\u0130stanbul&#8217;da durakta g\u00f6rd\u00fc\u011f\u00fc e\u015fini ba\u015f\u0131ndan silahla vurarak \u00f6ld\u00fcrd\u00fc"},"content":{"rendered":"<p>\u0130stanbul \u00c7atalca&#8217;da s\u00fcrekli alkol ald\u0131\u011f\u0131 iddia edilen S.\u00dc. e\u015fi G\u00fclten \u00dcrkmez ile tart\u0131\u015ft\u0131ktan sonra evden ayr\u0131ld\u0131.<\/p>\n<p>S.\u00dc. 3 g\u00fcn sonra otob\u00fcs dura\u011f\u0131nda kar\u015f\u0131la\u015ft\u0131\u011f\u0131 e\u015fi G\u00fclten \u00dcrkmez&#8217;i silahla ba\u015f\u0131ndan vurdu.<\/p>\n<p>\u00c7evredekilerin ihbar\u0131 \u00fczerine olay yerine jandarma ve sa\u011fl\u0131k ekipleri sevk edildi.<\/p>\n<p><strong>OLAY YER\u0130NDE HAYATINI KAYBETT\u0130<\/strong><\/p>\n<p>Jandarma ekipleri \u00e7evrede g\u00fcvenlik \u00f6nlemi alarak olayla ilgili soru\u015fturma ba\u015flatt\u0131.<\/p>\n<p>Sa\u011fl\u0131k ekiplerinin yapt\u0131\u011f\u0131 kontrollerde G\u00fclten \u00dcrkmez&#8217;in olay yerinde hayat\u0131n\u0131 kaybetti\u011fi belirlendi.<\/p>\n<p><img decoding=\"async\" src=\"https:\/\/bihavadis.com\/wp-content\/uploads\/2026\/03\/istanbulda-durakta-gordugu-esini-basindan-silahla-vurarak-oldurdu-0-GUdk8i2g.jpg\"\/><\/p>\n<p><strong>KAT\u0130L ZANLISI EV\u0130NDE VE \u0130\u015e YER\u0130NDE SAKLANMAYA \u00c7ALI\u015eTI<\/strong><\/p>\n<p>\u00dcrkmez&#8217;in cenazesi otopsi i\u00e7in Adli T\u0131p Kurumu Morgu&#8217;na g\u00f6t\u00fcr\u00fcld\u00fc.<\/p>\n<p>\u015e\u00fcpheli S.\u00dc. ise olay yerinden uzakla\u015farak ilk \u00f6nce bir i\u015f yerinde ard\u0131ndan da evinde saklanmaya \u00e7al\u0131\u015ft\u0131.<\/p>\n<p><strong>POL\u0130SE D\u0130REND\u0130: BA\u015eARILI OLAMADI<\/strong><\/p>\n<p>Polis ekiplerinin evde oldu\u011funu tespit etmesi \u00fczerine S.\u00dc. uzun s\u00fcre direndi.<\/p>\n<p>S.\u00dc. Jandarma Su\u00e7 Ara\u015ft\u0131rma Timi (JASAT) taraf\u0131ndan bir s\u00fcre sonra g\u00f6zalt\u0131na al\u0131nd\u0131.<\/p>\n<p><strong>&#8220;BUG\u00dcN DE KIZ KARDE\u015e\u0130M \u00d6LD\u00dc&#8221;<\/strong><\/p>\n<p>\u00d6len G\u00fclten \u00dcrkmez&#8217;in karde\u015fi Olcay \u0130nce, \u015funlar\u0131 s\u00f6yledi:<\/p>\n<p>Sadece durakta kafas\u0131na silah dayay\u0131p vuruyor. 1999&#8217;dan bu yana evlilerdi, hep huzursuzluk, hep bir kavga vard\u0131.<\/p>\n<p>\u00c7ocuklar\u0131ndan biri 23 ya\u015f\u0131nda \u00f6ld\u00fc motor kazas\u0131nda. Kafaya bir darbe alm\u0131\u015f.<\/p>\n<p>Bug\u00fcn de k\u0131z karde\u015fim \u00f6ld\u00fc. Tehdit edilmi\u015f \u00e7ocu\u011funa m\u0131 tehdit vard\u0131 e\u015fine mi vard\u0131 bilemiyorum.<\/p>\n<p>K\u0131z karde\u015fime b\u00f6yle giderse ayr\u0131lal\u0131m demi\u015f ayr\u0131l\u0131k m\u0131yd\u0131 sebep bilmiyorum. Bir kad\u0131n kafas\u0131na durakta silah dayay\u0131p da vurulmaz.<\/p>\n<p>O s\u0131rada durakta kimse yokmu\u015f. K\u0131z karde\u015fim di\u015f\u00e7iye gidiyormu\u015f otob\u00fcs beklerken geliyor kafas\u0131ndan vuruyor.<\/p>\n<p><strong>\u00c7ATALCA&#8217;DA TOPRA\u011eA VER\u0130LECEK<\/strong><\/p>\n<p>Otopsi i\u015flemleri tamamlanan G\u00fclten \u00dcrkmez&#8217;in cenazesi ailesi taraf\u0131ndan Adli T\u0131p Kurumu&#8217;ndan teslim al\u0131nd\u0131.<\/p>\n<p>\u00c7atalca&#8217;ya g\u00f6t\u00fcr\u00fclen \u00dcrkmez&#8217;in cenazesinin ikindi vakti Bink\u0131l\u0131\u00e7&#8217;ta topra\u011fa verilece\u011fi \u00f6\u011frenildi.<\/p>\n<p><img decoding=\"async\" src=\"https:\/\/bihavadis.com\/wp-content\/uploads\/2026\/03\/istanbulda-durakta-gordugu-esini-basindan-silahla-vurarak-oldurdu-1-sszKH599.jpg\"\/> <\/p>\n<div> <span><strong>Kaynak:<\/strong> Demir\u00f6ren Haber Ajans\u0131 (DHA)<\/span> <\/div>\n","protected":false},"excerpt":{"rendered":"<p>\u0130stanbul \u00c7atalca&#8217;da s\u00fcrekli alkol ald\u0131\u011f\u0131 iddia edilen S.\u00dc. e\u015fi G\u00fclten \u00dcrkmez ile tart\u0131\u015ft\u0131ktan sonra evden ayr\u0131ld\u0131. S.\u00dc. 3 g\u00fcn sonra otob\u00fcs dura\u011f\u0131nda kar\u015f\u0131la\u015ft\u0131\u011f\u0131 e\u015fi G\u00fclten \u00dcrkmez&#8217;i silahla ba\u015f\u0131ndan vurdu. \u00c7evredekilerin ihbar\u0131 \u00fczerine olay yerine &#8230;<\/p>\n","protected":false},"author":1,"featured_media":59368,"comment_status":"open","ping_status":"open","sticky":false,"template":"","format":"standard","meta":{"footnotes":""},"categories":[4,13],"tags":[7099,4400,256,7098,5150],"class_list":["post-59367","post","type-post","status-publish","format-standard","has-post-thumbnail","hentry","category-gundem","category-son-dakika","tag-gulten-urkmez","tag-kardesi","tag-olay","tag-s-u","tag-yerinde"],"_links":{"self":[{"href":"https:\/\/bihavadis.com\/index.php\/wp-json\/wp\/v2\/posts\/59367","targetHints":{"allow":["GET"]}}],"collection":[{"href":"https:\/\/bihavadis.com\/index.php\/wp-json\/wp\/v2\/posts"}],"about":[{"href":"https:\/\/bihavadis.com\/index.php\/wp-json\/wp\/v2\/types\/post"}],"author":[{"embeddable":true,"href":"https:\/\/bihavadis.com\/index.php\/wp-json\/wp\/v2\/users\/1"}],"replies":[{"embeddable":true,"href":"https:\/\/bihavadis.com\/index.php\/wp-json\/wp\/v2\/comments?post=59367"}],"version-history":[{"count":1,"href":"https:\/\/bihavadis.com\/index.php\/wp-json\/wp\/v2\/posts\/59367\/revisions"}],"predecessor-version":[{"id":59371,"href":"https:\/\/bihavadis.com\/index.php\/wp-json\/wp\/v2\/posts\/59367\/revisions\/59371"}],"wp:featuredmedia":[{"embeddable":true,"href":"https:\/\/bihavadis.com\/index.php\/wp-json\/wp\/v2\/media\/59368"}],"wp:attachment":[{"href":"https:\/\/bihavadis.com\/index.php\/wp-json\/wp\/v2\/media?parent=59367"}],"wp:term":[{"taxonomy":"category","embeddable":true,"href":"https:\/\/bihavadis.com\/index.php\/wp-json\/wp\/v2\/categories?post=59367"},{"taxonomy":"post_tag","embeddable":true,"href":"https:\/\/bihavadis.com\/index.php\/wp-json\/wp\/v2\/tags?post=59367"}],"curies":[{"name":"wp","href":"https:\/\/api.w.org\/{rel}","templated":true}]}}