{"id":59441,"date":"2026-03-04T07:03:05","date_gmt":"2026-03-04T07:03:05","guid":{"rendered":"https:\/\/bihavadis.com\/?p=59441"},"modified":"2026-03-04T07:03:05","modified_gmt":"2026-03-04T07:03:05","slug":"baskan-kocaman-iftar-sofrasinda-bulustu","status":"publish","type":"post","link":"https:\/\/bihavadis.com\/index.php\/2026\/03\/04\/baskan-kocaman-iftar-sofrasinda-bulustu\/","title":{"rendered":"Ba\u015fkan Kocaman \u0130ftar Sofras\u0131nda Bulu\u015ftu"},"content":{"rendered":"<p><strong>Kartepe Belediye Ba\u015fkan\u0131 Av. M. Mustafa Kocaman, Ramazan ay\u0131n\u0131n manevi iklimini payla\u015fmaya devam ediyor.<\/strong><\/p>\n<p><strong>G\u00f6n\u00fcl Sofras\u0131nda Birlik Mesaj\u0131<\/strong><\/p>\n<p>Kartepe Belediye Ba\u015fkan\u0131 Av. M. Mustafa Kocaman Ata\u015fehir Mahallesi Sultan Abd\u00fclhamit Han Camii Derne\u011fi taraf\u0131ndan d\u00fczenlenen iftar program\u0131na kat\u0131ld\u0131. Ata\u015fehir Mahallesi sakinlerinin yo\u011fun ilgi g\u00f6sterdi\u011fi iftar program\u0131nda, masalar\u0131 tek tek gezen Ba\u015fkan Kocaman, vatanda\u015flarla sohbet ederek Ramazan aylar\u0131n\u0131 tebrik etti.<\/p>\n<p><strong>Ba\u015fkan Kocaman &#8220;Ramazan\u2019\u0131n bereketi, payla\u015ft\u0131k\u00e7a \u00e7o\u011fal\u0131yor &#8220;<\/strong><\/p>\n<p>Kartepe Belediye Ba\u015fkan\u0131 Av. M. Mustafa Kocaman, organizasyonu d\u00fczenleyen dernek y\u00f6netimine te\u015fekk\u00fcr ederek &#8220;Ramazan\u2019\u0131n bereketi, payla\u015ft\u0131k\u00e7a \u00e7o\u011fal\u0131yor. Bu m\u00fcbarek ay; birlik, beraberlik ve karde\u015flik duygular\u0131m\u0131z\u0131 g\u00fc\u00e7lendiren en \u00f6zel zamanlardan biridir. Ayn\u0131 sofrada bulu\u015fmak, ayn\u0131 duaya \u2018amin\u2019 demek bizleri birbirimize daha da kenetliyor\u201d dedi.<\/p>\n<p><strong>Mahalle Sakinlerinden Yo\u011fun \u0130lgi<\/strong><\/p>\n<p>Kartepe Belediye Ba\u015fkan\u0131 Av. M. Mustafa Kocaman, Uzunbey ve Kirazo\u011flu mahallelerinde d\u00fczenlenen iftar programlar\u0131n\u0131 da ziyaret etti. Program alan\u0131nda vatanda\u015flarla bir araya gelen Ba\u015fkan Kocaman, mahalle sakinleriyle selamla\u015farak Ramazan\u2019\u0131n huzur ve bereketini payla\u015ft\u0131.<\/p>\n<p>\u00a0<\/p>\n<p>\u00a0<\/p>\n<p>Kaynak: (BYZHA) Beyaz Haber Ajans\u0131<\/p>\n","protected":false},"excerpt":{"rendered":"<p>Kartepe Belediye Ba\u015fkan\u0131 Av. M. Mustafa Kocaman, Ramazan ay\u0131n\u0131n manevi iklimini payla\u015fmaya devam ediyor.<\/p>\n","protected":false},"author":1,"featured_media":59442,"comment_status":"open","ping_status":"open","sticky":false,"template":"","format":"standard","meta":{"footnotes":""},"categories":[4],"tags":[516,4547,2714],"class_list":["post-59441","post","type-post","status-publish","format-standard","has-post-thumbnail","hentry","category-gundem","tag-baskan","tag-kocaman","tag-ramazan"],"_links":{"self":[{"href":"https:\/\/bihavadis.com\/index.php\/wp-json\/wp\/v2\/posts\/59441","targetHints":{"allow":["GET"]}}],"collection":[{"href":"https:\/\/bihavadis.com\/index.php\/wp-json\/wp\/v2\/posts"}],"about":[{"href":"https:\/\/bihavadis.com\/index.php\/wp-json\/wp\/v2\/types\/post"}],"author":[{"embeddable":true,"href":"https:\/\/bihavadis.com\/index.php\/wp-json\/wp\/v2\/users\/1"}],"replies":[{"embeddable":true,"href":"https:\/\/bihavadis.com\/index.php\/wp-json\/wp\/v2\/comments?post=59441"}],"version-history":[{"count":1,"href":"https:\/\/bihavadis.com\/index.php\/wp-json\/wp\/v2\/posts\/59441\/revisions"}],"predecessor-version":[{"id":59443,"href":"https:\/\/bihavadis.com\/index.php\/wp-json\/wp\/v2\/posts\/59441\/revisions\/59443"}],"wp:featuredmedia":[{"embeddable":true,"href":"https:\/\/bihavadis.com\/index.php\/wp-json\/wp\/v2\/media\/59442"}],"wp:attachment":[{"href":"https:\/\/bihavadis.com\/index.php\/wp-json\/wp\/v2\/media?parent=59441"}],"wp:term":[{"taxonomy":"category","embeddable":true,"href":"https:\/\/bihavadis.com\/index.php\/wp-json\/wp\/v2\/categories?post=59441"},{"taxonomy":"post_tag","embeddable":true,"href":"https:\/\/bihavadis.com\/index.php\/wp-json\/wp\/v2\/tags?post=59441"}],"curies":[{"name":"wp","href":"https:\/\/api.w.org\/{rel}","templated":true}]}}