{"id":59479,"date":"2026-03-04T07:33:07","date_gmt":"2026-03-04T07:33:07","guid":{"rendered":"https:\/\/bihavadis.com\/?p=59479"},"modified":"2026-03-04T07:33:07","modified_gmt":"2026-03-04T07:33:07","slug":"manisa-buyuksehir-belediyesinin-iftar-sofrasi-somada-kuruldu","status":"publish","type":"post","link":"https:\/\/bihavadis.com\/index.php\/2026\/03\/04\/manisa-buyuksehir-belediyesinin-iftar-sofrasi-somada-kuruldu\/","title":{"rendered":"Manisa B\u00fcy\u00fck\u015fehir Belediyesinin \u0130ftar Sofras\u0131 Soma&#8217;da Kuruldu"},"content":{"rendered":"<p>Manisa B\u00fcy\u00fck\u015fehir Belediyesi, Ramazan ay\u0131n\u0131n ruhuna uygun olarak d\u00fczenledi\u011fi birlik, beraberlik ve dayan\u0131\u015fma sofralar\u0131n\u0131 Soma il\u00e7esine ta\u015f\u0131d\u0131. Soma Pazaryeri\u2019nde ger\u00e7ekle\u015ftirilen iftar program\u0131nda y\u00fczlerce vatanda\u015f ayn\u0131 sofrada bulu\u015farak Ramazan\u2019\u0131n manevi atmosferini payla\u015ft\u0131.<\/p>\n<p>Manisa B\u00fcy\u00fck\u015fehir Belediyesinin Soma\u2019da d\u00fczenledi\u011fi iftar program\u0131na Soma Belediye Ba\u015fkan\u0131 Sercan Okur, Turgutlu Belediye Ba\u015fkan\u0131 \u00c7etin Ak\u0131n, Manisa B\u00fcy\u00fck\u015fehir Belediyesi Genel Sekreteri Burak Deste, MASK\u0130 Genel M\u00fcd\u00fcr\u00fc Ali K\u0131l\u0131\u00e7, CHP Soma \u0130l\u00e7e Ba\u015fkan\u0131 Levent Elbinsoy, daire amirleri, siyasi parti ve kamu kurumu temsilcileri ile \u00e7ok say\u0131da vatanda\u015f kat\u0131ld\u0131.<\/p>\n<p><b>\u201cSoma Hak Etti\u011fi Noktaya Gelecek\u201d<\/b><\/p>\n<p>\u0130ftar program\u0131nda konu\u015fan Soma Belediye Ba\u015fkan\u0131 Sercan Okur, Ramazan ay\u0131na ula\u015fman\u0131n huzurunu ya\u015fad\u0131klar\u0131n\u0131 belirterek \u015funlar\u0131 s\u00f6yledi: \u201cSoma olarak zorlu bir s\u00fcre\u00e7ten ge\u00e7iyoruz ancak asla umutsuz de\u011filiz. Karanl\u0131\u011f\u0131n en koyu oldu\u011fu an, g\u00fcne\u015fin do\u011fmas\u0131na en yak\u0131n zamand\u0131r. \u0130nan\u0131yorum ki bu m\u00fcbarek g\u00fcnlerde etti\u011fimiz dualar kabul olacak. Soma\u2019m\u0131z hak etti\u011fi noktaya gelecek; termik santralimiz kapanmayacak, maden i\u015f\u00e7ilerimiz haklar\u0131n\u0131 alacak ve il\u00e7emizin sorunlar\u0131 bir bir \u00e7\u00f6z\u00fcme kavu\u015facakt\u0131r. Bu g\u00fczel organizasyon ve her zaman yan\u0131m\u0131zda oldu\u011fu i\u00e7in Manisa B\u00fcy\u00fck\u015fehir Belediye Ba\u015fkan\u0131m\u0131z Besim Dutlulu\u2019ya te\u015fekk\u00fcrlerimi sunuyorum.\u201d<\/p>\n<p><b>Ba\u015fkan Dutlulu\u2019nun Selamlar\u0131n\u0131 \u0130letti<\/b><\/p>\n<p>Ankara\u2019daki temaslar\u0131 nedeniyle programa kat\u0131lamayan Manisa B\u00fcy\u00fck\u015fehir Belediye Ba\u015fkan\u0131 Besim Dutlulu\u2019nun selamlar\u0131n\u0131 ileten Manisa B\u00fcy\u00fck\u015fehir Belediyesi Genel Sekreteri Burak Deste ise dayan\u0131\u015fma vurgusu yapt\u0131. Deste, \u201cRamazan ay\u0131; payla\u015fman\u0131n, g\u00f6n\u00fcllerin birle\u015fti\u011fi ve kom\u015fuyu hat\u0131rlaman\u0131n en g\u00fczel zaman\u0131d\u0131r. Bir Ramazan\u2019a daha birlikte kavu\u015fman\u0131n huzurunu ya\u015f\u0131yoruz. Allah tuttu\u011fumuz oru\u00e7lar\u0131 kabul etsin; sofralar\u0131m\u0131zdan bereketi, hanelerimizden huzuru eksik etmesin. Hay\u0131rl\u0131 Ramazanlar diliyorum\u201d dedi.<\/p>\n<p>Okunan dualar\u0131n ard\u0131ndan y\u00fczlerce Somal\u0131 vatanda\u015f, ezan\u0131n okunmas\u0131yla birlikte oru\u00e7lar\u0131n\u0131 a\u00e7arak ayn\u0131 sofrada payla\u015fman\u0131n huzurunu ya\u015fad\u0131.<\/p>\n<p>\u00a0<\/p>\n<p>Kaynak: (BYZHA) Beyaz Haber Ajans\u0131<\/p>\n","protected":false},"excerpt":{"rendered":"<p>Manisa B\u00fcy\u00fck\u015fehir Belediyesi, Ramazan ay\u0131n\u0131n ruhuna uygun olarak d\u00fczenledi\u011fi birlik, beraberlik ve dayan\u0131\u015fma sofralar\u0131n\u0131 Soma il\u00e7esine ta\u015f\u0131d\u0131.<\/p>\n","protected":false},"author":1,"featured_media":59480,"comment_status":"open","ping_status":"open","sticky":false,"template":"","format":"standard","meta":{"footnotes":""},"categories":[4],"tags":[986,5216,2714,7105],"class_list":["post-59479","post","type-post","status-publish","format-standard","has-post-thumbnail","hentry","category-gundem","tag-baskani","tag-manisa-buyuksehir-belediye","tag-ramazan","tag-soma"],"_links":{"self":[{"href":"https:\/\/bihavadis.com\/index.php\/wp-json\/wp\/v2\/posts\/59479","targetHints":{"allow":["GET"]}}],"collection":[{"href":"https:\/\/bihavadis.com\/index.php\/wp-json\/wp\/v2\/posts"}],"about":[{"href":"https:\/\/bihavadis.com\/index.php\/wp-json\/wp\/v2\/types\/post"}],"author":[{"embeddable":true,"href":"https:\/\/bihavadis.com\/index.php\/wp-json\/wp\/v2\/users\/1"}],"replies":[{"embeddable":true,"href":"https:\/\/bihavadis.com\/index.php\/wp-json\/wp\/v2\/comments?post=59479"}],"version-history":[{"count":1,"href":"https:\/\/bihavadis.com\/index.php\/wp-json\/wp\/v2\/posts\/59479\/revisions"}],"predecessor-version":[{"id":59481,"href":"https:\/\/bihavadis.com\/index.php\/wp-json\/wp\/v2\/posts\/59479\/revisions\/59481"}],"wp:featuredmedia":[{"embeddable":true,"href":"https:\/\/bihavadis.com\/index.php\/wp-json\/wp\/v2\/media\/59480"}],"wp:attachment":[{"href":"https:\/\/bihavadis.com\/index.php\/wp-json\/wp\/v2\/media?parent=59479"}],"wp:term":[{"taxonomy":"category","embeddable":true,"href":"https:\/\/bihavadis.com\/index.php\/wp-json\/wp\/v2\/categories?post=59479"},{"taxonomy":"post_tag","embeddable":true,"href":"https:\/\/bihavadis.com\/index.php\/wp-json\/wp\/v2\/tags?post=59479"}],"curies":[{"name":"wp","href":"https:\/\/api.w.org\/{rel}","templated":true}]}}