{"id":59506,"date":"2026-03-04T07:54:08","date_gmt":"2026-03-04T07:54:08","guid":{"rendered":"https:\/\/bihavadis.com\/?p=59506"},"modified":"2026-03-04T07:54:08","modified_gmt":"2026-03-04T07:54:08","slug":"pakistan-afganistana-saldirdi-25-kisi-oldu","status":"publish","type":"post","link":"https:\/\/bihavadis.com\/index.php\/2026\/03\/04\/pakistan-afganistana-saldirdi-25-kisi-oldu\/","title":{"rendered":"Pakistan, Afganistan&#8217;a sald\u0131rd\u0131: 25 ki\u015fi \u00f6ld\u00fc"},"content":{"rendered":"<p>Afganistan Savunma Bakanl\u0131\u011f\u0131&#8217;ndan yap\u0131lan a\u00e7\u0131klamada, Pakistan&#8217;\u0131n \u00fclkenin hava sahas\u0131n\u0131 ihlal ederek sivil b\u00f6lgelere sald\u0131r\u0131lar d\u00fczenledi\u011fi belirtildi.<\/p>\n<p>Pakistan\u2019\u0131n d\u00fcn ak\u015fam saatlerinde Afganistan\u2019a d\u00fczenledi\u011fi hava sald\u0131r\u0131s\u0131n\u0131n bilan\u00e7osu a\u00e7\u0131kland\u0131.<\/p>\n<p><strong>25 K\u0130\u015e\u0130 HAYATINI KAYBETT\u0130<\/strong><\/p>\n<p>Afganistan\u00a0Savunma Bakanl\u0131\u011f\u0131, sald\u0131r\u0131lar\u0131n hedefindeki do\u011fu vilayetleri Paktika ve Nangarhar\u2019da \u00e7o\u011fu sivil olmak \u00fczere 25 ki\u015finin hayat\u0131n\u0131 kaybetti\u011fini s\u00f6yledi.<\/p>\n<p><img decoding=\"async\" src=\"https:\/\/bihavadis.com\/wp-content\/uploads\/2026\/03\/pakistan-afganistana-saldirdi-25-kisi-oldu-0-6ES2FhJf.jpg\"\/><\/p>\n<p><strong>&#8220;\u00c7E\u015e\u0130TL\u0130 S\u0130V\u0130L YERLE\u015e\u0130M B\u00d6LGELER\u0130NE VE B\u0130R OKULA HAVA SALDIRALARI D\u00dcZENLEND\u0130&#8221;<\/strong><\/p>\n<p>Afganistan Savunma Bakanl\u0131\u011f\u0131\u2019ndan yap\u0131lan a\u00e7\u0131klamada, <em><b>&#8220;\u00d6nceki sald\u0131rganl\u0131klar\u0131n\u0131 s\u00fcrd\u00fcren Pakistan ordusu, Nangarhar ve Paktika&#8217;n\u0131n do\u011fu illerindeki \u00e7e\u015fitli sivil yerle\u015fim b\u00f6lgelerine ve bir okula hava sald\u0131r\u0131lar\u0131 d\u00fczenledi.<\/b><\/em><\/p>\n<p><em><b>Aralar\u0131nda kad\u0131n ve \u00e7ocuklar\u0131n da bulundu\u011fu onlarca masumun \u00f6lmesine ve yaralanmas\u0131na neden oldu.<\/b><\/em><\/p>\n<p><img decoding=\"async\" src=\"https:\/\/bihavadis.com\/wp-content\/uploads\/2026\/03\/pakistan-afganistana-saldirdi-25-kisi-oldu-1-BZ3TgH9k.jpg\"\/><\/p>\n<p><strong>&#8220;BAKANLIK, BU EYLEM\u0130N \u0130SLAM\u0130 DE\u011eERLERE AYKIRI OLDU\u011eUNU B\u0130LMEKTED\u0130R&#8221;<\/strong><\/p>\n<p><em>Bakanl\u0131k, bu eylemi \u015fiddetle k\u0131namaktad\u0131r. Bu eylemin uluslararas\u0131 hukuka, iyi kom\u015fuluk ilkelerine ve \u0130slami de\u011ferlere ayk\u0131r\u0131 oldu\u011funu bilmektedir. <\/em><\/p>\n<p><em>\u00dc<\/em><em>lkenin egemenli\u011fini savunmay\u0131 ve halk\u0131n\u0131 korumay\u0131 dini ve ulusal sorumlulu\u011fu olarak g\u00f6rmektedir uygun zamanda hesaplanm\u0131\u015f bir kar\u015f\u0131l\u0131k a\u00e7\u0131klayacakt\u0131r. <\/em><\/p>\n<p><em><b>Pakistan ordusunun sivillere hava sald\u0131r\u0131lar\u0131, Pakistan istihbarat\u0131n\u0131n ba\u015far\u0131s\u0131zl\u0131\u011f\u0131n\u0131 g\u00f6steriyor ve bu sald\u0131r\u0131lar, i\u00e7 ba\u015far\u0131s\u0131zl\u0131klar\u0131n\u0131 gizleyemeyecek&#8221;<\/b><\/em> denildi.<\/p>\n<p><img decoding=\"async\" src=\"https:\/\/bihavadis.com\/wp-content\/uploads\/2026\/03\/pakistan-afganistana-saldirdi-25-kisi-oldu-2-cf2UPQlG.jpg\"\/> <\/p>\n<div> <span><strong>Kaynak:<\/strong> \u0130hlas Haber Ajans\u0131 (\u0130HA)<\/span> <\/div>\n","protected":false},"excerpt":{"rendered":"<p>Afganistan Savunma Bakanl\u0131\u011f\u0131&#8217;ndan yap\u0131lan a\u00e7\u0131klamada, Pakistan&#8217;\u0131n \u00fclkenin hava sahas\u0131n\u0131 ihlal ederek sivil b\u00f6lgelere sald\u0131r\u0131lar d\u00fczenledi\u011fi belirtildi. Pakistan\u2019\u0131n d\u00fcn ak\u015fam saatlerinde Afganistan\u2019a d\u00fczenledi\u011fi hava sald\u0131r\u0131s\u0131n\u0131n bilan\u00e7osu a\u00e7\u0131kland\u0131 &#8230;<\/p>\n","protected":false},"author":1,"featured_media":59507,"comment_status":"open","ping_status":"open","sticky":false,"template":"","format":"standard","meta":{"footnotes":""},"categories":[6],"tags":[459,2605,3088,3978],"class_list":["post-59506","post","type-post","status-publish","format-standard","has-post-thumbnail","hentry","category-dunya","tag-hava","tag-pakistan","tag-saldirilar","tag-sivil"],"_links":{"self":[{"href":"https:\/\/bihavadis.com\/index.php\/wp-json\/wp\/v2\/posts\/59506","targetHints":{"allow":["GET"]}}],"collection":[{"href":"https:\/\/bihavadis.com\/index.php\/wp-json\/wp\/v2\/posts"}],"about":[{"href":"https:\/\/bihavadis.com\/index.php\/wp-json\/wp\/v2\/types\/post"}],"author":[{"embeddable":true,"href":"https:\/\/bihavadis.com\/index.php\/wp-json\/wp\/v2\/users\/1"}],"replies":[{"embeddable":true,"href":"https:\/\/bihavadis.com\/index.php\/wp-json\/wp\/v2\/comments?post=59506"}],"version-history":[{"count":1,"href":"https:\/\/bihavadis.com\/index.php\/wp-json\/wp\/v2\/posts\/59506\/revisions"}],"predecessor-version":[{"id":59511,"href":"https:\/\/bihavadis.com\/index.php\/wp-json\/wp\/v2\/posts\/59506\/revisions\/59511"}],"wp:featuredmedia":[{"embeddable":true,"href":"https:\/\/bihavadis.com\/index.php\/wp-json\/wp\/v2\/media\/59507"}],"wp:attachment":[{"href":"https:\/\/bihavadis.com\/index.php\/wp-json\/wp\/v2\/media?parent=59506"}],"wp:term":[{"taxonomy":"category","embeddable":true,"href":"https:\/\/bihavadis.com\/index.php\/wp-json\/wp\/v2\/categories?post=59506"},{"taxonomy":"post_tag","embeddable":true,"href":"https:\/\/bihavadis.com\/index.php\/wp-json\/wp\/v2\/tags?post=59506"}],"curies":[{"name":"wp","href":"https:\/\/api.w.org\/{rel}","templated":true}]}}