{"id":59552,"date":"2026-03-04T08:30:08","date_gmt":"2026-03-04T08:30:08","guid":{"rendered":"https:\/\/bihavadis.com\/?p=59552"},"modified":"2026-03-04T08:30:08","modified_gmt":"2026-03-04T08:30:08","slug":"samsunda-cocuklar-arasinda-bicakli-kavga-3-yarali","status":"publish","type":"post","link":"https:\/\/bihavadis.com\/index.php\/2026\/03\/04\/samsunda-cocuklar-arasinda-bicakli-kavga-3-yarali\/","title":{"rendered":"Samsun&#8217;da \u00e7ocuklar aras\u0131nda b\u0131\u00e7akl\u0131 kavga: 3 yaral\u0131"},"content":{"rendered":"<p>Samsun&#8217;un \u0130lkad\u0131m il\u00e7esinde, iki grup aras\u0131nda \u00e7\u0131kan kavgada 16 ya\u015f\u0131ndaki E.K.A., 17 ya\u015f\u0131ndaki M.A.A. ve 19 ya\u015f\u0131ndaki Y.A. b\u0131\u00e7aklanarak yaraland\u0131lar.<\/p>\n<p>Yaral\u0131lar ambulansla Samsun \u015eehir Hastanesi Acil Servisi ile Gazi Devlet Hastanesi&#8217;ne kald\u0131r\u0131larak tedavi alt\u0131na al\u0131nd\u0131, b\u0131\u00e7akl\u0131 sald\u0131rganlar ka\u00e7t\u0131.<\/p>\n<p><strong>\u015e\u00dcPHEL\u0130LER \u00c7OCUK \u015eUBE M\u00dcD\u00dcRL\u00dc\u011e\u00dc&#8217;NE TESL\u0130M ED\u0130LD\u0130<\/strong><\/p>\n<p>Polis ekipleri olayla ilgili inceleme ba\u015flatt\u0131.<\/p>\n<p>Samsun Emniyet M\u00fcd\u00fcrl\u00fc\u011f\u00fc Asayi\u015f \u015eube M\u00fcd\u00fcrl\u00fc\u011f\u00fc Cinayet B\u00fcro Amirli\u011fi ekipleri olayla ilgili 16 ya\u015f\u0131ndaki C.\u00d6. ve 17 ya\u015f\u0131ndaki Y.A.\u2018y\u0131 yakalayarak \u00c7ocuk \u015eube M\u00fcd\u00fcrl\u00fc\u011f\u00fc ekiplerine teslim etti.<\/p>\n<p><strong>2 \u015e\u00dcPHEL\u0130 ADL\u0130YEYE SEVK ED\u0130LD\u0130<\/strong><\/p>\n<p>Olaydan 2 saat \u00f6nce taraflar aras\u0131nda Derebah\u00e7e Mahallesi\u2019nde k\u00fcf\u00fcrle\u015fme ya\u015fand\u0131\u011f\u0131, bu olay\u0131 konu\u015fmak i\u00e7in bir araya gelince b\u0131\u00e7akl\u0131 kavgan\u0131n \u00e7\u0131kt\u0131\u011f\u0131 \u00f6\u011frenildi.<\/p>\n<p>G\u00f6zalt\u0131na al\u0131nan 2 \u00e7ocuk polisteki i\u015flemlerinin tamamlanmas\u0131n\u0131n ard\u0131ndan bug\u00fcn Samsun Adliyesine sevk edildi.<\/p>\n<p><img decoding=\"async\" src=\"https:\/\/bihavadis.com\/wp-content\/uploads\/2026\/03\/samsunda-cocuklar-arasinda-bicakli-kavga-3-yarali-0-D5iROi9M.jpg\"\/> <\/p>\n<div> <span><strong>Kaynak:<\/strong> \u0130hlas Haber Ajans\u0131 (\u0130HA)<\/span> <\/div>\n","protected":false},"excerpt":{"rendered":"<p>Samsun&#8217;un \u0130lkad\u0131m il\u00e7esinde, iki grup aras\u0131nda \u00e7\u0131kan kavgada 16 ya\u015f\u0131ndaki E.K.A., 17 ya\u015f\u0131ndaki M.A.A. ve 19 ya\u015f\u0131ndaki Y.A. b\u0131\u00e7aklanarak yaraland\u0131lar. Yaral\u0131lar ambulansla Samsun \u015eehir Hastanesi Acil Servisi ile Gazi Devlet Hastanesi&#8217;ne kald\u0131r\u0131larak &#8230;<\/p>\n","protected":false},"author":1,"featured_media":59553,"comment_status":"open","ping_status":"open","sticky":false,"template":"","format":"standard","meta":{"footnotes":""},"categories":[4,13],"tags":[],"class_list":["post-59552","post","type-post","status-publish","format-standard","has-post-thumbnail","hentry","category-gundem","category-son-dakika"],"_links":{"self":[{"href":"https:\/\/bihavadis.com\/index.php\/wp-json\/wp\/v2\/posts\/59552","targetHints":{"allow":["GET"]}}],"collection":[{"href":"https:\/\/bihavadis.com\/index.php\/wp-json\/wp\/v2\/posts"}],"about":[{"href":"https:\/\/bihavadis.com\/index.php\/wp-json\/wp\/v2\/types\/post"}],"author":[{"embeddable":true,"href":"https:\/\/bihavadis.com\/index.php\/wp-json\/wp\/v2\/users\/1"}],"replies":[{"embeddable":true,"href":"https:\/\/bihavadis.com\/index.php\/wp-json\/wp\/v2\/comments?post=59552"}],"version-history":[{"count":1,"href":"https:\/\/bihavadis.com\/index.php\/wp-json\/wp\/v2\/posts\/59552\/revisions"}],"predecessor-version":[{"id":59555,"href":"https:\/\/bihavadis.com\/index.php\/wp-json\/wp\/v2\/posts\/59552\/revisions\/59555"}],"wp:featuredmedia":[{"embeddable":true,"href":"https:\/\/bihavadis.com\/index.php\/wp-json\/wp\/v2\/media\/59553"}],"wp:attachment":[{"href":"https:\/\/bihavadis.com\/index.php\/wp-json\/wp\/v2\/media?parent=59552"}],"wp:term":[{"taxonomy":"category","embeddable":true,"href":"https:\/\/bihavadis.com\/index.php\/wp-json\/wp\/v2\/categories?post=59552"},{"taxonomy":"post_tag","embeddable":true,"href":"https:\/\/bihavadis.com\/index.php\/wp-json\/wp\/v2\/tags?post=59552"}],"curies":[{"name":"wp","href":"https:\/\/api.w.org\/{rel}","templated":true}]}}