{"id":59598,"date":"2026-03-04T09:06:08","date_gmt":"2026-03-04T09:06:08","guid":{"rendered":"https:\/\/bihavadis.com\/?p=59598"},"modified":"2026-03-04T09:06:08","modified_gmt":"2026-03-04T09:06:08","slug":"baskan-yetiskin-siddetin-normallesmesine-asla-izin-vermeyecegiz-yasami-ve-insan-onurunu-savunmak-hepimizin-sorumlulugu","status":"publish","type":"post","link":"https:\/\/bihavadis.com\/index.php\/2026\/03\/04\/baskan-yetiskin-siddetin-normallesmesine-asla-izin-vermeyecegiz-yasami-ve-insan-onurunu-savunmak-hepimizin-sorumlulugu\/","title":{"rendered":"Ba\u015fkan Yeti\u015fkin: &#8220;\u015eiddetin normalle\u015fmesine asla izin vermeyece\u011fiz, ya\u015fam\u0131 ve insan onurunu savunmak hepimizin sorumlulu\u011fu&#8221;"},"content":{"rendered":"<p>Seferihisar Belediyesi\u2019nin Mart ay\u0131 ola\u011fan meclis toplant\u0131s\u0131, Belediye Ba\u015fkan\u0131 \u0130smail Yeti\u015fkin ba\u015fkanl\u0131\u011f\u0131nda belediye meclis salonunda ger\u00e7ekle\u015ftirildi.\u00a0<\/p>\n<p>Toplant\u0131n\u0131n a\u00e7\u0131l\u0131\u015f\u0131nda, \u0130stanbul\u2019un \u00c7ekmek\u00f6y il\u00e7esinde hayat\u0131n\u0131 kaybeden \u00f6\u011fretmen Fatma Nur \u00c7elik i\u00e7in anma ger\u00e7ekle\u015ftirildi.<\/p>\n<p><strong>Meclis toplant\u0131s\u0131na duygusal anlar damga vurdu<\/strong><\/p>\n<p>Konu\u015fmas\u0131na ya\u015fanan ac\u0131 olay\u0131n toplumda derin bir \u00fcz\u00fcnt\u00fc yaratt\u0131\u011f\u0131n\u0131 belirterek ba\u015flayan Ba\u015fkan Yeti\u015fkin, gen\u00e7 bir e\u011fitimcinin hayat\u0131n\u0131 kaybetmesinin yaln\u0131zca ailesini ve \u00f6\u011frencilerini de\u011fil, t\u00fcm toplumu\u00a0<br \/>derinden etkiledi\u011fini ifade etti.\u00a0<\/p>\n<p>\u015eiddetin giderek s\u0131radanla\u015fmas\u0131na kar\u015f\u0131 toplumun ortak bir duru\u015f sergilemesi gerekti\u011fini vurgulayan Yeti\u015fkin, belediyeler ba\u015fta olmak \u00fczere t\u00fcm kurumlar\u0131n sorumluluk ta\u015f\u0131d\u0131\u011f\u0131na dikkat \u00e7ekti.<\/p>\n<p>Ba\u015fkan Yeti\u015fkin konu\u015fmas\u0131nda \u015fu ifadelere yer verdi:<br \/>\u201cNe yaz\u0131k ki \u00fclkemizde \u015fiddet olaylar\u0131 hepimizin y\u00fcre\u011fini yakmaya devam ediyor. \u015eiddetin normalle\u015fmesine kesinlikle izin vermeyece\u011fiz. Gen\u00e7lerimizi korumak, ya\u015fam hakk\u0131n\u0131 ve insan onurunu savunmak hepimizin sorumlulu\u011fudur.\u201d<\/p>\n<p>Yeti\u015fkin, hayat\u0131n\u0131 kaybeden \u00f6\u011fretmen Fatma Nur \u00c7elik\u2019e Allah\u2019tan rahmet dileyerek ailesine, \u00f6\u011frencilerine ve e\u011fitim camias\u0131na sab\u0131r temennisinde bulundu ve benzer ac\u0131lar\u0131n bir daha ya\u015fanmamas\u0131 temennisinde bulundu.\u00a0<\/p>\n<p>8 Mart mesaj\u0131: \u201cE\u015fitlik g\u00fc\u00e7l\u00fc bir toplum demektir\u201d<\/p>\n<p>Anma konu\u015fmas\u0131n\u0131n ard\u0131ndan yakla\u015fan 8 Mart D\u00fcnya Emek\u00e7i Kad\u0131nlar G\u00fcn\u00fc kapsam\u0131nda de\u011ferlendirmelerde bulunan Ba\u015fkan Yeti\u015fkin, kad\u0131n haklar\u0131 ve toplumsal cinsiyet e\u015fitli\u011finin demokrasiyle do\u011frudan ba\u011flant\u0131l\u0131 oldu\u011funu s\u00f6yledi.<\/p>\n<p>T\u00fcrkiye\u2019nin kad\u0131n haklar\u0131 konusunda olmas\u0131 gereken noktada olmad\u0131\u011f\u0131n\u0131 ifade eden Yeti\u015fkin, \u201cDemokrasi zay\u0131flad\u0131\u011f\u0131nda e\u015fitlik de zay\u0131flar. Bu mesele yaln\u0131zca kad\u0131nlar\u0131n de\u011fil, hepimizin meselesidir\u201d dedi.<\/p>\n<p>Seferihisar Belediyesi olarak t\u00fcm \u00e7al\u0131\u015fmalar\u0131n\u0131 toplumsal cinsiyet e\u015fitli\u011fi perspektifiyle s\u00fcrd\u00fcrd\u00fcklerini belirten Yeti\u015fkin, \u00f6zellikle kad\u0131nlar\u0131n ve gen\u00e7lerin yerel y\u00f6netimlerde ve karar alma mekanizmalar\u0131nda daha g\u00fc\u00e7l\u00fc temsil edilmesi i\u00e7in \u00e7al\u0131\u015fmalar\u0131n devam edece\u011fini vurgulad\u0131.<\/p>\n<p>Vatanda\u015flara dayan\u0131\u015fma \u00e7a\u011fr\u0131s\u0131<\/p>\n<p>Belediye taraf\u0131ndan 8 Mart D\u00fcnya Emek\u00e7i Kad\u0131nlar G\u00fcn\u00fc kapsam\u0131nda d\u00fczenlenecek etkinliklerin sosyal medya hesaplar\u0131 \u00fczerinden payla\u015f\u0131ld\u0131\u011f\u0131n\u0131 hat\u0131rlatan Ba\u015fkan Yeti\u015fkin, t\u00fcm vatanda\u015flar\u0131 etkinlikleri takip etmeye ve dayan\u0131\u015fmaya ortak olmaya davet etti.<\/p>\n<p>Seferihisar Belediyesi Mart ay\u0131 meclis toplant\u0131s\u0131, toplumsal \u015fiddete kar\u015f\u0131 ortak m\u00fccadele \u00e7a\u011fr\u0131s\u0131, kad\u0131n haklar\u0131 vurgusu ve e\u015fitlik mesajlar\u0131n\u0131n \u00f6ne \u00e7\u0131kt\u0131\u011f\u0131 anlaml\u0131 bir oturum olarak tamamland\u0131.\u00a0<\/p>\n<p>Belediye meclisinde verilen mesajlar, ya\u015fam hakk\u0131, e\u015fitlik ve toplumsal dayan\u0131\u015fman\u0131n \u00f6nemini bir kez daha g\u00f6zler \u00f6n\u00fcne serdi.<\/p>\n<p>\u00a0<\/p>\n<p>\u00a0<\/p>\n<p>Kaynak: (BYZHA) Beyaz Haber Ajans\u0131<\/p>\n","protected":false},"excerpt":{"rendered":"<p>Seferihisar Belediyesi\u2019nin Mart ay\u0131 ola\u011fan meclis toplant\u0131s\u0131, Belediye Ba\u015fkan\u0131 \u0130smail Yeti\u015fkin ba\u015fkanl\u0131\u011f\u0131nda belediye meclis salonunda ger\u00e7ekle\u015ftirildi.\u00a0<\/p>\n","protected":false},"author":1,"featured_media":59599,"comment_status":"open","ping_status":"open","sticky":false,"template":"","format":"standard","meta":{"footnotes":""},"categories":[4],"tags":[516,372,380,1030,1667],"class_list":["post-59598","post","type-post","status-publish","format-standard","has-post-thumbnail","hentry","category-gundem","tag-baskan","tag-belediye","tag-kadin","tag-toplum","tag-yetiskin"],"_links":{"self":[{"href":"https:\/\/bihavadis.com\/index.php\/wp-json\/wp\/v2\/posts\/59598","targetHints":{"allow":["GET"]}}],"collection":[{"href":"https:\/\/bihavadis.com\/index.php\/wp-json\/wp\/v2\/posts"}],"about":[{"href":"https:\/\/bihavadis.com\/index.php\/wp-json\/wp\/v2\/types\/post"}],"author":[{"embeddable":true,"href":"https:\/\/bihavadis.com\/index.php\/wp-json\/wp\/v2\/users\/1"}],"replies":[{"embeddable":true,"href":"https:\/\/bihavadis.com\/index.php\/wp-json\/wp\/v2\/comments?post=59598"}],"version-history":[{"count":1,"href":"https:\/\/bihavadis.com\/index.php\/wp-json\/wp\/v2\/posts\/59598\/revisions"}],"predecessor-version":[{"id":59600,"href":"https:\/\/bihavadis.com\/index.php\/wp-json\/wp\/v2\/posts\/59598\/revisions\/59600"}],"wp:featuredmedia":[{"embeddable":true,"href":"https:\/\/bihavadis.com\/index.php\/wp-json\/wp\/v2\/media\/59599"}],"wp:attachment":[{"href":"https:\/\/bihavadis.com\/index.php\/wp-json\/wp\/v2\/media?parent=59598"}],"wp:term":[{"taxonomy":"category","embeddable":true,"href":"https:\/\/bihavadis.com\/index.php\/wp-json\/wp\/v2\/categories?post=59598"},{"taxonomy":"post_tag","embeddable":true,"href":"https:\/\/bihavadis.com\/index.php\/wp-json\/wp\/v2\/tags?post=59598"}],"curies":[{"name":"wp","href":"https:\/\/api.w.org\/{rel}","templated":true}]}}