{"id":59621,"date":"2026-03-04T09:24:11","date_gmt":"2026-03-04T09:24:11","guid":{"rendered":"https:\/\/bihavadis.com\/?p=59621"},"modified":"2026-03-04T09:24:11","modified_gmt":"2026-03-04T09:24:11","slug":"ak-parti-istanbul-il-baskanliginda-cocuklar-iftar-yapti-ortaya-gulumseten-anlar-cikti","status":"publish","type":"post","link":"https:\/\/bihavadis.com\/index.php\/2026\/03\/04\/ak-parti-istanbul-il-baskanliginda-cocuklar-iftar-yapti-ortaya-gulumseten-anlar-cikti\/","title":{"rendered":"AK Parti \u0130stanbul \u0130l Ba\u015fkanl\u0131\u011f\u0131&#8217;nda \u00e7ocuklar iftar yapt\u0131, ortaya g\u00fcl\u00fcmseten anlar \u00e7\u0131kt\u0131"},"content":{"rendered":"<p>AK Parti, Ramazan ay\u0131n\u0131 co\u015fkuyla ya\u015famaya ve ya\u015fatmaya devam ediyor.<\/p>\n<p>Bu kapsamda da AK Parti \u0130stanbul \u0130l Ba\u015fkanl\u0131\u011f\u0131&#8217;nda \u00e7ok \u00f6zel bir programa imza at\u0131ld\u0131.\u00a0<\/p>\n<p>\u0130l Ba\u015fkan\u0131 Abdullah \u00d6zdemir&#8217;in de kat\u0131l\u0131m\u0131yla, \u00e7ocuklar ve annelerine iftar verildi.<\/p>\n<p><strong>KEY\u0130FL\u0130 ANLAR YA\u015eANDI<\/strong><\/p>\n<p>\u00c7ocuklara \u00f6zel haz\u0131rlanan men\u00fclerin ikram edildi\u011fi iftar program\u0131nda, Ramazan\u2019\u0131n bereketi ve ne\u015fesi ayn\u0131 sofrada payla\u015f\u0131ld\u0131.<\/p>\n<p>Program boyunca Hacivat-Karag\u00f6z g\u00f6sterisi, orta oyunu ve \u00e7e\u015fitli \u00e7ocuk etkinlikleri d\u00fczenlenirken, minikler keyifli bir Ramazan ak\u015fam\u0131 ya\u015fad\u0131.<\/p>\n<p>Etkinlik alan\u0131nda kurulan sahnede ger\u00e7ekle\u015ftirilen g\u00f6steriler ve oyunlarla \u00e7ocuklar doyas\u0131ya e\u011flenirken, aileler de Ramazan\u2019\u0131n birlik ve beraberlik atmosferini birlikte ya\u015fad\u0131.<\/p>\n<p>Program, hem \u00e7ocuklar\u0131n hem de ailelerin yo\u011fun ilgisiyle ger\u00e7ekle\u015fti.<\/p>\n<p><img decoding=\"async\" src=\"https:\/\/bihavadis.com\/wp-content\/uploads\/2026\/03\/ak-parti-istanbul-il-baskanliginda-cocuklar-iftar-yapti-ortaya-gulumseten-anlar-cikti-0-MzRLNJ7E.jpg\"\/><\/p>\n<p><strong>&#8220;\u00c7OCUK G\u00dcLERSE D\u00dcNYA G\u00dcZELLE\u015e\u0130R&#8221;<\/strong><\/p>\n<p>Programla ilgili sosyal medya hesab\u0131ndan payla\u015f\u0131mda bulunan Abdullah \u00d6zdemir, <em><b>\u201c\u00c7ocuk g\u00fclerse, d\u00fcnya g\u00fczelle\u015fir. Kad\u0131n Kollar\u0131m\u0131z\u0131n d\u00fczenledi\u011fi \u00e7ocuk iftar\u0131nda, k\u0131ymetli evlatlar\u0131m\u0131z\u0131 ve de\u011ferli annelerini \u0130l Ba\u015fkanl\u0131\u011f\u0131m\u0131zda a\u011f\u0131rlad\u0131k. <\/b><\/em><\/p>\n<p><em><b>Ramazan\u2019\u0131n bereketini ayn\u0131 sofrada payla\u015f\u0131rken, \u00e7ocuklar\u0131m\u0131z\u0131n ne\u015fesi g\u00f6n\u00fcllerimizi ayd\u0131nlatt\u0131.\u201d<\/b><\/em> ifadelerini kulland\u0131.<\/p>\n<p><img decoding=\"async\" src=\"https:\/\/bihavadis.com\/wp-content\/uploads\/2026\/03\/ak-parti-istanbul-il-baskanliginda-cocuklar-iftar-yapti-ortaya-gulumseten-anlar-cikti-1-KpNX9GVP.jpg\"\/><\/p>\n<p><strong>ENSONHABER M\u0130KROFON UZATTI, \u0130FTARIN KEY\u0130FL\u0130 ANLARI ANLATILDI<\/strong><\/p>\n<p>Programda yer alan ekibimiz, iftara gelen anne ve \u00e7ocuklara da mikrofon uzatt\u0131.<\/p>\n<p>Olduk\u00e7a keyifli zaman ge\u00e7irdi\u011fini s\u00f6yleyen bir anne mikrofonumuza, &#8220;<em><b>\u0130nce ayr\u0131nt\u0131s\u0131na kadar her \u015fey d\u00fc\u015f\u00fcn\u00fclm\u00fc\u015f. Eme\u011fi ge\u00e7en herkese \u00e7ok te\u015fekk\u00fcr ederiz. Anlat\u0131lmaz ya\u015fan\u0131r bir duygu. Zaten \u00e7ocuk iftar\u0131 \u015fu anda. Hepimiz \u00e7ok mutluyuz. Atmosfer \u00e7ok g\u00fczel&#8221;<\/b><\/em> dedi.<\/p>\n<p>Ba\u015fka bir anne ise &#8220;<em><b>Ramazan bu sene \u00e7ok bamba\u015fka. Eskiden hani hep derdik ya &#8220;nerede o eski Ramazanlar&#8221; sanki b\u00f6yle o eski Ramazanlar geri geldi. Ayn\u0131 olmasa bile o hava, o atmosfer geri geldi bu sene<\/b><\/em>&#8221; dedi.\u00a0<\/p>\n<p><img decoding=\"async\" src=\"https:\/\/bihavadis.com\/wp-content\/uploads\/2026\/03\/ak-parti-istanbul-il-baskanliginda-cocuklar-iftar-yapti-ortaya-gulumseten-anlar-cikti-2-hp9ajnBJ.jpg\"\/><\/p>\n<p><img decoding=\"async\" src=\"https:\/\/bihavadis.com\/wp-content\/uploads\/2026\/03\/ak-parti-istanbul-il-baskanliginda-cocuklar-iftar-yapti-ortaya-gulumseten-anlar-cikti-3-gSpRshQD.jpg\"\/><\/p>\n<p><img decoding=\"async\" src=\"https:\/\/bihavadis.com\/wp-content\/uploads\/2026\/03\/ak-parti-istanbul-il-baskanliginda-cocuklar-iftar-yapti-ortaya-gulumseten-anlar-cikti-4-IbPgqFOV.jpg\"\/> <\/p>\n<div> <span><strong>Kaynak:<\/strong> Ensonhaber Haber Merkezi<\/span> <\/div>\n","protected":false},"excerpt":{"rendered":"<p>AK Parti, Ramazan ay\u0131n\u0131 co\u015fkuyla ya\u015famaya ve ya\u015fatmaya devam ediyor. Bu kapsamda da AK Parti \u0130stanbul \u0130l Ba\u015fkanl\u0131\u011f\u0131&#8217;nda \u00e7ok \u00f6zel bir programa imza at\u0131ld\u0131.\u00a0 \u0130l Ba\u015fkan\u0131 Abdullah \u00d6zdemir&#8217;in de kat\u0131l\u0131m\u0131yla, \u00e7ocuklar ve annelerine iftar verildi. KEY\u0130FL\u0130 &#8230;<\/p>\n","protected":false},"author":1,"featured_media":59622,"comment_status":"open","ping_status":"open","sticky":false,"template":"","format":"standard","meta":{"footnotes":""},"categories":[9,13],"tags":[299,683,675,2127,2714],"class_list":["post-59621","post","type-post","status-publish","format-standard","has-post-thumbnail","hentry","category-genel","category-son-dakika","tag-anne","tag-cocuklar","tag-iftar","tag-program","tag-ramazan"],"_links":{"self":[{"href":"https:\/\/bihavadis.com\/index.php\/wp-json\/wp\/v2\/posts\/59621","targetHints":{"allow":["GET"]}}],"collection":[{"href":"https:\/\/bihavadis.com\/index.php\/wp-json\/wp\/v2\/posts"}],"about":[{"href":"https:\/\/bihavadis.com\/index.php\/wp-json\/wp\/v2\/types\/post"}],"author":[{"embeddable":true,"href":"https:\/\/bihavadis.com\/index.php\/wp-json\/wp\/v2\/users\/1"}],"replies":[{"embeddable":true,"href":"https:\/\/bihavadis.com\/index.php\/wp-json\/wp\/v2\/comments?post=59621"}],"version-history":[{"count":1,"href":"https:\/\/bihavadis.com\/index.php\/wp-json\/wp\/v2\/posts\/59621\/revisions"}],"predecessor-version":[{"id":59628,"href":"https:\/\/bihavadis.com\/index.php\/wp-json\/wp\/v2\/posts\/59621\/revisions\/59628"}],"wp:featuredmedia":[{"embeddable":true,"href":"https:\/\/bihavadis.com\/index.php\/wp-json\/wp\/v2\/media\/59622"}],"wp:attachment":[{"href":"https:\/\/bihavadis.com\/index.php\/wp-json\/wp\/v2\/media?parent=59621"}],"wp:term":[{"taxonomy":"category","embeddable":true,"href":"https:\/\/bihavadis.com\/index.php\/wp-json\/wp\/v2\/categories?post=59621"},{"taxonomy":"post_tag","embeddable":true,"href":"https:\/\/bihavadis.com\/index.php\/wp-json\/wp\/v2\/tags?post=59621"}],"curies":[{"name":"wp","href":"https:\/\/api.w.org\/{rel}","templated":true}]}}