{"id":59629,"date":"2026-03-04T09:27:06","date_gmt":"2026-03-04T09:27:06","guid":{"rendered":"https:\/\/bihavadis.com\/?p=59629"},"modified":"2026-03-04T09:27:06","modified_gmt":"2026-03-04T09:27:06","slug":"cumhurbaskani-erdogandan-deprem-mesaji-rahmet-i-rahmana-kavusan-kardeslerimizi-unutmayacagiz","status":"publish","type":"post","link":"https:\/\/bihavadis.com\/index.php\/2026\/03\/04\/cumhurbaskani-erdogandan-deprem-mesaji-rahmet-i-rahmana-kavusan-kardeslerimizi-unutmayacagiz\/","title":{"rendered":"Cumhurba\u015fkan\u0131 Erdo\u011fan&#8217;dan deprem mesaj\u0131: &#8216;Rahmet-i Rahman&#8217;a kavu\u015fan karde\u015flerimizi unutmayaca\u011f\u0131z&#8217;"},"content":{"rendered":"<p>\n<p>CUMHURBA\u015eKANI Recep Tayyip Erdo\u011fan, Kahramanmara\u015f merkezli 6 \u015eubat 2023&#8217;teki depremlerin 3&#8217;\u00fcnc\u00fc y\u0131l d\u00f6n\u00fcm\u00fc dolay\u0131s\u0131yla payla\u015ft\u0131\u011f\u0131 mesajda, &#8220;3 y\u0131l \u00f6nce bug\u00fcn ya\u015fad\u0131\u011f\u0131m\u0131z 2 b\u00fcy\u00fck deprem sebebiyle Rahmet-i Rahman&#8217;a kavu\u015fan karde\u015flerimizi unutmayaca\u011f\u0131z&#8221; dedi.<\/p>\n<p>Cumhurba\u015fkan\u0131 Erdo\u011fan, sanal medya hesab\u0131ndan yapt\u0131\u011f\u0131 payla\u015f\u0131mda, &#8220;3 y\u0131l \u00f6nce bug\u00fcn ya\u015fad\u0131\u011f\u0131m\u0131z 2 b\u00fcy\u00fck deprem sebebiyle Rahmet-i Rahman&#8217;a kavu\u015fan karde\u015flerimizi unutmayaca\u011f\u0131z. Onlar\u0131n hat\u0131ralar\u0131n\u0131 kalbimizde ve zihnimizde daima ya\u015fataca\u011f\u0131m\u0131za, emanetlerine sahip \u00e7\u0131kaca\u011f\u0131m\u0131za, depremde y\u0131k\u0131lan \u015fehirlerimizi tekrar aya\u011fa kald\u0131raca\u011f\u0131m\u0131za dair milletimize s\u00f6z verdik. Bug\u00fcn Allah&#8217;\u0131n izniyle bu i\u015fin alt\u0131ndan kalkt\u0131k, 3 y\u0131l gibi k\u0131sa s\u00fcrede \u015fehirlerimizi yeniden imar ve ihya ettik. S\u00f6z\u00fcm\u00fcz\u00fc tuttuk&#8221; ifadelerini kulland\u0131. <\/p>\n","protected":false},"excerpt":{"rendered":"<p>CUMHURBA\u015eKANI Recep Tayyip Erdo\u011fan, Kahramanmara\u015f merkezli 6 \u015eubat 2023&#8217;teki depremlerin 3&#8217;\u00fcnc\u00fc y\u0131l d\u00f6n\u00fcm\u00fc dolay\u0131s\u0131yla payla\u015ft\u0131\u011f\u0131 mesajda, &#8220;3 y\u0131l \u00f6nce bug\u00fcn ya\u015fad\u0131\u011f\u0131m\u0131z 2 b\u00fcy\u00fck deprem sebebiyle Rahmet-i Rahman&#8217;a kavu\u015fan karde\u015flerimizi unutmayaca\u011f\u0131z&#8221; dedi.<\/p>\n","protected":false},"author":1,"featured_media":59630,"comment_status":"open","ping_status":"open","sticky":false,"template":"","format":"standard","meta":{"footnotes":""},"categories":[12],"tags":[],"class_list":["post-59629","post","type-post","status-publish","format-standard","has-post-thumbnail","hentry","category-siyaset"],"_links":{"self":[{"href":"https:\/\/bihavadis.com\/index.php\/wp-json\/wp\/v2\/posts\/59629","targetHints":{"allow":["GET"]}}],"collection":[{"href":"https:\/\/bihavadis.com\/index.php\/wp-json\/wp\/v2\/posts"}],"about":[{"href":"https:\/\/bihavadis.com\/index.php\/wp-json\/wp\/v2\/types\/post"}],"author":[{"embeddable":true,"href":"https:\/\/bihavadis.com\/index.php\/wp-json\/wp\/v2\/users\/1"}],"replies":[{"embeddable":true,"href":"https:\/\/bihavadis.com\/index.php\/wp-json\/wp\/v2\/comments?post=59629"}],"version-history":[{"count":1,"href":"https:\/\/bihavadis.com\/index.php\/wp-json\/wp\/v2\/posts\/59629\/revisions"}],"predecessor-version":[{"id":59631,"href":"https:\/\/bihavadis.com\/index.php\/wp-json\/wp\/v2\/posts\/59629\/revisions\/59631"}],"wp:featuredmedia":[{"embeddable":true,"href":"https:\/\/bihavadis.com\/index.php\/wp-json\/wp\/v2\/media\/59630"}],"wp:attachment":[{"href":"https:\/\/bihavadis.com\/index.php\/wp-json\/wp\/v2\/media?parent=59629"}],"wp:term":[{"taxonomy":"category","embeddable":true,"href":"https:\/\/bihavadis.com\/index.php\/wp-json\/wp\/v2\/categories?post=59629"},{"taxonomy":"post_tag","embeddable":true,"href":"https:\/\/bihavadis.com\/index.php\/wp-json\/wp\/v2\/tags?post=59629"}],"curies":[{"name":"wp","href":"https:\/\/api.w.org\/{rel}","templated":true}]}}