{"id":59643,"date":"2026-03-04T09:36:08","date_gmt":"2026-03-04T09:36:08","guid":{"rendered":"https:\/\/bihavadis.com\/?p=59643"},"modified":"2026-03-04T09:36:08","modified_gmt":"2026-03-04T09:36:08","slug":"ukraynali-buyuk-mafya-patronunun-oglu-igor-komarov-balideki-tatili-sirasinda-kacirildi","status":"publish","type":"post","link":"https:\/\/bihavadis.com\/index.php\/2026\/03\/04\/ukraynali-buyuk-mafya-patronunun-oglu-igor-komarov-balideki-tatili-sirasinda-kacirildi\/","title":{"rendered":"Ukraynal\u0131 b\u00fcy\u00fck mafya patronunun o\u011flu Igor Komarov, Bali&#8217;deki tatili s\u0131ras\u0131nda ka\u00e7\u0131r\u0131ld\u0131"},"content":{"rendered":"<p>Ukrayna g\u00fcndemini sallayan olay&#8230;<\/p>\n<p>Ukrayna&#8217;da &#8216;Narik&#8217; lakab\u0131yla bilinen\u00a0mafya\u00a0lideri\u00a0Sergey Komarov&#8217;un o\u011flu Igor Komarov tatil i\u00e7in arkada\u015flar\u0131 ve sevgilisi ile birlikte\u00a0Endonezya&#8217;n\u0131n\u00a0Bali\u00a0adas\u0131na gitti.\u00a0<\/p>\n<p>Komarov, burada adeta deh\u015feti ya\u015fad\u0131.\u00a0<\/p>\n<p><strong>TAT\u0130L SIRASINDA KA\u00c7IRILDI<\/strong><\/p>\n<p>Ultra-l\u00fcks bir tesiste tatil yapan Komarov, bu s\u0131rada\u00a0bir grup taraf\u0131ndan ka\u00e7\u0131r\u0131ld\u0131.<\/p>\n<p>Komarov&#8217;un ka\u00e7\u0131r\u0131lmas\u0131n\u0131n ard\u0131ndan sosyal medyada payla\u015f\u0131lan video k\u0131sa s\u00fcrede yay\u0131ld\u0131.\u00a0<\/p>\n<p><img decoding=\"async\" src=\"https:\/\/bihavadis.com\/wp-content\/uploads\/2026\/03\/ukraynali-buyuk-mafya-patronunun-oglu-igor-komarov-balideki-tatili-sirasinda-kacirildi-0-PAIdTXn5.jpg\"\/><\/p>\n<p><strong>A\u0130LES\u0130NDEN YARDIM \u0130STED\u0130<\/strong><\/p>\n<p>Videoda, a\u011flayarak ailesinden yard\u0131m isteyen\u00a0Komarov&#8217;un <em><b>&#8220;Anneci\u011fim babac\u0131\u011f\u0131m beni kurtar\u0131n bu adamlar\u0131n \u015fakas\u0131 yok, parmaklar\u0131m\u0131 kestiler, kolumu baca\u011f\u0131m\u0131 kesecekler&#8221;<\/b><\/em> dedi\u011fi g\u00f6r\u00fcld\u00fc.\u00a0<\/p>\n<p><img decoding=\"async\" src=\"https:\/\/bihavadis.com\/wp-content\/uploads\/2026\/03\/ukraynali-buyuk-mafya-patronunun-oglu-igor-komarov-balideki-tatili-sirasinda-kacirildi-1-tsI7iA8H.jpg\"\/><\/p>\n<p><strong>10 M\u0130LYON DOLAR TALEP ETT\u0130LER<\/strong><\/p>\n<p>Ka\u00e7\u0131ran \u015fah\u0131slar kendilerinden \u00e7al\u0131nd\u0131\u011f\u0131n\u0131 iddia etti\u011fi 10 milyon dolar\u0131 geri istedi.<\/p>\n<p>Narik, lakapl\u0131 mafya babas\u0131ndan o\u011flunun ka\u00e7\u0131r\u0131lmas\u0131 ile ilgili herhangi bir a\u00e7\u0131klama yap\u0131lmad\u0131.<\/p>\n<p><img decoding=\"async\" src=\"https:\/\/bihavadis.com\/wp-content\/uploads\/2026\/03\/ukraynali-buyuk-mafya-patronunun-oglu-igor-komarov-balideki-tatili-sirasinda-kacirildi-2-gGMXfyvE.jpg\"\/><\/p>\n<p><strong>YER\u0130N\u0130 SOSYAL MEDYA \u00dcZER\u0130NDEN \u0130F\u015eA ETT\u0130<\/strong><\/p>\n<p>Ruslar\u0131 hedef alan doland\u0131r\u0131c\u0131l\u0131k \u00e7a\u011fr\u0131 merkezlerinin sahibi oldu\u011fu iddia edilen ve Ukraynal\u0131 su\u00e7 fig\u00fcr\u00fc Sergey Komarov&#8217;un o\u011flu Igor Komarov, yeri sosyal medyada if\u015fa edildikten sonra ka\u00e7\u0131r\u0131ld\u0131.<\/p>\n<p>Ukrayna&#8217;n\u0131n Rakurs haber ajans\u0131, ka\u00e7\u0131ranlar\u0131n \u00c7e\u00e7en olabilece\u011fini bildiriyor.<\/p>\n<p>Uluslararas\u0131 organize su\u00e7 \u00f6rg\u00fct\u00fc hesapla\u015fmas\u0131 olarak de\u011ferlendirilen olayla ilgili yerel makamlar\u0131n ve Ukrayna d\u0131\u015fi\u015flerinin s\u00fcreci takip etti\u011fi bildirildi.<\/p>\n<p><img decoding=\"async\" src=\"https:\/\/bihavadis.com\/wp-content\/uploads\/2026\/03\/ukraynali-buyuk-mafya-patronunun-oglu-igor-komarov-balideki-tatili-sirasinda-kacirildi-3-6WQBaNA5.jpg\"\/> <\/p>\n<div> <span><strong>Kaynak:<\/strong> Ensonhaber Haber Merkezi<\/span> <\/div>\n","protected":false},"excerpt":{"rendered":"<p>Ukrayna g\u00fcndemini sallayan olay&#8230; Ukrayna&#8217;da &#8216;Narik&#8217; lakab\u0131yla bilinen\u00a0mafya\u00a0lideri\u00a0Sergey Komarov&#8217;un o\u011flu Igor Komarov tatil i\u00e7in arkada\u015flar\u0131 ve sevgilisi ile birlikte\u00a0Endonezya&#8217;n\u0131n\u00a0Bali\u00a0adas\u0131na gitti.\u00a0 Komarov, burada adeta deh\u015feti ya\u015fad\u0131.\u00a0 TAT\u0130L &#8230;<\/p>\n","protected":false},"author":1,"featured_media":59644,"comment_status":"open","ping_status":"open","sticky":false,"template":"","format":"standard","meta":{"footnotes":""},"categories":[6],"tags":[7117,198],"class_list":["post-59643","post","type-post","status-publish","format-standard","has-post-thumbnail","hentry","category-dunya","tag-komarov","tag-ukrayna"],"_links":{"self":[{"href":"https:\/\/bihavadis.com\/index.php\/wp-json\/wp\/v2\/posts\/59643","targetHints":{"allow":["GET"]}}],"collection":[{"href":"https:\/\/bihavadis.com\/index.php\/wp-json\/wp\/v2\/posts"}],"about":[{"href":"https:\/\/bihavadis.com\/index.php\/wp-json\/wp\/v2\/types\/post"}],"author":[{"embeddable":true,"href":"https:\/\/bihavadis.com\/index.php\/wp-json\/wp\/v2\/users\/1"}],"replies":[{"embeddable":true,"href":"https:\/\/bihavadis.com\/index.php\/wp-json\/wp\/v2\/comments?post=59643"}],"version-history":[{"count":1,"href":"https:\/\/bihavadis.com\/index.php\/wp-json\/wp\/v2\/posts\/59643\/revisions"}],"predecessor-version":[{"id":59649,"href":"https:\/\/bihavadis.com\/index.php\/wp-json\/wp\/v2\/posts\/59643\/revisions\/59649"}],"wp:featuredmedia":[{"embeddable":true,"href":"https:\/\/bihavadis.com\/index.php\/wp-json\/wp\/v2\/media\/59644"}],"wp:attachment":[{"href":"https:\/\/bihavadis.com\/index.php\/wp-json\/wp\/v2\/media?parent=59643"}],"wp:term":[{"taxonomy":"category","embeddable":true,"href":"https:\/\/bihavadis.com\/index.php\/wp-json\/wp\/v2\/categories?post=59643"},{"taxonomy":"post_tag","embeddable":true,"href":"https:\/\/bihavadis.com\/index.php\/wp-json\/wp\/v2\/tags?post=59643"}],"curies":[{"name":"wp","href":"https:\/\/api.w.org\/{rel}","templated":true}]}}