{"id":59658,"date":"2026-03-04T09:45:38","date_gmt":"2026-03-04T09:45:38","guid":{"rendered":"https:\/\/bihavadis.com\/?p=59658"},"modified":"2026-03-04T09:45:38","modified_gmt":"2026-03-04T09:45:38","slug":"kusadasinda-kooperatifcilikte-yeni-donem","status":"publish","type":"post","link":"https:\/\/bihavadis.com\/index.php\/2026\/03\/04\/kusadasinda-kooperatifcilikte-yeni-donem\/","title":{"rendered":"Ku\u015fadas\u0131&#8217;nda kooperatif\u00e7ilikte yeni d\u00f6nem"},"content":{"rendered":"<p> Ku\u015fadas\u0131&#8217;nda yerel kalk\u0131nmay\u0131 g\u00fc\u00e7lendirmeye y\u00f6nelik \u00f6nemli bir ad\u0131m at\u0131ld\u0131. Ku\u015fadas\u0131 Kent Konseyi taraf\u0131ndan Ocak ay\u0131nda d\u00fczenlenen &#8220;Yerel Kalk\u0131nmada Kooperatif\u00e7ili\u011fin \u00d6nemi&#8221; panelinde ortaya konulan g\u00f6r\u00fc\u015f ve \u00f6neriler, belediye meclisi karar\u0131yla kal\u0131c\u0131 bir kurumsal yap\u0131ya d\u00f6n\u00fc\u015ft\u00fcr\u00fcld\u00fc.<\/p>\n<p>Ku\u015fadas\u0131 Belediyesi \u015eubat Ay\u0131 Meclis Toplant\u0131s\u0131&#8217;nda al\u0131nan kararla &#8220;Kooperatif Dan\u0131\u015fmanl\u0131k ve Destek Birimi&#8221; resmen kuruldu. Yeni birimle birlikte kent genelindeki kooperatiflerin \u00fcretimden pazarlamaya kadar t\u00fcm s\u00fcre\u00e7lerde desteklenmesi hedefleniyor. Birim, kooperatiflerin ekonomik s\u00fcrd\u00fcr\u00fclebilirli\u011fini art\u0131rmay\u0131 ve yerel \u00fcreticiyi daha g\u00fc\u00e7l\u00fc bir yap\u0131ya kavu\u015fturmay\u0131 ama\u00e7l\u0131yor.<\/p>\n<p>17 Ocak 2026 tarihinde ger\u00e7ekle\u015ftirilen panelde akademisyenler Prof. Dr. Tend\u00fc Hilal G\u00f6ktu\u011f ve Prof. Dr. Deniz \u00c7oban taraf\u0131ndan sunulan bilimsel de\u011ferlendirmeler, Ku\u015fadas\u0131 Belediye Meclisi&#8217;nin onay\u0131yla uygulamaya al\u0131nd\u0131. Kurulan Kooperatif Dan\u0131\u015fmanl\u0131k ve Destek Birimi; lojistik sorunlar\u0131n \u00e7\u00f6z\u00fcm\u00fc, markala\u015fma s\u00fcre\u00e7lerinin y\u00f6netilmesi ve kooperatiflerin kurumsal kapasitesinin g\u00fc\u00e7lendirilmesi konular\u0131nda dan\u0131\u015fmanl\u0131k hizmeti sunacak.<\/p>\n<p>Ku\u015fadas\u0131 Belediye Ba\u015fkan\u0131 \u00d6mer G\u00fcnel, meclis karar\u0131n\u0131n ard\u0131ndan yapt\u0131\u011f\u0131 a\u00e7\u0131klamada yerel kalk\u0131nman\u0131n ancak ortak ak\u0131l ve i\u015f birli\u011fiyle m\u00fcmk\u00fcn olabilece\u011fini vurgulad\u0131. Ba\u015fkan G\u00fcnel, &#8220;Amac\u0131m\u0131z Ku\u015fadas\u0131&#8217;n\u0131n bereketli topraklar\u0131n\u0131 ve \u00fcreticimizin eme\u011fini profesyonel bir y\u00f6netim anlay\u0131\u015f\u0131yla bulu\u015fturmak. Kent Konseyimizle birlikte att\u0131\u011f\u0131m\u0131z bu ad\u0131m, yaln\u0131zca bir birim kurulumu de\u011fil, Ku\u015fadas\u0131 i\u00e7in yeni bir ekonomik modelin ba\u015flang\u0131c\u0131d\u0131r&#8221; ifadelerini kulland\u0131.<\/p>\n<p>Ku\u015fadas\u0131 Kent Konseyi, s\u00fcrecin hayata ge\u00e7irilmesinde katk\u0131 sunan Belediye Meclis \u00dcyeleri Nil\u00fcfer Tekta\u015f Cevahir, Hasan G\u00f6\u00e7men ve Tahsin Bar\u0131\u015f \u00c7\u0131nar&#8217;a; bilimsel katk\u0131lar\u0131 nedeniyle akademisyenlere ve projeye liderlik eden Belediye Ba\u015fkan\u0131 \u00d6mer G\u00fcnel&#8217;e te\u015fekk\u00fcr etti. &#8211; AYDIN<\/p>\n","protected":false},"excerpt":{"rendered":"<p>Ku\u015fadas\u0131 Kent Konseyi ve Belediye Meclisi, kooperatiflerin desteklenmesi amac\u0131yla &#8216;Kooperatif Dan\u0131\u015fmanl\u0131k ve Destek Birimi&#8217;ni kurdu. Bu birim, yerel kalk\u0131nmay\u0131 g\u00fc\u00e7lendirmek i\u00e7in kooperatiflerin \u00fcretim ve pazarlama s\u00fcre\u00e7lerine destek sa\u011flayacak.<\/p>\n","protected":false},"author":1,"featured_media":0,"comment_status":"open","ping_status":"open","sticky":false,"template":"","format":"standard","meta":{"footnotes":""},"categories":[8],"tags":[372,771,4689,397],"class_list":["post-59658","post","type-post","status-publish","format-standard","hentry","category-ekonomi","tag-belediye","tag-kooperatif","tag-kusadasi","tag-meclis"],"_links":{"self":[{"href":"https:\/\/bihavadis.com\/index.php\/wp-json\/wp\/v2\/posts\/59658","targetHints":{"allow":["GET"]}}],"collection":[{"href":"https:\/\/bihavadis.com\/index.php\/wp-json\/wp\/v2\/posts"}],"about":[{"href":"https:\/\/bihavadis.com\/index.php\/wp-json\/wp\/v2\/types\/post"}],"author":[{"embeddable":true,"href":"https:\/\/bihavadis.com\/index.php\/wp-json\/wp\/v2\/users\/1"}],"replies":[{"embeddable":true,"href":"https:\/\/bihavadis.com\/index.php\/wp-json\/wp\/v2\/comments?post=59658"}],"version-history":[{"count":1,"href":"https:\/\/bihavadis.com\/index.php\/wp-json\/wp\/v2\/posts\/59658\/revisions"}],"predecessor-version":[{"id":59659,"href":"https:\/\/bihavadis.com\/index.php\/wp-json\/wp\/v2\/posts\/59658\/revisions\/59659"}],"wp:attachment":[{"href":"https:\/\/bihavadis.com\/index.php\/wp-json\/wp\/v2\/media?parent=59658"}],"wp:term":[{"taxonomy":"category","embeddable":true,"href":"https:\/\/bihavadis.com\/index.php\/wp-json\/wp\/v2\/categories?post=59658"},{"taxonomy":"post_tag","embeddable":true,"href":"https:\/\/bihavadis.com\/index.php\/wp-json\/wp\/v2\/tags?post=59658"}],"curies":[{"name":"wp","href":"https:\/\/api.w.org\/{rel}","templated":true}]}}