{"id":59660,"date":"2026-03-04T09:48:07","date_gmt":"2026-03-04T09:48:07","guid":{"rendered":"https:\/\/bihavadis.com\/?p=59660"},"modified":"2026-03-04T09:48:07","modified_gmt":"2026-03-04T09:48:07","slug":"diyarbakirda-trenin-carptigi-adam-hayatini-kaybetti","status":"publish","type":"post","link":"https:\/\/bihavadis.com\/index.php\/2026\/03\/04\/diyarbakirda-trenin-carptigi-adam-hayatini-kaybetti\/","title":{"rendered":"Diyarbak\u0131r&#8217;da trenin \u00e7arpt\u0131\u011f\u0131 adam hayat\u0131n\u0131 kaybetti"},"content":{"rendered":"<p>Diyarbak\u0131r&#8217;\u0131n Sur il\u00e7esi k\u0131rsal Bozdemir Mahallesi\u2019nde, d\u00fcn \u00f6\u011fle saatlerinde korkun\u00e7 bir kaza meydana geldi.<\/p>\n<p>\u0130ddiaya g\u00f6re, Kurtalan-Ankara aras\u0131 \u00e7al\u0131\u015fan G\u00fcney Ekspresi treni, zihinsel engelli oldu\u011fu belirtilen Mehmet Sa\u00e7an\u2019a \u00e7arpt\u0131.<\/p>\n<p><strong>HASTANEYE KALDIRILDI <\/strong><\/p>\n<p>Sa\u00e7an, yaraland\u0131. \u0130hbarla b\u00f6lgeye jandarma ve sa\u011fl\u0131k ekipleri sevk edildi.<\/p>\n<p>Sa\u00e7an, sa\u011fl\u0131k g\u00f6revlilerinin m\u00fcdahalesinin ard\u0131ndan hastaneye kald\u0131r\u0131ld\u0131.<\/p>\n<p><img decoding=\"async\" src=\"https:\/\/bihavadis.com\/wp-content\/uploads\/2026\/03\/diyarbakirda-trenin-carptigi-adam-hayatini-kaybetti-0-JV5VW1Ms.jpg\"\/><\/p>\n<p><strong>HAYATINI KAYBETT\u0130 <\/strong><\/p>\n<p>Mehmet Sa\u00e7an, sabah saatlerinde t\u00fcm m\u00fcdahalelere ra\u011fmen kurtar\u0131lamad\u0131.<\/p>\n<p>Sa\u00e7an\u2019\u0131n cenazesi otopsinin ard\u0131ndan k\u0131rsal Karpuzlu Mahallesi\u2019nde topra\u011fa verildi.<\/p>\n<p>Kazayla ilgili soru\u015fturma s\u00fcr\u00fcyor.<\/p>\n<p><img decoding=\"async\" src=\"https:\/\/bihavadis.com\/wp-content\/uploads\/2026\/03\/diyarbakirda-trenin-carptigi-adam-hayatini-kaybetti-1-ORj1RiCm.jpg\"\/> <\/p>\n<div> <span><strong>Kaynak:<\/strong> Demir\u00f6ren Haber Ajans\u0131 (DHA)<\/span> <\/div>\n","protected":false},"excerpt":{"rendered":"<p>Diyarbak\u0131r&#8217;\u0131n Sur il\u00e7esi k\u0131rsal Bozdemir Mahallesi\u2019nde, d\u00fcn \u00f6\u011fle saatlerinde korkun\u00e7 bir kaza meydana geldi. \u0130ddiaya g\u00f6re, Kurtalan-Ankara aras\u0131 \u00e7al\u0131\u015fan G\u00fcney Ekspresi treni, zihinsel engelli oldu\u011fu belirtilen Mehmet Sa\u00e7an\u2019a \u00e7arpt\u0131. HASTANEYE &#8230;<\/p>\n","protected":false},"author":1,"featured_media":59661,"comment_status":"open","ping_status":"open","sticky":false,"template":"","format":"standard","meta":{"footnotes":""},"categories":[4,13],"tags":[],"class_list":["post-59660","post","type-post","status-publish","format-standard","has-post-thumbnail","hentry","category-gundem","category-son-dakika"],"_links":{"self":[{"href":"https:\/\/bihavadis.com\/index.php\/wp-json\/wp\/v2\/posts\/59660","targetHints":{"allow":["GET"]}}],"collection":[{"href":"https:\/\/bihavadis.com\/index.php\/wp-json\/wp\/v2\/posts"}],"about":[{"href":"https:\/\/bihavadis.com\/index.php\/wp-json\/wp\/v2\/types\/post"}],"author":[{"embeddable":true,"href":"https:\/\/bihavadis.com\/index.php\/wp-json\/wp\/v2\/users\/1"}],"replies":[{"embeddable":true,"href":"https:\/\/bihavadis.com\/index.php\/wp-json\/wp\/v2\/comments?post=59660"}],"version-history":[{"count":1,"href":"https:\/\/bihavadis.com\/index.php\/wp-json\/wp\/v2\/posts\/59660\/revisions"}],"predecessor-version":[{"id":59664,"href":"https:\/\/bihavadis.com\/index.php\/wp-json\/wp\/v2\/posts\/59660\/revisions\/59664"}],"wp:featuredmedia":[{"embeddable":true,"href":"https:\/\/bihavadis.com\/index.php\/wp-json\/wp\/v2\/media\/59661"}],"wp:attachment":[{"href":"https:\/\/bihavadis.com\/index.php\/wp-json\/wp\/v2\/media?parent=59660"}],"wp:term":[{"taxonomy":"category","embeddable":true,"href":"https:\/\/bihavadis.com\/index.php\/wp-json\/wp\/v2\/categories?post=59660"},{"taxonomy":"post_tag","embeddable":true,"href":"https:\/\/bihavadis.com\/index.php\/wp-json\/wp\/v2\/tags?post=59660"}],"curies":[{"name":"wp","href":"https:\/\/api.w.org\/{rel}","templated":true}]}}