{"id":59673,"date":"2026-03-04T09:57:09","date_gmt":"2026-03-04T09:57:09","guid":{"rendered":"https:\/\/bihavadis.com\/?p=59673"},"modified":"2026-03-04T09:57:09","modified_gmt":"2026-03-04T09:57:09","slug":"adiyaman-destek-market-iki-yilin-ardindan-belediyeye-devredildi","status":"publish","type":"post","link":"https:\/\/bihavadis.com\/index.php\/2026\/03\/04\/adiyaman-destek-market-iki-yilin-ardindan-belediyeye-devredildi\/","title":{"rendered":"Ad\u0131yaman Destek Market, \u0130ki Y\u0131l\u0131n Ard\u0131ndan Belediyeye Devredildi"},"content":{"rendered":"<p>\n<p>KAHRAMANMARA\u015e merkezli 6 \u015eubat depremlerinin ard\u0131ndan Cargill, Temel \u0130htiya\u00e7 Derne\u011fi (T\u0130DER) ve Ad\u0131yaman Belediyesi i\u015f birli\u011fiyle hayata ge\u00e7irilen Ad\u0131yaman Destek Market&#8217;in iki y\u0131ll\u0131k faaliyet s\u00fcrecini tamamlayarak s\u00fcrd\u00fcr\u00fclebilir bir modelle Ad\u0131yaman Belediyesi&#8217;ne devredildi\u011fini duyurdu. Projenin, bu s\u00fcre zarf\u0131nda her ay ortalama bin 500 haneye d\u00fczenli destek sa\u011flayarak toplamda 87 binden fazla ki\u015fiye ula\u015ft\u0131\u011f\u0131 bildirildi.<\/p>\n<p>Cargill&#8217;in finansal deste\u011fi, T\u0130DER&#8217;in g\u0131da bankac\u0131l\u0131\u011f\u0131 uzmanl\u0131\u011f\u0131 ve Ad\u0131yaman Belediyesi&#8217;nin yerel deste\u011fiyle kurulan marketin, klasik yard\u0131m anlay\u0131\u015f\u0131n\u0131n \u00f6tesine ge\u00e7erek, insan onurunu merkeze alan modern bir destek mekanizmas\u0131 olarak b\u00f6lge halk\u0131na hizmet verdi\u011fi aktar\u0131ld\u0131.<\/p>\n<p>\u0130HT\u0130YA\u00c7 MADDELER\u0130NE G\u00dcVEN\u0130L\u0130R ER\u0130\u015e\u0130M<\/p>\n<p>Ad\u0131yaman Destek Market&#8217;in, 5 ay gibi k\u0131sa bir s\u00fcrede tamamlanan haz\u0131rl\u0131k s\u00fcrecinin ard\u0131ndan Ekim 2023 itibar\u0131yla hizmet vermeye ba\u015flad\u0131\u011f\u0131 kaydedildi. 1 d\u00f6n\u00fcml\u00fck arazide 308 metrekare kullan\u0131m alan\u0131na sahip olan marketin, planland\u0131\u011f\u0131 \u00fczere Ekim 2025&#8217;e kadar aktif kalarak depremden olumsuz etkilenen ailelerin temel ihtiya\u00e7lar\u0131n\u0131 d\u00fczenli olarak kar\u015f\u0131lad\u0131\u011f\u0131 belirtildi.<\/p>\n<p>Proje kapsam\u0131nda bin 500 haneye d\u00fczenli olarak ula\u015f\u0131ld\u0131\u011f\u0131 ve 87 binden fazla bireye temel ihtiya\u00e7 malzemeleri sa\u011fland\u0131\u011f\u0131 dile getirildi. Bu d\u00f6nemde yakla\u015f\u0131k 21 bin al\u0131\u015fveri\u015f i\u015flemi ger\u00e7ekle\u015ftirilerek, ihtiya\u00e7 sahiplerine g\u0131da, hijyen, giysi ve tekstil \u00fcr\u00fcnleri, ev e\u015fyalar\u0131 gibi temel malzemelerin sunuldu\u011fu ifade edildi. Proje ile \u00f6zellikle &#8216;kad\u0131n&#8217; ve &#8216;bebek bak\u0131m&#8217; gibi \u00f6zel reyonlarla kad\u0131n, \u00e7ocuk ve di\u011fer k\u0131r\u0131lgan gruplar\u0131n hassas ihtiya\u00e7lar\u0131na odaklan\u0131ld\u0131\u011f\u0131 aktar\u0131ld\u0131.<\/p>\n<p>\u015eirketten yap\u0131lan bilgilendirmede &#8220;Yerelin kalk\u0131nmas\u0131 i\u00e7in sunulan destekler hane t\u00fcketimiyle s\u0131n\u0131rl\u0131 kalmad\u0131, ge\u00e7im kaynaklar\u0131n\u0131n g\u00fc\u00e7lendirilmesine de odaklan\u0131ld\u0131. Cargill&#8217;in katk\u0131lar\u0131yla 21 \u00fcreticiye sa\u011flanan 33 bin 600 kilograml\u0131k s\u00fct yemi deste\u011fi sayesinde, afet sonras\u0131 hayvansal \u00fcretimde ya\u015fanan verim kayb\u0131n\u0131n \u00f6n\u00fcne ge\u00e7ildi ve b\u00f6lgedeki k\u00fc\u00e7\u00fck \u00f6l\u00e7ekli \u00fcreticilerin ekonomik dayan\u0131kl\u0131l\u0131\u011f\u0131 art\u0131r\u0131ld\u0131.Devir i\u015fleminin ard\u0131ndan Ad\u0131yaman Belediyesi stratejik bir kararla, ildeki da\u011f\u0131n\u0131k yap\u0131da bulunan di\u011fer yard\u0131m noktalar\u0131n\u0131 kapatarak kaynaklar\u0131n\u0131 konsolide etti. Belediye, sosyal desteklerin tek bir merkezden, Ad\u0131yaman Destek Market altyap\u0131s\u0131 kullan\u0131larak, kontroll\u00fc ve izlenebilir bir \u015fekilde ula\u015ft\u0131r\u0131lmas\u0131na karar verdi. Bu durum, kurulan sistemin verimlili\u011finin ve ba\u015far\u0131s\u0131n\u0131n yerel y\u00f6netim taraf\u0131ndan tescillendi\u011finin, Cargill ve T\u0130DER&#8217;in sa\u011flad\u0131\u011f\u0131 kayna\u011f\u0131n &#8216;tek seferlik yard\u0131m&#8217; alg\u0131s\u0131n\u0131 k\u0131rarak nas\u0131l kal\u0131c\u0131 bir de\u011fere d\u00f6n\u00fc\u015ft\u00fc\u011f\u00fcn\u00fcn en somut kan\u0131t\u0131 niteli\u011finde&#8221; denildi.<\/p>\n<p>&#8216;TOPLUMSAL KALKINMA MODEL\u0130NE D\u00d6N\u00dc\u015eT\u00dc&#8217;<\/p>\n<p>Cargill G\u0131da T\u00fcrkiye, Orta Do\u011fu ve Afrika Y\u00f6netim Kurulu Ba\u015fkan\u0131 ve CEO&#8217;su Murat Tarak\u00e7\u0131o\u011flu, projeden duydu\u011fu gururu dile getirerek &#8220;Ad\u0131yaman Destek Market, depremin yaralar\u0131n\u0131 sarmak i\u00e7in \u00e7\u0131kt\u0131\u011f\u0131m\u0131z bu yolda, bir yard\u0131m projesinin \u00f6tesinde, bir toplumsal kalk\u0131nma modeline d\u00f6n\u00fc\u015ft\u00fc. \u0130ki y\u0131l boyunca sadece temel ihtiya\u00e7lar\u0131 kar\u015f\u0131lamakla kalmad\u0131k, ayn\u0131 zamanda yerel \u00fcreticilere destek olarak ve istihdam olanaklar\u0131 yaratarak b\u00f6lgenin ekonomik dayan\u0131kl\u0131l\u0131\u011f\u0131na da katk\u0131 sa\u011flad\u0131k. Projenin s\u00fcrd\u00fcr\u00fclebilir bir yap\u0131yla Ad\u0131yaman Belediyesi&#8217;ne devredilmesi, bu ba\u015far\u0131n\u0131n en somut kan\u0131t\u0131d\u0131r. Cargill olarak, faaliyet g\u00f6sterdi\u011fimiz toplumlara de\u011fer katma misyonumuzla hareket etmeye devam edece\u011fiz&#8221; dedi.<\/p>\n<p>&#8216;KALICI \u00c7\u00d6Z\u00dcM \u00dcRETT\u0130K&#8217;<\/p>\n<p>T\u0130DER Y\u00f6netim Kurulu Ba\u015fkan\u0131 Hande Tibuk ise i\u015f birli\u011finin g\u00fcc\u00fcne vurgu yaparak &#8220;T\u0130DER olarak g\u0131da bankac\u0131l\u0131\u011f\u0131 modelini T\u00fcrkiye&#8217;de yayg\u0131nla\u015ft\u0131rma misyonumuzla, deprem b\u00f6lgesinde kal\u0131c\u0131 bir \u00e7\u00f6z\u00fcm \u00fcretmekten b\u00fcy\u00fck mutluluk duyuyoruz. Ad\u0131yaman Destek Market, kamu, \u00f6zel sekt\u00f6r ve sivil toplumun birlikte neler ba\u015farabilece\u011finin en g\u00fczel \u00f6rne\u011fidir. Cargill&#8217;in vizyoner deste\u011fi ve Ad\u0131yaman Belediyesi&#8217;nin sahiplenmesiyle, bu modelin uzun y\u0131llar boyunca Ad\u0131yaman halk\u0131na hizmet edece\u011fine inan\u0131yoruz&#8221; diye konu\u015ftu.<\/p>\n<p> &#8216;ARTIK BEN\u0130M \u0130\u00c7\u0130N \u0130MKANSIZ D\u0130YE B\u0130R \u015eEY YOK&#8217;<\/p>\n<p>Projenin, sadece ayni yard\u0131m sa\u011flamakla kalmad\u0131, ayn\u0131 zamanda bir &#8216;sosyal kalk\u0131nma merkezi&#8217; olarak da i\u015flev g\u00f6rd\u00fc\u011f\u00fc kaydedildi. T\u0130DER&#8217;in Destek \u0130nsan Kaynaklar\u0131 (\u0130K) program\u0131 sayesinde, yard\u0131m faydalan\u0131c\u0131lar\u0131 istihdam edilerek ekonomik \u00f6zg\u00fcrl\u00fcklerini kazand\u0131\u011f\u0131 aktar\u0131ld\u0131. Projenin en ilham verici hikayelerinden biri, deprem sonras\u0131 ailesinin sorumlulu\u011funu \u00fcstlenen 20 ya\u015f\u0131ndaki Elanur \u00c7ak\u0131r oldu\u011fu belirtildi. Destek Market&#8217;ten yard\u0131m al\u0131rken Destek \u0130K program\u0131 sayesinde markette i\u015fe ba\u015flayan \u00c7ak\u0131r, &#8220;Bu i\u015f hayat\u0131mda \u00e7ok \u015feyi de\u011fi\u015ftirdi. Kendime olan g\u00fcvenimi kazand\u0131m ve g\u00fc\u00e7l\u00fc hissetmeyi \u00f6\u011frendim. Eskiden baz\u0131 \u015feylerin imkans\u0131z oldu\u011funu d\u00fc\u015f\u00fcn\u00fcrd\u00fcm ama art\u0131k benim i\u00e7in imkans\u0131z diye bir \u015fey yok&#8221; ifadelerini kulland\u0131.<\/p>\n<p>\u0130ki y\u0131l\u0131n sonunda oturmu\u015f operasyonel sistemi, tedarik a\u011f\u0131 ve veri taban\u0131yla Ad\u0131yaman Belediyesi&#8217;ne devredilen projenin, art\u0131k kal\u0131c\u0131 bir kamu hizmeti olarak yoluna devam edece\u011fi bildirildi.<\/p>\n","protected":false},"excerpt":{"rendered":"<p>Cargill ve T\u0130DER&#8217;in destekledi\u011fi Ad\u0131yaman Destek Market, iki y\u0131l sonunda Ad\u0131yaman Belediyesi&#8217;ne devredildi.<\/p>\n","protected":false},"author":1,"featured_media":59674,"comment_status":"open","ping_status":"open","sticky":false,"template":"","format":"standard","meta":{"footnotes":""},"categories":[8],"tags":[7119,498,395,237,579],"class_list":["post-59673","post","type-post","status-publish","format-standard","has-post-thumbnail","hentry","category-ekonomi","tag-cargill","tag-destek","tag-is","tag-proje","tag-yardim"],"_links":{"self":[{"href":"https:\/\/bihavadis.com\/index.php\/wp-json\/wp\/v2\/posts\/59673","targetHints":{"allow":["GET"]}}],"collection":[{"href":"https:\/\/bihavadis.com\/index.php\/wp-json\/wp\/v2\/posts"}],"about":[{"href":"https:\/\/bihavadis.com\/index.php\/wp-json\/wp\/v2\/types\/post"}],"author":[{"embeddable":true,"href":"https:\/\/bihavadis.com\/index.php\/wp-json\/wp\/v2\/users\/1"}],"replies":[{"embeddable":true,"href":"https:\/\/bihavadis.com\/index.php\/wp-json\/wp\/v2\/comments?post=59673"}],"version-history":[{"count":1,"href":"https:\/\/bihavadis.com\/index.php\/wp-json\/wp\/v2\/posts\/59673\/revisions"}],"predecessor-version":[{"id":59675,"href":"https:\/\/bihavadis.com\/index.php\/wp-json\/wp\/v2\/posts\/59673\/revisions\/59675"}],"wp:featuredmedia":[{"embeddable":true,"href":"https:\/\/bihavadis.com\/index.php\/wp-json\/wp\/v2\/media\/59674"}],"wp:attachment":[{"href":"https:\/\/bihavadis.com\/index.php\/wp-json\/wp\/v2\/media?parent=59673"}],"wp:term":[{"taxonomy":"category","embeddable":true,"href":"https:\/\/bihavadis.com\/index.php\/wp-json\/wp\/v2\/categories?post=59673"},{"taxonomy":"post_tag","embeddable":true,"href":"https:\/\/bihavadis.com\/index.php\/wp-json\/wp\/v2\/tags?post=59673"}],"curies":[{"name":"wp","href":"https:\/\/api.w.org\/{rel}","templated":true}]}}