{"id":59692,"date":"2026-03-04T10:09:40","date_gmt":"2026-03-04T10:09:40","guid":{"rendered":"https:\/\/bihavadis.com\/?p=59692"},"modified":"2026-03-04T10:09:40","modified_gmt":"2026-03-04T10:09:40","slug":"sacha-boey-galatasaraya-dondu","status":"publish","type":"post","link":"https:\/\/bihavadis.com\/index.php\/2026\/03\/04\/sacha-boey-galatasaraya-dondu\/","title":{"rendered":"Sacha Boey, Galatasaray&#8217;a D\u00f6nd\u00fc"},"content":{"rendered":"<p>GALATASARAY, Alman ekibi Bayern M\u00fcnih&#8217;ten eski futbolcusu Sacha Boey&#8217;i sezon sonuna kadar kiral\u0131k olarak kadrosuna katt\u0131. Yuvaya geri d\u00f6nen Boey, ge\u00e7mi\u015fte ya\u015fad\u0131\u011f\u0131 sakatl\u0131k sorunlar\u0131n\u0131n ard\u0131ndan Okan Buruk&#8217;un planlamas\u0131nda yeniden \u00f6nemli bir denge unsuru olacak.<\/p>\n<p> Galatasaray&#8217;dan 28 Ocak 2024&#8217;te 30+5 milyon Euro&#8217;ya Bayern M\u00fcnih&#8217;e rekor bedelle transfer olan Sacha Boey, sakatl\u0131klar nedeniyle istikrarl\u0131 forma \u015fans\u0131 bulamad\u0131\u011f\u0131 Almanya maceras\u0131n\u0131n ard\u0131ndan kiral\u0131k olarak yeniden sar\u0131-k\u0131rm\u0131z\u0131l\u0131lara d\u00f6nd\u00fc. T\u00fcrkiye&#8217;den yurt d\u0131\u015f\u0131na en y\u00fcksek bonservis bedeliyle giden futbolcu rekorunu k\u0131ran Sacha Boey; Bayern M\u00fcnih&#8217;te beklentilerin uza\u011f\u0131nda kal\u0131rken, en b\u00fcy\u00fck engeli ise sakatl\u0131klar oldu. Frans\u0131z sa\u011f bek, 16 \u015eubat&#8217;tan ba\u015flayan s\u00fcre\u00e7le 2023\/2024 &#8211; 2025\/2026 sezonlar\u0131 aras\u0131nda menisk\u00fcs y\u0131rt\u0131\u011f\u0131, ayak bile\u011fi sakatl\u0131\u011f\u0131, kas ve lif y\u0131rt\u0131klar\u0131 nedeniyle yakla\u015f\u0131k 230 g\u00fcn sahalardan uzak kalm\u0131\u015f, bu aral\u0131kta 40&#8217;tan fazla ma\u00e7ta forma giyememi\u015fti. Galatasaray&#8217;\u0131n kadro derinli\u011finde kendisine \u00e7ok\u00e7a yer bulaca\u011f\u0131 Boey&#8217;in ge\u00e7mi\u015fte ya\u015fad\u0131\u011f\u0131 sakatl\u0131k sorunlar\u0131n\u0131n ard\u0131ndan \u015f\u00fcphesiz teknik direkt\u00f6r Okan Buruk&#8217;un planlamas\u0131nda yeniden \u00f6nemli bir denge unsuru olacak. Galatasaray&#8217;da yakalad\u0131\u011f\u0131 \u00e7\u0131k\u0131\u015f\u0131 tekrarlamak isteyen Frans\u0131z oyuncu, zorlu fikst\u00fcr i\u00e7erisinde Buruk&#8217;un kadro se\u00e7imlerinde elini bir hayli kolayla\u015ft\u0131racak.<\/p>\n<p>GALATASARAY&#8217;DAK\u0130 \u0130LK YILI \u0130STED\u0130\u011e\u0130 G\u0130B\u0130 GE\u00c7MED\u0130<\/p>\n<p>2021-2022 sezonunda Burak Elmas y\u00f6netiminde yeni yap\u0131lanmaya giden Galatasaray&#8217;da teknik direkt\u00f6r Fatih Terim, sa\u011f bek i\u00e7in Sacha Boey&#8217;i uygun g\u00f6rm\u00fc\u015ft\u00fc. Gen\u00e7 ve atletik \u00f6zellikleriyle Terim&#8217;in \u00e7ok istedi\u011fi Boey, 26 Temmuz 2021&#8217;de Fransa temsilcisi Rennes&#8217;den 1 milyon 150 bin Euro kar\u015f\u0131l\u0131\u011f\u0131nda transfer edildi. Galatasaray&#8217;daki ilk ma\u00e7\u0131na 5 A\u011fustos 2021 tarihinde UEFA Avrupa Ligi 3&#8217;\u00fcnc\u00fc Eleme Turu&#8217;nda \u0130sko\u00e7ya temsilcisi St. Johnstone tak\u0131m\u0131na kar\u015f\u0131 \u00e7\u0131kan Boey, gol sevinci ya\u015fad\u0131. Ard\u0131ndan bu etkili ba\u015flang\u0131\u00e7, ya\u015fad\u0131\u011f\u0131 sakatl\u0131klar nedeniyle sekteye u\u011frad\u0131. Sonraki s\u00fcre\u00e7te 8 Eyl\u00fcl 2021&#8217;de antrenmanda uyluk sakatl\u0131\u011f\u0131 ya\u015fayan Frans\u0131z oyuncu, 20 g\u00fcn ma\u00e7larda yer alamad\u0131. Boey, 30 Eyl\u00fcl 2021&#8217;de UEFA Avrupa Ligi E Grubu 2&#8217;nci haftas\u0131nda Marsilya ile oynanan ma\u00e7la sahalara tekrar geri d\u00f6nse de sakatl\u0131\u011f\u0131 n\u00fcksetti ve ard\u0131ndan 93 g\u00fcn forma giyemeyerek iki sakatl\u0131k s\u00fcrecinde toplam 22 ma\u00e7 ka\u00e7\u0131rm\u0131\u015f oldu. Frans\u0131z oyuncu, Galatasaray&#8217;daki ilk sezonunda S\u00fcper Lig&#8217;de 13 ve UEFA Avrupa Ligi&#8217;nde ise 6 olmak \u00fczere toplamda 19 ma\u00e7ta forma giydi ve 1 gol kaydetti. <\/p>\n<p>OKAN BURUK&#8217;TAN \u00d6Z\u00dcR D\u0130LEM\u0130\u015eT\u0130<\/p>\n<p>S\u00fcper Lig&#8217;de k\u00f6t\u00fc gidi\u015fat\u0131n ard\u0131ndan 10 Ocak 2022&#8217;de Fatih Terim ile yollar\u0131n ayr\u0131lmas\u0131yla 4 g\u00fcn sonra tak\u0131m\u0131n ba\u015f\u0131na Domenec Torrent getirildi. Torrent y\u00f6netiminde 11 ma\u00e7a \u00e7\u0131kan Boey&#8217;in performans\u0131 be\u011fenilmezken, 21 Haziran 2022&#8217;de \u0130spanyol teknik adam g\u00f6revden giderken oyuncu i\u00e7in olumsuz rapor verdi. 23 Haziran 2022&#8217;de teknik direkt\u00f6rl\u00fck g\u00f6revine getirilen Okan Buruk, hem Frans\u0131z oyuncunun menajeri ile Galatasaray aras\u0131nda ya\u015fanan sorun sebebiyle hem de erkene al\u0131nan kamp tarihinin kendisine uymad\u0131\u011f\u0131n\u0131 dile getirmesi sebebiyle Boey&#8217;i kadro d\u0131\u015f\u0131 b\u0131rakt\u0131. Sacha Boey, sezon \u00f6ncesinde Avusturya&#8217;da ger\u00e7ekle\u015ftirilen kampa g\u00f6t\u00fcr\u00fclmezken, Frans\u0131z oyuncu bir s\u00fcre bireysel ve rezerv tak\u0131mla antrenmanlar yapt\u0131. Sezon ba\u015f\u0131nda transfer edilen Leo Dubois&#8217;in sakatlanmas\u0131 \u00fczerine bek a\u00e7\u0131kl\u0131\u011f\u0131 olu\u015funca Sacha Boey, tecr\u00fcbeli teknik adamdan \u00f6z\u00fcr dileyerek geri d\u00f6nd\u00fc. 2022-2023 sezonunun ilk haftas\u0131nda, 7 A\u011fustos&#8217;ta oynanan Antalyaspor ma\u00e7\u0131yla eski performans\u0131na geri d\u00f6nen Sacha Boey, sonraki s\u00fcre\u00e7te formas\u0131n\u0131 bir daha kapt\u0131rmad\u0131 ve etkili oyunuyla tak\u0131m\u0131n en iyilerinden biri oldu.<\/p>\n<p>\u0130K\u0130 \u015eAMP\u0130YONLU\u011eUN BA\u015e M\u0130MARLARINDANDI<\/p>\n<p>Okan Buruk y\u00f6netimindeki Galatasaray; 2022-2023 sezonunu S\u00fcper Lig&#8217;de \u015fampiyon olarak tamamlarken, Sacha Boey de sar\u0131-k\u0131rm\u0131z\u0131l\u0131 tak\u0131mdaki ikinci y\u0131l\u0131nda ilk kez kupa sevinci ya\u015fad\u0131. \u015eampiyonlukta ba\u015frol oyunculardan biri olan Boey, sar\u0131-k\u0131rm\u0131z\u0131l\u0131 formayla S\u00fcper Lig&#8217;de 31, Ziraat T\u00fcrkiye Kupas\u0131&#8217;nda ise 2 olmak \u00fczere toplam 33 ma\u00e7ta g\u00f6rev yapt\u0131. Sezonu 1 gol ve 4 asistlik performansla tamamlayan Frans\u0131z sa\u011f bek i\u00e7in yeni sezon \u00f6ncesi gelen teklifler reddedilirken, Boey tak\u0131mda kald\u0131.<\/p>\n<p>Sacha Boey, 2023-2024 sezonunda ise adeta vitrin yapt\u0131\u011f\u0131 d\u00f6nemi ya\u015fam\u0131\u015f, teknik direkt\u00f6r Okan Buruk \u00f6nderli\u011finde S\u00fcper Lig&#8217;de \u015fampiyonluk kupas\u0131n\u0131 bir kez daha m\u00fczesine g\u00f6t\u00fcrm\u00fc\u015ft\u00fc. S\u00fcper Lig&#8217;de 19, UEFA \u015eampiyonlar Ligi&#8217;nde ise 12 ma\u00e7ta sahaya \u00e7\u0131kan Boey, toplamda 31 kar\u015f\u0131la\u015fmada ter d\u00f6km\u00fc\u015ft\u00fc. \u00d6zellikle UEFA \u015eampiyonlar Ligi&#8217;ndeki performans\u0131yla Avrupa kul\u00fcplerinin radar\u0131na giren Sacha Boey, 28 Ocak 2024&#8217;te Alman ekibi Bayern M\u00fcnih&#8217;e transfer oldu. Bayern M\u00fcnih&#8217;te sakatl\u0131klarla m\u00fccadele ederek s\u0131n\u0131rl\u0131 s\u00fcre alabilen Boey, bu d\u00f6nemin ard\u0131ndan Galatasaray&#8217;a geri d\u00f6nd\u00fc.<\/p>\n","protected":false},"excerpt":{"rendered":"<p>Galatasaray, Bayern M\u00fcnih&#8217;ten eski oyuncusu Sacha Boey&#8217;i sezon sonuna kadar kiralad\u0131.<\/p>\n","protected":false},"author":1,"featured_media":59693,"comment_status":"open","ping_status":"open","sticky":false,"template":"","format":"standard","meta":{"footnotes":""},"categories":[14],"tags":[3921,364,7121,493,451],"class_list":["post-59692","post","type-post","status-publish","format-standard","has-post-thumbnail","hentry","category-spor","tag-boey","tag-mac","tag-sakatlik","tag-sampiyon","tag-sezon"],"_links":{"self":[{"href":"https:\/\/bihavadis.com\/index.php\/wp-json\/wp\/v2\/posts\/59692","targetHints":{"allow":["GET"]}}],"collection":[{"href":"https:\/\/bihavadis.com\/index.php\/wp-json\/wp\/v2\/posts"}],"about":[{"href":"https:\/\/bihavadis.com\/index.php\/wp-json\/wp\/v2\/types\/post"}],"author":[{"embeddable":true,"href":"https:\/\/bihavadis.com\/index.php\/wp-json\/wp\/v2\/users\/1"}],"replies":[{"embeddable":true,"href":"https:\/\/bihavadis.com\/index.php\/wp-json\/wp\/v2\/comments?post=59692"}],"version-history":[{"count":1,"href":"https:\/\/bihavadis.com\/index.php\/wp-json\/wp\/v2\/posts\/59692\/revisions"}],"predecessor-version":[{"id":59694,"href":"https:\/\/bihavadis.com\/index.php\/wp-json\/wp\/v2\/posts\/59692\/revisions\/59694"}],"wp:featuredmedia":[{"embeddable":true,"href":"https:\/\/bihavadis.com\/index.php\/wp-json\/wp\/v2\/media\/59693"}],"wp:attachment":[{"href":"https:\/\/bihavadis.com\/index.php\/wp-json\/wp\/v2\/media?parent=59692"}],"wp:term":[{"taxonomy":"category","embeddable":true,"href":"https:\/\/bihavadis.com\/index.php\/wp-json\/wp\/v2\/categories?post=59692"},{"taxonomy":"post_tag","embeddable":true,"href":"https:\/\/bihavadis.com\/index.php\/wp-json\/wp\/v2\/tags?post=59692"}],"curies":[{"name":"wp","href":"https:\/\/api.w.org\/{rel}","templated":true}]}}