{"id":59730,"date":"2026-03-04T10:36:06","date_gmt":"2026-03-04T10:36:06","guid":{"rendered":"https:\/\/bihavadis.com\/?p=59730"},"modified":"2026-03-04T10:36:06","modified_gmt":"2026-03-04T10:36:06","slug":"hamaneyden-abd-saldirisinda-oldurulme-ihtimaline-karsi-acil-durum-senaryosu","status":"publish","type":"post","link":"https:\/\/bihavadis.com\/index.php\/2026\/03\/04\/hamaneyden-abd-saldirisinda-oldurulme-ihtimaline-karsi-acil-durum-senaryosu\/","title":{"rendered":"Hamaney&#8217;den ABD sald\u0131r\u0131s\u0131nda \u00f6ld\u00fcr\u00fclme ihtimaline kar\u015f\u0131 acil durum senaryosu"},"content":{"rendered":"<p>ABD-\u0130ran hatt\u0131nda kar\u015f\u0131l\u0131kl\u0131 a\u00e7\u0131klamalar gelmeye devam ediyor.\u00a0<\/p>\n<p>ABD\u2019nin muhtemel sald\u0131r\u0131 tehdidi, \u0130ran\u2019\u0131 alarma ge\u00e7irdi.<\/p>\n<p>ABD\u2019li The New York Times gazetesinin haberine g\u00f6re, \u0130ran\u2019\u0131n Dini Lideri Ayetullah Hamaney, muhtemel ABD veya \u0130srail sald\u0131r\u0131lar\u0131nda \u00f6ld\u00fcr\u00fclmesi durumunda nas\u0131l hareket edilmesi gerekti\u011fine dair k\u0131demli yard\u0131mc\u0131lar\u0131na talimatlar verdi.<\/p>\n<p><strong>AC\u0130L DURUMLARDA VER\u0130LECEK YETK\u0130LER PLANLANDI<\/strong><\/p>\n<p>The New York Times\u2019a g\u00f6re, Hamaney\u2019in talimatlar\u0131 muhtemel acil durumlarda uygulanacak yetki devri ve komuta zincirlerini kaps\u0131yor.<\/p>\n<p>Haberde, Hamaney\u2019in, kilit askeri ve siyasi g\u00f6revler i\u00e7in birden fazla halef katman\u0131 belirledi\u011fi ve ileti\u015fim kesilirse veya kendisi \u00f6ld\u00fcr\u00fcl\u00fcrse karar alma yetkisini kendisine \u00e7ok yak\u0131n isimlere devretti\u011fi bildirildi.<\/p>\n<p><strong>AL\u0130 LAR\u0130CAN\u0130 DEVLET \u0130\u015eLER\u0130N\u0130N BA\u015eINA GE\u00c7\u0130R\u0130LD\u0130<\/strong><\/p>\n<p>Haberde ayr\u0131ca, Hamaney\u2019in ge\u00e7ti\u011fimiz ay \u00fclke genelinde d\u00fczenlenen protestolar s\u0131ras\u0131nda sad\u0131k yard\u0131mc\u0131s\u0131 olan \u0130ran Ulusal G\u00fcvenlik Y\u00fcksek Konseyi Genel Sekreteri Ali Laricani\u2019yi merkezi bir y\u00f6netim rol\u00fcne y\u00fckselterek fiilen devlet i\u015flerinin ba\u015f\u0131na ge\u00e7irdi\u011fi iddia edildi.<\/p>\n<p>ABD\u2019li gazetenin k\u0131demli \u0130ranl\u0131 yetkililer, Devrim Muhaf\u0131zlar\u0131 \u00fcyeleri ve eski diplomatlarla yap\u0131lan r\u00f6portajlara dayand\u0131rd\u0131\u011f\u0131 haberinde, Laricani\u2019nin protestolar\u0131n bast\u0131r\u0131lmas\u0131n\u0131 ve Washington ile hassas n\u00fckleer diplomasi s\u00fcrecini y\u00f6netti\u011fi; Rusya, Katar ve Umman dahil m\u00fcttefiklerle de koordinasyon sa\u011flad\u0131\u011f\u0131 kaydedildi.<\/p>\n<p><strong>STRATEJ\u0130K S\u00dcRE\u00c7LERE Y\u00d6NEL\u0130K D\u00dc\u015e\u00dcNCELER<\/strong><\/p>\n<p>Laricani\u2019nin ayr\u0131ca ABD sald\u0131r\u0131lar\u0131na kar\u015f\u0131 muhtemel sava\u015f planlamalar\u0131n\u0131 y\u00fcr\u00fctt\u00fc\u011f\u00fc ifade edildi.<\/p>\n<p>Laricani\u2019nin Y\u00fcksek Lider\u2019in muhtemel halefi olarak g\u00f6r\u00fclmedi\u011fi; Hamaney\u2019in en g\u00fcvenilen kriz y\u00f6neticilerinden biri oldu\u011fu vurguland\u0131.<\/p>\n<p><strong>\u0130RAN, S\u0130LAHLI KUVVETLER\u0130N\u0130 Y\u00dcKSEK ALARMA GE\u00c7\u0130RD\u0130<\/strong><\/p>\n<p>Habere g\u00f6re \u0130ran, silahl\u0131 kuvvetlerini y\u00fcksek alarma ge\u00e7irdi; f\u00fczeleri Irak ve Basra K\u00f6rfezi \u00e7evresine konu\u015fland\u0131rd\u0131 ve muhtemel bir \u00e7at\u0131\u015fmaya haz\u0131rl\u0131k i\u00e7in askeri tatbikatlar ger\u00e7ekle\u015ftirdi.<\/p>\n<p>Kamuoyuna y\u00f6nelik a\u00e7\u0131klamalarda Hamaney, herhangi bir sald\u0131r\u0131ya g\u00fc\u00e7l\u00fc bir yan\u0131t verilece\u011fini belirterek meydan okuyan bir ton tak\u0131nd\u0131.<\/p>\n<p><img decoding=\"async\" src=\"https:\/\/bihavadis.com\/wp-content\/uploads\/2026\/03\/hamaneyden-abd-saldirisinda-oldurulme-ihtimaline-karsi-acil-durum-senaryosu-0-rhft7m7U.jpg\"\/> <\/p>\n<div> <span><strong>Kaynak:<\/strong> \u0130hlas Haber Ajans\u0131 (\u0130HA)<\/span> <\/div>\n","protected":false},"excerpt":{"rendered":"<p>ABD-\u0130ran hatt\u0131nda kar\u015f\u0131l\u0131kl\u0131 a\u00e7\u0131klamalar gelmeye devam ediyor.\u00a0 ABD\u2019nin muhtemel sald\u0131r\u0131 tehdidi, \u0130ran\u2019\u0131 alarma ge\u00e7irdi. ABD\u2019li The New York Times gazetesinin haberine g\u00f6re, \u0130ran\u2019\u0131n Dini Lideri Ayetullah Hamaney, muhtemel ABD veya \u0130srail &#8230;<\/p>\n","protected":false},"author":1,"featured_media":59731,"comment_status":"open","ping_status":"open","sticky":false,"template":"","format":"standard","meta":{"footnotes":""},"categories":[6],"tags":[272,271,7124,7123],"class_list":["post-59730","post","type-post","status-publish","format-standard","has-post-thumbnail","hentry","category-dunya","tag-abd","tag-iran","tag-laricani","tag-muhtemel"],"_links":{"self":[{"href":"https:\/\/bihavadis.com\/index.php\/wp-json\/wp\/v2\/posts\/59730","targetHints":{"allow":["GET"]}}],"collection":[{"href":"https:\/\/bihavadis.com\/index.php\/wp-json\/wp\/v2\/posts"}],"about":[{"href":"https:\/\/bihavadis.com\/index.php\/wp-json\/wp\/v2\/types\/post"}],"author":[{"embeddable":true,"href":"https:\/\/bihavadis.com\/index.php\/wp-json\/wp\/v2\/users\/1"}],"replies":[{"embeddable":true,"href":"https:\/\/bihavadis.com\/index.php\/wp-json\/wp\/v2\/comments?post=59730"}],"version-history":[{"count":1,"href":"https:\/\/bihavadis.com\/index.php\/wp-json\/wp\/v2\/posts\/59730\/revisions"}],"predecessor-version":[{"id":59733,"href":"https:\/\/bihavadis.com\/index.php\/wp-json\/wp\/v2\/posts\/59730\/revisions\/59733"}],"wp:featuredmedia":[{"embeddable":true,"href":"https:\/\/bihavadis.com\/index.php\/wp-json\/wp\/v2\/media\/59731"}],"wp:attachment":[{"href":"https:\/\/bihavadis.com\/index.php\/wp-json\/wp\/v2\/media?parent=59730"}],"wp:term":[{"taxonomy":"category","embeddable":true,"href":"https:\/\/bihavadis.com\/index.php\/wp-json\/wp\/v2\/categories?post=59730"},{"taxonomy":"post_tag","embeddable":true,"href":"https:\/\/bihavadis.com\/index.php\/wp-json\/wp\/v2\/tags?post=59730"}],"curies":[{"name":"wp","href":"https:\/\/api.w.org\/{rel}","templated":true}]}}