{"id":5980,"date":"2026-01-30T08:33:04","date_gmt":"2026-01-30T08:33:04","guid":{"rendered":"https:\/\/bihavadis.com\/?p=5980"},"modified":"2026-01-30T08:33:04","modified_gmt":"2026-01-30T08:33:04","slug":"antalya-ile-mugla-buyuksehir-genclik-meclisleri-kardes-oluyor","status":"publish","type":"post","link":"https:\/\/bihavadis.com\/index.php\/2026\/01\/30\/antalya-ile-mugla-buyuksehir-genclik-meclisleri-kardes-oluyor\/","title":{"rendered":"Antalya ile Mu\u011fla B\u00fcy\u00fck\u015fehir Gen\u00e7lik Meclisleri karde\u015f oluyor"},"content":{"rendered":"<p>Antalya B\u00fcy\u00fck\u015fehir Belediyesi Gen\u00e7lik Meclisi kurulu\u015funa destek sa\u011flad\u0131\u011f\u0131 Mu\u011fla B\u00fcy\u00fck\u015fehir Belediyesi Gen\u00e7lik Meclisi ile karde\u015f oluyor. B\u00fcy\u00fck\u015fehir Ba\u015fkan Vekili B\u00fc\u015fra \u00d6zdemir\u2019i ziyaret eden Mu\u011fla B\u00fcy\u00fck\u015fehir Belediyesi Gen\u00e7lik Meclisi Ba\u015fkan\u0131 Muzaffer Cantekin desteklerinden dolay\u0131 \u00d6zdemir\u2019e te\u015fekk\u00fcr etti.<\/p>\n<p>Antalya B\u00fcy\u00fck\u015fehir Belediyesi Gen\u00e7lik Meclisi Ocak ay\u0131 ola\u011fan genel kurulu ger\u00e7ekle\u015ftirildi. Gen\u00e7lik Meclisi\u2019nde Antalya B\u00fcy\u00fck\u015fehir Belediyesi Gen\u00e7lik Meclisi\u2019nin kurulu\u015funa destek sa\u011flad\u0131\u011f\u0131 Mu\u011fla B\u00fcy\u00fck\u015fehir Belediyesi Gen\u00e7lik Meclisi ile karde\u015flik protokol\u00fc ele al\u0131nd\u0131. Meclis toplant\u0131s\u0131 \u00f6ncesinde Antalya B\u00fcy\u00fck\u015fehir Belediyesi Ba\u015fkan Vekili B\u00fc\u015fra \u00d6zdemir\u2019i makam\u0131nda ziyaret eden Mu\u011fla B\u00fcy\u00fck\u015fehir Belediyesi Gen\u00e7lik Meclisi Ba\u015fkan\u0131 Muzaffer Cantekin ve Gen\u00e7lik Meclisi Ba\u015fkan Vekili \u00d6zge Zaimo\u011flu \u015einik,\u00a0 kurulu\u015f a\u015famas\u0131ndaki desteklerinden dolay\u0131 Ba\u015fkan Vekili \u00d6zdemir\u2019e te\u015fekk\u00fcr etti.\u00a0\u00a0<br \/>Ba\u015fkan Vekili \u00d6zdemir, gen\u00e7lere \u00e7al\u0131\u015fmalar\u0131nda ba\u015far\u0131lar dilerken, B\u00fcy\u00fck\u015fehir Belediyesi olarak gen\u00e7lerin fikirlerine her zaman \u00f6nem verdiklerini ve destek olduklar\u0131n\u0131 kaydetti.\u00a0<br \/>ANTALYA \u0130LE MU\u011eLA GEN\u00c7L\u0130K MECL\u0130SLER\u0130 KARDE\u015e OLUYOR\u00a0<br \/>Daha sonra ise ger\u00e7ekle\u015ftirilen Gen\u00e7lik Meclisi toplant\u0131s\u0131nda Antalya B\u00fcy\u00fck\u015fehir Belediyesi Gen\u00e7lik Meclisi ile Mu\u011fla B\u00fcy\u00fck\u015fehir Belediyesi Gen\u00e7lik Meclisi\u2019nin karde\u015flik protokol\u00fcn\u00fcn imzalanmas\u0131 oy birli\u011fiyle kabul edildi.\u00a0 Mu\u011fla B\u00fcy\u00fck\u015fehir Belediyesi Gen\u00e7lik Meclisi Ba\u015fkan\u0131 Muzaffer Cantekin ve Gen\u00e7lik Meclisi Ba\u015fkan Vekili \u00d6zge Zaimo\u011flu \u015einik, Antalya B\u00fcy\u00fck\u015fehir Meclisi\u2019ne destekleri ve kurulu\u015f a\u015famas\u0131nda verdikleri desteklerden dolay\u0131 te\u015fekk\u00fcr etti.\u00a0<br \/>GEN\u00c7L\u0130K SPOR \u00c7ALI\u015eMALARI ANLATILDI<br \/>B\u00fcy\u00fck\u015fehir Belediyesi Gen\u00e7lik Meclisi Ocak ay\u0131 genel kurulunda gen\u00e7lerin temsiliyetini ve yerel gen\u00e7lik politikalar\u0131n\u0131n kente etkisinin artt\u0131rmak amac\u0131yla daire ba\u015fkanl\u0131klar\u0131 taraf\u0131ndan bir dizi sunum ger\u00e7ekle\u015ftirildi. B\u00fcy\u00fck\u015fehir Belediyesi \u0130klim De\u011fi\u015fikli\u011fi ve S\u0131f\u0131r At\u0131k Dairesi Ba\u015fkan\u0131 Melike Kire\u00e7\u00e7iba\u015f\u0131 ve Proje Uzman\u0131 Dr. Fulya Kandemir\u2019in sunumlar\u0131yla Kas\u0131m ay\u0131nda Antalya\u2019da ger\u00e7ekle\u015fecek Birle\u015fmi\u015f Milletler \u0130klim De\u011fi\u015fikli\u011fi \u00c7er\u00e7eve S\u00f6zle\u015fmesi 31. Taraflar Konferans\u0131 (COP31) hakk\u0131nda gen\u00e7leri bilgilendirildi. Gen\u00e7lik ve Spor Hizmetleri Dairesi Ba\u015fkan\u0131 \u0130brahim \u0130lhami Ko\u00e7 da gen\u00e7lik meclisi \u00fcyelerine B\u00fcy\u00fck\u015fehir Belediyesi\u2019nin gen\u00e7lik ve spor \u00e7al\u0131\u015fmalar\u0131 hakk\u0131nda bilgi vererek deneyimlerini ve \u00f6nerilerini aktard\u0131.<\/p>\n<p>\u00a0<\/p>\n<p>Kaynak: (BYZHA) Beyaz Haber Ajans\u0131<\/p>\n","protected":false},"excerpt":{"rendered":"<p>Antalya B\u00fcy\u00fck\u015fehir Belediyesi Gen\u00e7lik Meclisi kurulu\u015funa destek sa\u011flad\u0131\u011f\u0131 Mu\u011fla B\u00fcy\u00fck\u015fehir Belediyesi Gen\u00e7lik Meclisi ile karde\u015f oluyor.<\/p>\n","protected":false},"author":1,"featured_media":5981,"comment_status":"open","ping_status":"open","sticky":false,"template":"","format":"standard","meta":{"footnotes":""},"categories":[4],"tags":[457,516,1119,498,1401],"class_list":["post-5980","post","type-post","status-publish","format-standard","has-post-thumbnail","hentry","category-gundem","tag-antalya","tag-baskan","tag-buyuksehir","tag-destek","tag-meclisi"],"_links":{"self":[{"href":"https:\/\/bihavadis.com\/index.php\/wp-json\/wp\/v2\/posts\/5980","targetHints":{"allow":["GET"]}}],"collection":[{"href":"https:\/\/bihavadis.com\/index.php\/wp-json\/wp\/v2\/posts"}],"about":[{"href":"https:\/\/bihavadis.com\/index.php\/wp-json\/wp\/v2\/types\/post"}],"author":[{"embeddable":true,"href":"https:\/\/bihavadis.com\/index.php\/wp-json\/wp\/v2\/users\/1"}],"replies":[{"embeddable":true,"href":"https:\/\/bihavadis.com\/index.php\/wp-json\/wp\/v2\/comments?post=5980"}],"version-history":[{"count":1,"href":"https:\/\/bihavadis.com\/index.php\/wp-json\/wp\/v2\/posts\/5980\/revisions"}],"predecessor-version":[{"id":5982,"href":"https:\/\/bihavadis.com\/index.php\/wp-json\/wp\/v2\/posts\/5980\/revisions\/5982"}],"wp:featuredmedia":[{"embeddable":true,"href":"https:\/\/bihavadis.com\/index.php\/wp-json\/wp\/v2\/media\/5981"}],"wp:attachment":[{"href":"https:\/\/bihavadis.com\/index.php\/wp-json\/wp\/v2\/media?parent=5980"}],"wp:term":[{"taxonomy":"category","embeddable":true,"href":"https:\/\/bihavadis.com\/index.php\/wp-json\/wp\/v2\/categories?post=5980"},{"taxonomy":"post_tag","embeddable":true,"href":"https:\/\/bihavadis.com\/index.php\/wp-json\/wp\/v2\/tags?post=5980"}],"curies":[{"name":"wp","href":"https:\/\/api.w.org\/{rel}","templated":true}]}}