{"id":59860,"date":"2026-03-04T12:15:16","date_gmt":"2026-03-04T12:15:16","guid":{"rendered":"https:\/\/bihavadis.com\/?p=59860"},"modified":"2026-03-04T12:15:16","modified_gmt":"2026-03-04T12:15:16","slug":"yanginla-ilgili-ceza-karari-onandi","status":"publish","type":"post","link":"https:\/\/bihavadis.com\/index.php\/2026\/03\/04\/yanginla-ilgili-ceza-karari-onandi\/","title":{"rendered":"Yang\u0131nla \u0130lgili Ceza Karar\u0131 Onand\u0131"},"content":{"rendered":"<p>\n<p>\u0130ZM\u0130R&#8217;in Sel\u00e7uk il\u00e7esinde 5 \u00e7ocu\u011funun hayat\u0131n\u0131 kaybetti\u011fi yang\u0131na ili\u015fkin &#8216;Bilin\u00e7li taksirle birden fazla ki\u015finin \u00f6l\u00fcm\u00fcne sebep olma&#8217; su\u00e7undan yarg\u0131lanan Sinem Melisa Akcan&#8217;a (29) yerel mahkemece ceza verilmemesine ili\u015fkin karar &#8216;hukuka ayk\u0131r\u0131l\u0131k&#8217; bulunmad\u0131\u011f\u0131 gerek\u00e7esiyle istinaf mahkemesi taraf\u0131ndan onan\u0131p kesinle\u015fti.<\/p>\n<p>Cumhuriyet Mahallesi Tav\u015fantepe mevkisinde tek katl\u0131 evde oturan, e\u015fi Hakan Akcan bir su\u00e7tan dolay\u0131 cezaevinde bulunan ve ailesinin ge\u00e7imini hurdac\u0131l\u0131k yaparak sa\u011flayan Sinem Melisa Akcan, 11 Kas\u0131m 2024 saat 19.00 s\u0131ralar\u0131nda 5 \u00e7ocu\u011funu evde b\u0131rak\u0131p, hurda toplamaya gitti. Bir s\u00fcre sonra evde bulunan soban\u0131n devrilmesi sonucu yang\u0131n \u00e7\u0131kt\u0131. Alevler k\u0131sa s\u00fcrede evi sararken, i\u00e7eride bulunan Aras Bulut Akcan (1), Masal I\u015f\u0131k Akcan (2), Aslan Mira\u00e7 Akcan (3), Funda Peri Akcan (4) ve Fadime Nefes Akcan (5) karde\u015fler mahsur kald\u0131. Yang\u0131n, ekiplerin m\u00fcdahalesiyle s\u00f6nd\u00fcr\u00fcld\u00fc. Evden \u00e7\u0131kar\u0131lan 5 \u00e7ocuktan 3&#8217;\u00fcn\u00fcn zehirlenerek hayat\u0131n\u0131 kaybetti\u011fi belirlendi. Yaralanan 2 \u00e7ocuk da kald\u0131r\u0131ld\u0131klar\u0131 hastanede kurtar\u0131lamad\u0131. <\/p>\n<p>Yang\u0131nla ilgili yap\u0131lan incelemede, kap\u0131n\u0131n kilitli oldu\u011fu tespit edildi. \u00c7ocuklar\u0131n\u0131 kaybetmenin ac\u0131s\u0131 ile sinir krizi ge\u00e7iren ve kald\u0131r\u0131ld\u0131\u011f\u0131 hastanede tedaviye al\u0131nan Melisa Akcan, taburcu olduktan sonra ifadesi i\u00e7in polis merkezine g\u00f6t\u00fcr\u00fcld\u00fc. Adliyeye sevk edilen Melisa Akcan, adli kontrol \u015fart\u0131yla serbest b\u0131rak\u0131ld\u0131. 5 karde\u015fin cenazeleri, bir g\u00fcn sonra Acarlar Mezarl\u0131\u011f\u0131&#8217;nda yan yana topra\u011fa verildi.<\/p>\n<p>&#8216;\u00c7OCUKLARI D\u00dc\u015e\u00dcN\u00dcNCE AKLIMA TOPRAK KOKUSU GEL\u0130YOR&#8217;<\/p>\n<p>Olay\u0131n ard\u0131ndan Akcan hakk\u0131nda &#8216;Bilin\u00e7li taksirle birden fazla ki\u015finin \u00f6l\u00fcm\u00fcne sebep olma&#8217; su\u00e7undan 20 y\u0131la kadar hapis cezas\u0131 istemiyle iddianame haz\u0131rland\u0131. Akcan&#8217;\u0131n ailevi durumu bak\u0131m\u0131ndan ma\u011fduriyet ya\u015fad\u0131\u011f\u0131, bu nedenle de indirim h\u00fck\u00fcmlerinin uygulanmas\u0131 talep edilerek, iddianame mahkemeye sunuldu. \u0130ddianame, Torbal\u0131 A\u011f\u0131r Ceza Mahkemesi taraf\u0131ndan kabul edildi. Tutuksuz san\u0131k Sinem Melisa Akcan, 21 Ekim 2025 y\u0131l\u0131nda Torbal\u0131 A\u011f\u0131r Ceza Mahkemesi&#8217;nde hakim \u00f6n\u00fcne \u00e7\u0131kt\u0131. Akcan savunmas\u0131nda, &#8220;\u00c7ocuklar\u0131m\u0131n kokusunu d\u00fc\u015f\u00fcn\u00fcnce akl\u0131ma toprak kokusu geliyor. Bittim, yok oldum&#8221; dedi.<\/p>\n<p>\u0130LK CELSEDE KARAR<\/p>\n<p>Akcan&#8217;\u0131n olayda bilin\u00e7li taksiri olmad\u0131\u011f\u0131na karar veren heyet, Akcan&#8217;\u0131n \u00e7ocuklar\u0131n vefat\u0131yla \u00fcz\u00fcnt\u00fc duydu\u011funa ve ceza verilmesine yer olmad\u0131\u011f\u0131na h\u00fckmetti. Heyet, Akcan&#8217;\u0131n adli kontrol h\u00fck\u00fcmlerini de kald\u0131rd\u0131. Mahkeme heyeti, verilen karar\u0131n gerek\u00e7esini de a\u00e7\u0131klad\u0131. Kararda, Akcan&#8217;\u0131n 5 \u00e7ocu\u011funun vefat etti\u011fi olayda ki\u015fisel ve ailevi durumu bak\u0131m\u0131ndan art\u0131k ceza verilmesinin gereksiz kalacak derece ma\u011fdur oldu\u011funun kabul edildi\u011fi yer ald\u0131. Bu gerek\u00e7elerden \u00f6t\u00fcr\u00fc Akcan&#8217;a ceza verilmesine yer olmad\u0131\u011f\u0131na tam bir vicdani kanaatle karar verildi\u011fi vurguland\u0131.<\/p>\n<p>&#8216;USUL VE ESASA AYKIRILIK YOK&#8217;<\/p>\n<p>Yerel mahkemenin karar\u0131na Cumhuriyet savc\u0131s\u0131 itiraz etti ve dosya istinaf mahkemesine gitti. Dosyay\u0131 g\u00f6r\u00fc\u015fen \u0130zmir B\u00f6lge Adliye Mahkemesi 14&#8217;\u00fcnc\u00fc Ceza Dairesi, yerel mahkemenin karar\u0131nda usule ve esasa ili\u015fkin herhangi bir hukuka ayk\u0131r\u0131l\u0131\u011f\u0131n bulunmad\u0131\u011f\u0131na kanaat getirdi. Deliller ve i\u015flemlerde herhangi bir eksiklik olmad\u0131\u011f\u0131 ve delillerin takdiri ile de\u011ferlendirmenin yerinde oldu\u011funa kanaat getiren Ceza Dairesi, istinaf ba\u015fvurusunun reddine karar verdi ve yerel mahkemenin karar\u0131n\u0131 onad\u0131. B\u00f6ylelikle yerel mahkemenin karar\u0131 kesinle\u015fti. <\/p>\n","protected":false},"excerpt":{"rendered":"<p>\u0130zmir Sel\u00e7uk&#8217;ta 5 \u00e7ocu\u011fun \u00f6l\u00fcm\u00fcne sebep olan Akcan&#8217;a ceza verilmemesi karar\u0131 kesinle\u015fti.<\/p>\n","protected":false},"author":1,"featured_media":59861,"comment_status":"open","ping_status":"open","sticky":false,"template":"","format":"standard","meta":{"footnotes":""},"categories":[9,4,13],"tags":[258,242,424,427,1542],"class_list":["post-59860","post","type-post","status-publish","format-standard","has-post-thumbnail","hentry","category-genel","category-gundem","category-son-dakika","tag-ceza","tag-cocuk","tag-karar","tag-mahkeme","tag-yan"],"_links":{"self":[{"href":"https:\/\/bihavadis.com\/index.php\/wp-json\/wp\/v2\/posts\/59860","targetHints":{"allow":["GET"]}}],"collection":[{"href":"https:\/\/bihavadis.com\/index.php\/wp-json\/wp\/v2\/posts"}],"about":[{"href":"https:\/\/bihavadis.com\/index.php\/wp-json\/wp\/v2\/types\/post"}],"author":[{"embeddable":true,"href":"https:\/\/bihavadis.com\/index.php\/wp-json\/wp\/v2\/users\/1"}],"replies":[{"embeddable":true,"href":"https:\/\/bihavadis.com\/index.php\/wp-json\/wp\/v2\/comments?post=59860"}],"version-history":[{"count":1,"href":"https:\/\/bihavadis.com\/index.php\/wp-json\/wp\/v2\/posts\/59860\/revisions"}],"predecessor-version":[{"id":59862,"href":"https:\/\/bihavadis.com\/index.php\/wp-json\/wp\/v2\/posts\/59860\/revisions\/59862"}],"wp:featuredmedia":[{"embeddable":true,"href":"https:\/\/bihavadis.com\/index.php\/wp-json\/wp\/v2\/media\/59861"}],"wp:attachment":[{"href":"https:\/\/bihavadis.com\/index.php\/wp-json\/wp\/v2\/media?parent=59860"}],"wp:term":[{"taxonomy":"category","embeddable":true,"href":"https:\/\/bihavadis.com\/index.php\/wp-json\/wp\/v2\/categories?post=59860"},{"taxonomy":"post_tag","embeddable":true,"href":"https:\/\/bihavadis.com\/index.php\/wp-json\/wp\/v2\/tags?post=59860"}],"curies":[{"name":"wp","href":"https:\/\/api.w.org\/{rel}","templated":true}]}}