{"id":59965,"date":"2026-03-04T13:33:05","date_gmt":"2026-03-04T13:33:05","guid":{"rendered":"https:\/\/bihavadis.com\/?p=59965"},"modified":"2026-03-04T13:33:05","modified_gmt":"2026-03-04T13:33:05","slug":"balikesir-basketbolda-cikis-pesinde","status":"publish","type":"post","link":"https:\/\/bihavadis.com\/index.php\/2026\/03\/04\/balikesir-basketbolda-cikis-pesinde\/","title":{"rendered":"Bal\u0131kesir, Basketbolda \u00c7\u0131k\u0131\u015f Pe\u015finde"},"content":{"rendered":"<p>Tekerlekli Sandalye Basketbol S\u00fcper Ligi&#8217;nde sezona k\u00f6t\u00fc ba\u015flayan Bal\u0131kesir B\u00fcy\u00fck\u015fehir Belediyespor, ilk yar\u0131n\u0131n son ma\u00e7\u0131n\u0131 kazanarak &#8220;\u00e7\u0131k\u0131\u015f&#8221; yakalamay\u0131 hedefliyor.<\/p>\n<p>S\u00fcper Lig&#8217;de 15 y\u0131ld\u0131r m\u00fccadele eden ye\u015fil-beyazl\u0131 ekip, 2025-26 sezonunun ilk haftas\u0131nda Astor Enerji \u015eanl\u0131urfa&#8217;ya 77-63, ikinci haftada ise Be\u015fikta\u015f Jimnastik Kul\u00fcb\u00fc&#8217;ne deplasmanda 90-44 ma\u011flup oldu.<\/p>\n<p>Sezondaki 12 haftada sadece Antalya B\u00fcy\u00fck\u015fehir Belediye Spor Kul\u00fcb\u00fc kar\u015f\u0131s\u0131nda galibiyet elde edebilen Bal\u0131kesir temsilcisi, ilk yar\u0131n\u0131n son ma\u00e7\u0131nda 7 \u015eubat Cumartesi g\u00fcn\u00fc Ba\u011fc\u0131lar Belediyesi Engelliler Spor Kul\u00fcb\u00fc ile oynayaca\u011f\u0131 kar\u015f\u0131la\u015fman\u0131n haz\u0131rl\u0131klar\u0131n\u0131 Alpaslan T\u00fcrke\u015f Spor Salonu&#8217;nda s\u00fcrd\u00fcr\u00fcyor.<\/p>\n<p>Ligde alt s\u0131ralardan kurtulmak isteyen Bal\u0131kesir B\u00fcy\u00fck\u015fehir Belediyespor &#8220;kentten&#8221; destek bekliyor.<\/p>\n<p>&#8220;Bu tak\u0131m\u0131 alt liglere d\u00fc\u015f\u00fcrmek istemiyoruz&#8221;<\/p>\n<p>Tak\u0131m\u0131n teknik sorumlusu Alper \u015eent\u00fcrk, AA muhabirine, kul\u00fcb\u00fcn uzun y\u0131llard\u0131r b\u00fcy\u00fck fedakarl\u0131klarla ayakta kald\u0131\u011f\u0131n\u0131 s\u00f6yledi.<\/p>\n<p>S\u00fcper Lig&#8217;e 2010-11 sezonunda y\u00fckseldiklerini hat\u0131rlatan \u015eent\u00fcrk, &#8220;Yakla\u015f\u0131k 15 y\u0131ld\u0131r S\u00fcper Lig&#8217;de m\u00fccadele ediyoruz. Ge\u00e7en sezonu 6. s\u0131rada tamamlad\u0131k ancak bu y\u0131l kadromuzda \u00f6nemli ayr\u0131l\u0131klar oldu. Belediye tak\u0131mlar\u0131 b\u00fct\u00e7e a\u00e7\u0131s\u0131ndan zor bir d\u00f6nemden ge\u00e7iyor. Sponsorluk deste\u011fiyle bu tak\u0131m\u0131 y\u0131llar sonra alt liglere d\u00fc\u015f\u00fcrmemek i\u00e7in m\u00fccadele ediyoruz. Bal\u0131kesir B\u00fcy\u00fck\u015fehir Belediye Ba\u015fkan\u0131m\u0131zdan ve kentimizin i\u015f insanlar\u0131ndan destek bekliyoruz.&#8221; dedi.<\/p>\n<p>&#8220;Devre aras\u0131na moralli girmek istiyoruz&#8221;<\/p>\n<p>Ba\u015fantren\u00f6r Mehmet Turan da bu sezon m\u00fctevaz\u0131 bir kadroyla m\u00fccadele ettiklerini belirterek rakiplerin g\u00fc\u00e7l\u00fc b\u00fct\u00e7elere sahip oldu\u011funa dikkati \u00e7ekti.<\/p>\n<p>Devre aras\u0131na moralli girmek istediklerini aktaran Turan, &#8220;Gerekli destek ve takviyeler sa\u011flan\u0131rsa S\u00fcper Lig&#8217;de kalaca\u011f\u0131m\u0131za inan\u0131yorum. Belediyemiz elinden geleni yap\u0131yor ancak sponsorumuzun olmamas\u0131 bizi zorluyor. Fenerbah\u00e7e, Galatasaray ve Be\u015fikta\u015f gibi g\u00fc\u00e7l\u00fc rakiplerle m\u00fccadele ediyoruz. Kentimizin ve taraftarlar\u0131m\u0131z\u0131n deste\u011fi bizim i\u00e7in \u00e7ok \u00f6nemli.&#8221; de\u011ferlendirmesinde bulundu.<\/p>\n","protected":false},"excerpt":{"rendered":"<p>Bal\u0131kesir B\u00fcy\u00fck\u015fehir Belediyespor, S\u00fcper Lig&#8217;de alt s\u0131ralardan kurtulmak i\u00e7in kentten destek bekliyor.<\/p>\n","protected":false},"author":1,"featured_media":59966,"comment_status":"open","ping_status":"open","sticky":false,"template":"","format":"standard","meta":{"footnotes":""},"categories":[8],"tags":[372,1007,451,1729],"class_list":["post-59965","post","type-post","status-publish","format-standard","has-post-thumbnail","hentry","category-ekonomi","tag-belediye","tag-mucadele","tag-sezon","tag-super"],"_links":{"self":[{"href":"https:\/\/bihavadis.com\/index.php\/wp-json\/wp\/v2\/posts\/59965","targetHints":{"allow":["GET"]}}],"collection":[{"href":"https:\/\/bihavadis.com\/index.php\/wp-json\/wp\/v2\/posts"}],"about":[{"href":"https:\/\/bihavadis.com\/index.php\/wp-json\/wp\/v2\/types\/post"}],"author":[{"embeddable":true,"href":"https:\/\/bihavadis.com\/index.php\/wp-json\/wp\/v2\/users\/1"}],"replies":[{"embeddable":true,"href":"https:\/\/bihavadis.com\/index.php\/wp-json\/wp\/v2\/comments?post=59965"}],"version-history":[{"count":1,"href":"https:\/\/bihavadis.com\/index.php\/wp-json\/wp\/v2\/posts\/59965\/revisions"}],"predecessor-version":[{"id":59967,"href":"https:\/\/bihavadis.com\/index.php\/wp-json\/wp\/v2\/posts\/59965\/revisions\/59967"}],"wp:featuredmedia":[{"embeddable":true,"href":"https:\/\/bihavadis.com\/index.php\/wp-json\/wp\/v2\/media\/59966"}],"wp:attachment":[{"href":"https:\/\/bihavadis.com\/index.php\/wp-json\/wp\/v2\/media?parent=59965"}],"wp:term":[{"taxonomy":"category","embeddable":true,"href":"https:\/\/bihavadis.com\/index.php\/wp-json\/wp\/v2\/categories?post=59965"},{"taxonomy":"post_tag","embeddable":true,"href":"https:\/\/bihavadis.com\/index.php\/wp-json\/wp\/v2\/tags?post=59965"}],"curies":[{"name":"wp","href":"https:\/\/api.w.org\/{rel}","templated":true}]}}