{"id":59994,"date":"2026-03-04T13:54:09","date_gmt":"2026-03-04T13:54:09","guid":{"rendered":"https:\/\/bihavadis.com\/?p=59994"},"modified":"2026-03-04T13:54:09","modified_gmt":"2026-03-04T13:54:09","slug":"ersan-sen-ben-boyle-bir-bildiriye-imza-atmam","status":"publish","type":"post","link":"https:\/\/bihavadis.com\/index.php\/2026\/03\/04\/ersan-sen-ben-boyle-bir-bildiriye-imza-atmam\/","title":{"rendered":"Er\u015fan \u015een: Ben b\u00f6yle bir bildiriye imza atmam"},"content":{"rendered":"<p><img decoding=\"async\" src=\"https:\/\/bihavadis.com\/wp-content\/uploads\/2026\/03\/ersan-sen-ben-boyle-bir-bildiriye-imza-atmam-0-LdxQWHKc.jpg\"\/><\/p>\n<p>Akademisyenler, yazarlar, sanat\u00e7\u0131lar, gazeteciler ve \u00e7e\u015fitli meslek odas\u0131 temsilcilerinden olu\u015fan bir grup, <em><b>&#8220;Laikli\u011fi Birlikte Savunuyoruz&#8221;<\/b><\/em> ba\u015fl\u0131kl\u0131 bir bildiri yay\u0131mlad\u0131.<\/p>\n<p>Bildiriye imza atanlar aras\u0131nda, Onur Ak\u0131n, Niyazi Koyuncu, Ataol Bahremo\u011flu, Rutkay Aziz, \u0130lkay Akkaya, Merdan Yanarda\u011f, M\u00fcjde Ar&#8217;\u0131n da bulundu\u011fu bildiriye tepki ya\u011fd\u0131.<\/p>\n<p><em><b>&#8216;Bildiri&#8217;<\/b><\/em>, ilk etapta 168 imzac\u0131 taraf\u0131ndan kamuoyuna sunuldu.<\/p>\n<p>Bildiride, son d\u00f6nemde laikli\u011fe d\u00f6n\u00fck sald\u0131r\u0131lar\u0131n artt\u0131\u011f\u0131 vurgulanarak \u015fu ifadeler yer ald\u0131:<\/p>\n<p><em><b>&#8220;Laikli\u011fi savunmak su\u00e7 de\u011fildir. Laikli\u011fi birlikte savunuyoruz, \u015feriat\u00e7\u0131 dayatmalar\u0131 reddediyoruz. Karanl\u0131\u011fa teslim olmayaca\u011f\u0131z.&#8221;<\/b><\/em><\/p>\n<p>Ensonhaber Youtube kanal\u0131nda\u00a0\u00c7a\u011flar Cilara&#8217;n\u0131n moderat\u00f6rl\u00fc\u011f\u00fcnde yay\u0131nlanan programa konuk olan Ceza Hukuk\u00e7usu Prof. Ersan \u015een de bu bildiriyi de\u011ferlendirdi.\u00a0<\/p>\n<p>\u015een a\u00e7\u0131klamas\u0131nda \u015f\u00f6yle dedi;\u00a0<\/p>\n<p><strong>&#8220;BEN B\u00d6YLE B\u0130R B\u0130LD\u0130R\u0130YE \u0130MZA ATMAM&#8221;<\/strong><\/p>\n<p>Laiklik bildirisini okudum. Ben isimler \u00fczerinden odaklanmayaca\u011f\u0131m. Herkesin ifade <b><em>h\u00fcrriyetine de sayg\u0131 duyar\u0131m, ifade h\u00fcrriyeti anlay\u0131\u015f\u0131m geni\u015ftir, demokratik toplumlar\u0131n bu \u015fekilde geli\u015fece\u011fini, toplumlar\u0131n \u00fcretece\u011fini d\u00fc\u015f\u00fcnenlerdenim ama tabii bunun bir sayg\u0131 \u00e7er\u00e7evesinde olmas\u0131 laz\u0131m, ki\u015filik haklar\u0131 bak\u0131m\u0131ndan bilhassa<\/em><\/b><b><em>.<\/em><\/b><\/p>\n<p><b><em> Ben okudu\u011fumda \u015funu d\u00fc\u015f\u00fcnd\u00fcm, bir defa b\u00f6yle bir bildiriye imza atmam bir, kendi ad\u0131ma s\u00f6yl\u00fcyorum, korktu\u011fum i\u00e7in de\u011fil, bildiri i\u00e7eri\u011fine inanmad\u0131\u011f\u0131mdan ve bunun bizim meselemiz olmad\u0131\u011f\u0131n\u0131 d\u00fc\u015f\u00fcnd\u00fc\u011f\u00fcmden. <\/em><\/b><\/p>\n<p><b><em>T\u00fcrkiye&#8217;nin odaklanmas\u0131, \u00e7\u00f6zmesi gereken meselesi belli karde\u015fim. Savunmam\u0131z, silah sanayimiz g\u00fc\u00e7leniyor, ekonomimiz \u00e7ok \u00f6nemli bizim \u00e7\u00fcnk\u00fc bor\u00e7 alan emir al\u0131r, e\u011fer iktisadi ba\u011f\u0131ms\u0131zl\u0131\u011f\u0131n olmazsa siyasi ba\u011f\u0131ms\u0131zl\u0131\u011f\u0131n olmaz, bizim en \u00f6nemli meselemiz \u00fcretimiz, param\u0131z, ben notumu \u015fu \u015fekilde kaleme ald\u0131m. Dikkatli bir \u015fekilde de okuyaca\u011f\u0131m. <\/em><\/b><\/p>\n<p><b><em>Laiklik bildirisini g\u00f6rd\u00fcm bir defa. Ger\u00e7ekten bunun muhalefete ve se\u00e7mene tabana faydas\u0131n\u0131n olmad\u0131\u011f\u0131n\u0131 d\u00fc\u015f\u00fcn\u00fcyorum. Bu iktidara yarar, bak bu iktidara yarar.\u00a0\u00a0<\/em><\/b><\/p>\n<p><strong>&#8220;NE ELDE ETMEYE \u00c7ALI\u015eMI\u015eLAR&#8221;<\/strong><\/p>\n<p><em><b>\u0130ktidarda olana yarar, ya bu bildiri sayesinde dedim, &#8220;ne elde etmeye \u00e7al\u0131\u015fm\u0131\u015flar, hedef ne?\u00a0 Fark\u0131ndal\u0131k m\u0131, uyuyan birilerini uyand\u0131rmak m\u0131 veya bir g\u00fc\u00e7 g\u00f6sterisi mi, g\u00f6z da\u011f\u0131 m\u0131, fark\u0131nday\u0131z m\u0131 ya da muhalefeti mi uyand\u0131rmaya \u00e7al\u0131\u015f\u0131yorlar?\u00a0<\/b><\/em><\/p>\n<p><em><b> Umar\u0131m Cumhuriyet Halk Partisi destek vermez. Sokakla ba\u011flar\u0131n oldu\u011funu d\u00fc\u015f\u00fcnm\u00fcyorum, AK Parti&#8217;ye yarad\u0131\u011f\u0131n\u0131 d\u00fc\u015f\u00fcn\u00fcyorum.<\/b><\/em><\/p>\n<p><img decoding=\"async\" src=\"https:\/\/bihavadis.com\/wp-content\/uploads\/2026\/03\/ersan-sen-ben-boyle-bir-bildiriye-imza-atmam-1-I7jzU4UL.jpg\"\/><\/p>\n<p><strong>&#8220;LA\u0130KL\u0130\u011e\u0130 DO\u011eRU ANLAYACAKSINIZ&#8221;<\/strong><\/p>\n<p><em><b>Kaostan kimin beslendi\u011fine bakmak laz\u0131m bu t\u00fcr tart\u0131\u015fmalarda laiklik elbette din ve vicdan h\u00fcrriyeti bak\u0131m\u0131ndan \u00e7ok \u00f6nemli, tarihimizde yanl\u0131\u015f uygulamalar\u0131 olsa da laiklik olmadan bu \u00fclkede sek\u00fcler dedi\u011fimiz  yap\u0131 hakikaten din ve vicdan h\u00fcrriyeti anlam\u0131nda herkesin inan\u0131yorsa inanc\u0131n\u0131 inanm\u0131yorsa inan\u00e7s\u0131zl\u0131\u011f\u0131 \u00e7er\u00e7evesinde ya\u015fam tarz\u0131 itibariyle ya\u015famas\u0131n\u0131 m\u00fcmk\u00fcn k\u0131lamazs\u0131n\u0131z karde\u015fim.<\/b><\/em><\/p>\n<p><em><b>Laikli\u011fi do\u011fru anlayacaks\u0131n\u0131z. Sadece din ve devlet i\u015flerinin birbirinden ayr\u0131lmas\u0131 de\u011fil. Laiklik temelde bir \u00fclkenin hukuk kurallar\u0131n\u0131n bir veya birka\u00e7 dinin veya mezhebin kurallar\u0131yla donat\u0131lmamas\u0131 demektir. Laiklik insanlar\u0131n inan\u00e7lar\u0131n\u0131 inand\u0131klar\u0131 gibi ama ba\u015fkalar\u0131na bask\u0131 yapmadan, m\u00fcdahale etmeden onlar\u0131n hak ve h\u00fcrriyetlerine sayg\u0131 temelinde ya\u015fayabilmesi demektir.\u00a0<\/b><\/em><\/p>\n<p><img decoding=\"async\" src=\"https:\/\/bihavadis.com\/wp-content\/uploads\/2026\/03\/ersan-sen-ben-boyle-bir-bildiriye-imza-atmam-2-ALrJ6aW2.jpg\"\/><\/p>\n<p><strong>&#8220;BU B\u0130LD\u0130R\u0130 CHP&#8217;N\u0130N YANINDA OLMAMASI GEREKEN B\u0130R B\u0130LD\u0130R\u0130&#8221;<\/strong><\/p>\n<p><em><b> Devam ediyorum. Laiklik elbette \u00e7ok \u00f6nemli. Ama laiklik anlay\u0131\u015f\u0131, Jakoben, \u00fcstenci birilerinin laiklik anlay\u0131\u015f\u0131 bi\u00e7iminde, \u00fclkenin ger\u00e7eklerinden uzak bir anlay\u0131\u015f olarak topluma yabanc\u0131 anlay\u0131\u015fla y\u00fcr\u00fcmez, olmaz. <\/b><\/em><\/p>\n<p><em><b>ani siz \u015f\u00f6yle d\u00fc\u015f\u00fcn\u00fcyorsunuz, diyorsunuz ki, bir A partisi var, bir B. A partisi B partisini sadece muhafazakarl\u0131k \u00fczerinden de\u011ferlendirip kendisine uzak g\u00f6r\u00fcyor ama milli temelleri ayn\u0131. Di\u011fer parti milli temellerde \u00e7ok farkl\u0131 ama muhafazakar olmad\u0131\u011f\u0131 i\u00e7in kendisine yak\u0131n g\u00f6r\u00fcyor esas\u0131nda kendisine uzak olan\u0131.\u00a0 Ne demek istedi\u011fimi anlad\u0131n\u0131z? <\/b><\/em><\/p>\n<p><em><b>B\u00f6yle bir ayr\u0131\u015fma, tart\u0131\u015fma, toplumdan uzak, soka\u011fa tan\u0131madan bir bildirinin, dedi\u011fim gibi, muhalif anlay\u0131\u015fa, e\u011fer ama\u00e7 muhalefeti uyand\u0131rmaksa faydas\u0131n\u0131n olmayaca\u011f\u0131n\u0131, aksine iktidar\u0131n i\u015fine yarayaca\u011f\u0131n\u0131 d\u00fc\u015f\u00fcn\u00fcyorum. <\/b><\/em><\/p>\n<p><em><b>Ama\u00e7 bak\u0131n S\u00fcnni, Alevi, baz\u0131 \u015feyleri a\u00e7\u0131k konu\u015fal\u0131m, dindar sek\u00fcler polemi\u011fi \u00e7\u0131kar\u0131p esas mesele olan ekonomiyi unutturmaksa bak b\u00f6yle unutturursun, b\u00f6yle unutturursun, kutupla\u015ft\u0131r\u0131rs\u0131n. Ramazan geldi, bak not alm\u0131\u015f\u0131m, adam eve hurma, zeytin, peynir g\u00f6t\u00fcrmek istiyorum diyor. <\/b><\/em><\/p>\n<p><em><b>Ama bunlar\u0131n d\u00fcnyas\u0131, bak\u0131yorsun karde\u015fim, diyorsun ki, ya g\u00f6t\u00fcremiyor evine ama bunlar\u0131n d\u00fcnyas\u0131 farkl\u0131. \u015eimdi iktidar se\u00e7menini kaybetmemek i\u00e7in \u015funu dese nas\u0131l siz i\u015fin i\u00e7inden \u00e7\u0131kacaks\u0131n\u0131z ki diyecekler. G\u00f6r\u00fcyorsunuz bunlar gelirse 28 \u015eubat&#8217;\u0131 tekrar yaparlar. <\/b><\/em><\/p>\n<p><em><b>Bu kafa yaparlar korkusunu bak korkusunu yayars\u0131n. Cumhuriyet Halk Partisi de, muhalefet de buna bal\u0131klama atlarsa ayn\u0131 hataya d\u00fc\u015f\u00fcp sen yanl\u0131\u015f yerlerde y\u00fczersin, sonu\u00e7 aramaya \u00e7al\u0131\u015f\u0131rs\u0131n. Bence yap\u0131lmas\u0131 gereken bu bildiri kanaatimce kat\u0131lmad\u0131\u011f\u0131m ve muhalefetin de Cumhuriyet Halk Partisi&#8217;nin de yan\u0131nda olmamas\u0131 gereken bir bildiri bence.<\/b><\/em><\/p>\n<p><img decoding=\"async\" src=\"https:\/\/bihavadis.com\/wp-content\/uploads\/2026\/03\/ersan-sen-ben-boyle-bir-bildiriye-imza-atmam-3-sh6q4fpR.jpg\"\/><\/p>\n<p><strong>&#8220;B\u0130Z\u0130M ODAKLANMAMIZ GEREKEN KONULAR FARKLI&#8221;<\/strong><\/p>\n<p><em><b>Ben \u015funu s\u00f6yl\u00fcyorum sen diyorum bunlar\u0131 bo\u015fver karde\u015fim okula gitmeyen \u00e7ayc\u0131da \u00e7orbac\u0131da tornac\u0131da \u00e7al\u0131\u015fan evlatlar\u0131m\u0131z\u0131n hesab\u0131n\u0131\u00a0 sorman laz\u0131m senin bu \u00fclkede.<\/b><\/em><\/p>\n<p><em><b> Bunu sormak laz\u0131m, \u00e7ocuklar\u0131m\u0131z\u0131n sorunlar\u0131na odaklanmam\u0131z laz\u0131m, sosyal devlet olarak devlet okullar\u0131n\u0131n e\u011fitim \u00f6\u011frenim kalitelerini odaklanmam\u0131z laz\u0131m, \u00fcniversitelerin sorunlar\u0131na odaklanmam\u0131z laz\u0131m, gelece\u011fe kayg\u0131yla bakan ailelerin ve \u00e7ocuklar\u0131n, gen\u00e7lerin sorunlar\u0131na odaklanmam\u0131z laz\u0131m. <\/b><\/em><\/p>\n<p><em><b>Bizim sorunumuz laiklik bildirisinde ge\u00e7en de\u011fil. Buras\u0131 asla Afganistan&#8217;daki Taliban y\u00f6netim olmaz karde\u015fim. \u00d6yle bir beklenti varsa avucunu yalar herkes.<\/b><\/em><\/p>\n<p><strong>&#8220;SEN ERDO\u011eAN&#8217;LA POLEM\u0130\u011eE G\u0130RERSEN KAYBEDERS\u0130N&#8221;<\/strong><\/p>\n<p><em><b>Sokakta tart\u0131\u015f\u0131yorlar biliyoruz, efendim i\u015fte \u0130ran gibi mi olaca\u011f\u0131z, oras\u0131 gibi mi olaca\u011f\u0131z, buras\u0131 gibi bak\u0131n tekrar s\u00f6yl\u00fcyorum, bunlar de\u011fil bizim meselemiz, bizim meselemiz bunlar olarak g\u00f6rmek, hata olur ve \u015f\u00f6yle s\u00f6yleyip bitirece\u011fim. <\/b><\/em><\/p>\n<p><em><b>Bence s\u0131k\u0131\u015ft\u0131r\u0131lacak yerler buralar. Laiklik konusuna girdi\u011finde sen iktidarla ve Say\u0131n Erdo\u011fan&#8217;la polemi\u011fe girersen kaybedersin karde\u015fim. <\/b><\/em><\/p>\n<p><em><b>Bak tekrar s\u00f6yl\u00fcyorum, g\u00f6rd\u00fck i\u015fte Milli E\u011fitim Bakan\u0131m\u0131zla i\u015fte birtak\u0131m tart\u0131\u015fmalar ya\u015fan\u0131yor, o onu dava ediyor, onu dava ediyor, birbirlerini \u015fikayet ediyorlar. <\/b><\/em><\/p>\n<p><em><b>Bundan kim karl\u0131 \u00e7\u0131kacak, kim fayda sa\u011flar bunlar, iktidar der ki bunlar 28 \u015eubat\u00e7\u0131. Bu zihniyetin devam\u0131. Bunlar gelirse t\u00fcrbanl\u0131 ba\u015f\u00f6rt\u00fcn\u00fc kaybedersin karde\u015fim der \u00e7\u0131kar i\u015fin i\u00e7inden.<\/b><\/em><\/p>\n<p><img decoding=\"async\" src=\"https:\/\/bihavadis.com\/wp-content\/uploads\/2026\/03\/ersan-sen-ben-boyle-bir-bildiriye-imza-atmam-4-n5Ghbe8T.jpg\"\/><\/p>\n<div> <span><strong>Kaynak:<\/strong> Ensonhaber Haber Merkezi<\/span> <\/div>\n","protected":false},"excerpt":{"rendered":"<p>Akademisyenler, yazarlar, sanat\u00e7\u0131lar, gazeteciler ve \u00e7e\u015fitli meslek odas\u0131 temsilcilerinden olu\u015fan bir grup, &#8220;Laikli\u011fi Birlikte Savunuyoruz&#8221; ba\u015fl\u0131kl\u0131 bir bildiri yay\u0131mlad\u0131. Bildiriye imza atanlar aras\u0131nda, Onur Ak\u0131n, Niyazi Koyuncu, Ataol Bahremo\u011flu &#8230;<\/p>\n","protected":false},"author":1,"featured_media":59995,"comment_status":"open","ping_status":"open","sticky":false,"template":"","format":"standard","meta":{"footnotes":""},"categories":[9,13],"tags":[1937,4285,2807,303,7136],"class_list":["post-59994","post","type-post","status-publish","format-standard","has-post-thumbnail","hentry","category-genel","category-son-dakika","tag-bak","tag-bildiri","tag-bunlar","tag-kardesim","tag-laiklik"],"_links":{"self":[{"href":"https:\/\/bihavadis.com\/index.php\/wp-json\/wp\/v2\/posts\/59994","targetHints":{"allow":["GET"]}}],"collection":[{"href":"https:\/\/bihavadis.com\/index.php\/wp-json\/wp\/v2\/posts"}],"about":[{"href":"https:\/\/bihavadis.com\/index.php\/wp-json\/wp\/v2\/types\/post"}],"author":[{"embeddable":true,"href":"https:\/\/bihavadis.com\/index.php\/wp-json\/wp\/v2\/users\/1"}],"replies":[{"embeddable":true,"href":"https:\/\/bihavadis.com\/index.php\/wp-json\/wp\/v2\/comments?post=59994"}],"version-history":[{"count":1,"href":"https:\/\/bihavadis.com\/index.php\/wp-json\/wp\/v2\/posts\/59994\/revisions"}],"predecessor-version":[{"id":60001,"href":"https:\/\/bihavadis.com\/index.php\/wp-json\/wp\/v2\/posts\/59994\/revisions\/60001"}],"wp:featuredmedia":[{"embeddable":true,"href":"https:\/\/bihavadis.com\/index.php\/wp-json\/wp\/v2\/media\/59995"}],"wp:attachment":[{"href":"https:\/\/bihavadis.com\/index.php\/wp-json\/wp\/v2\/media?parent=59994"}],"wp:term":[{"taxonomy":"category","embeddable":true,"href":"https:\/\/bihavadis.com\/index.php\/wp-json\/wp\/v2\/categories?post=59994"},{"taxonomy":"post_tag","embeddable":true,"href":"https:\/\/bihavadis.com\/index.php\/wp-json\/wp\/v2\/tags?post=59994"}],"curies":[{"name":"wp","href":"https:\/\/api.w.org\/{rel}","templated":true}]}}