{"id":60037,"date":"2026-03-04T14:24:08","date_gmt":"2026-03-04T14:24:08","guid":{"rendered":"https:\/\/bihavadis.com\/?p=60037"},"modified":"2026-03-04T14:24:08","modified_gmt":"2026-03-04T14:24:08","slug":"epstein-dosyalarindan-cikti-fbii-zora-sokacak-tecavuz-iddiasi","status":"publish","type":"post","link":"https:\/\/bihavadis.com\/index.php\/2026\/03\/04\/epstein-dosyalarindan-cikti-fbii-zora-sokacak-tecavuz-iddiasi\/","title":{"rendered":"Epstein dosyalar\u0131ndan \u00e7\u0131kt\u0131! FBI&#8217;\u0131 zora sokacak tecav\u00fcz iddias\u0131"},"content":{"rendered":"<p>ABD Federal Soru\u015fturma B\u00fcrosu&#8217;nun (FBI) Ulusal Tehdit Operasyonlar\u0131 Merkezi&#8217;ne (NTOC) iletilen bir bildirim formunda, kimli\u011fi sans\u00fcrlenen bir kad\u0131n, \u00e7ocuk ya\u015fta insan ka\u00e7ak\u00e7\u0131l\u0131\u011f\u0131na maruz kald\u0131\u011f\u0131n\u0131 ve bu s\u00fcre\u00e7te \u00e7ok say\u0131da cinsel sald\u0131r\u0131 ve tecav\u00fcz ya\u015fad\u0131\u011f\u0131n\u0131 iddia etti. Belgeye g\u00f6re bildirim, 22 Ekim 2024&#8217;te bir Tehdit Al\u0131m \u0130ncelemecisi taraf\u0131ndan haz\u0131rlanarak bir \u00d6zel Ajan&#8217;a iletildi.<\/p>\n<p><b>&#8220;PAR\u0130S&#8217;TE \u00dc\u00c7 K\u0130\u015e\u0130 TARAFINDAN TECAV\u00dcZE U\u011eRADIM&#8221; \u0130FADES\u0130<\/b><\/p>\n<p>Belgede yer alan \u00f6zet anlat\u0131mda kad\u0131n, be\u015f ya\u015f\u0131ndayken ya\u015fad\u0131\u011f\u0131 daireden ka\u00e7\u0131r\u0131ld\u0131\u011f\u0131n\u0131 ve bo\u011faz\u0131ndan yaraland\u0131\u011f\u0131n\u0131, yedi ya\u015f\u0131nda Kaliforniya&#8217;n\u0131n Fresno kentine g\u00f6t\u00fcr\u00fcld\u00fc\u011f\u00fcn\u00fc belirtti. \u0130ddialara g\u00f6re 12\u201313 ya\u015flar\u0131ndayken yeniden ka\u00e7\u0131r\u0131lan kad\u0131n, Paris&#8217;e g\u00f6t\u00fcr\u00fcld\u00fc ve burada \u00fc\u00e7 ki\u015fi taraf\u0131ndan tecav\u00fcze u\u011frad\u0131. Belge, bu sald\u0131r\u0131n\u0131n organize bir yap\u0131 taraf\u0131ndan ger\u00e7ekle\u015ftirildi\u011fi iddias\u0131n\u0131 da i\u00e7eriyor.<\/p>\n<p><b>&#8220;FOTO\u011eRAFLARLA \u015eANTAJ VE C\u0130NSEL S\u00d6M\u00dcR\u00dc&#8221;<\/b><\/p>\n<p>Kad\u0131n\u0131n beyan\u0131na g\u00f6re kendisini ka\u00e7\u0131ranlar, gen\u00e7 k\u0131zlar\u0131n \u00e7\u0131plak foto\u011fraflar\u0131n\u0131 \u00e7ekerek cinsel s\u00f6m\u00fcr\u00fc amac\u0131yla kullanan bir organizasyonun par\u00e7as\u0131yd\u0131. Belge, bu foto\u011fraflar\u0131n politikac\u0131lar ve tan\u0131nm\u0131\u015f ki\u015filer i\u00e7in pazarland\u0131\u011f\u0131 iddias\u0131n\u0131 aktar\u0131yor. Ma\u011fdur, adadan kurtulman\u0131n tek yolunun \u00e7\u0131plak poz vermek oldu\u011funu ve evde \u00e7ok say\u0131da bu t\u00fcr foto\u011fraf bulundu\u011funu ileri s\u00fcrd\u00fc.<\/p>\n<div>\n<figure><img decoding=\"async\" src=\"https:\/\/bihavadis.com\/wp-content\/uploads\/2026\/03\/epstein-dosyalarindan-cikti-fbii-zora-sokacak-tecavuz-iddiasi-0-PDrhDWGu.jpg\"\/><\/figure>\n<\/div>\n<p><b>EPSTEIN ADASI \u0130DD\u0130ASI VE TECAV\u00dcZ VURGUSU<\/b><\/p>\n<p>Bildirim formunda, kad\u0131n\u0131n 13 ya\u015f\u0131ndayken \u0130rlanda&#8217;dan Jeffrey Epstein&#8217;\u0131n adas\u0131na g\u00f6t\u00fcr\u00fcld\u00fc\u011f\u00fcn\u00fc s\u00f6yledi\u011fi yer ald\u0131. Belge, ma\u011fdurun adada bulundu\u011funa dair foto\u011fraflar sunabilece\u011fini ifade etti\u011fini ve bu foto\u011fraflar\u0131n kendisini do\u011frulayaca\u011f\u0131n\u0131 iddia etti\u011fini kaydediyor. Metinde ge\u00e7en baz\u0131 isim ve olaylara ili\u015fkin ifadelerin belgede yer alan beyanlar oldu\u011fu, do\u011fruluklar\u0131n\u0131n ayr\u0131ca soru\u015fturulmas\u0131 gerekti\u011fi notu d\u00fc\u015f\u00fcl\u00fcyor.<\/p>\n<p><b>&#8220;DEFALARCA BA\u015eVURDUM, C\u0130DD\u0130YE ALINMADIM&#8221;<\/b><\/p>\n<p>Belgeye g\u00f6re kad\u0131n, daha \u00f6nce birden fazla FBI ofisine ba\u015fvurdu\u011funu ancak iddialar\u0131n\u0131n dikkate al\u0131nmad\u0131\u011f\u0131n\u0131 s\u00f6yledi. Ma\u011fdurun \u015fu anda Almanya&#8217;da bulundu\u011fu ve s\u0131\u011f\u0131nma talebinde bulundu\u011fu bilgisi de raporda yer ald\u0131.<\/p>\n<p><b>SORU\u015eTURMA S\u00dcREC\u0130NE DA\u0130R NOT<\/b><\/p>\n<p>FBI belgesi, s\u00f6z konusu iddialar\u0131 \u00f6n de\u011ferlendirme ve durumsal fark\u0131ndal\u0131k amac\u0131yla ileten bir bildirim niteli\u011fi ta\u015f\u0131yor. Belgede aktar\u0131lan ifadeler, ma\u011fdurun beyanlar\u0131 olarak kayda ge\u00e7erken, iddialar\u0131n do\u011frulanmas\u0131na y\u00f6nelik adli s\u00fcre\u00e7lere ili\u015fkin detay payla\u015f\u0131lmad\u0131.<\/p>\n","protected":false},"excerpt":{"rendered":"<p>FBI&#8217;n\u0131n Ulusal Tehdit Operasyonlar\u0131 Merkezi&#8217;ne 22 Ekim 2024&#8217;te iletilen resmi bir bildirim formunda, kimli\u011fi gizlenen bir kad\u0131n \u00e7ocuk ya\u015fta insan ka\u00e7ak\u00e7\u0131l\u0131\u011f\u0131na maruz kald\u0131\u011f\u0131n\u0131, Paris&#8217;te tecav\u00fcze u\u011frad\u0131\u011f\u0131n\u0131 ve 13 ya\u015f\u0131ndayken Jeffrey Epstein&#8217;\u0131n adas\u0131na g\u00f6t\u00fcr\u00fcld\u00fc\u011f\u00fcn\u00fc iddia ederek cinsel s\u00f6m\u00fcr\u00fc ve \u015fantaj a\u011f\u0131na ili\u015fkin a\u011f\u0131r su\u00e7lamalar\u0131 FBI kay\u0131tlar\u0131na ge\u00e7irdi. Belgeye g\u00f6re kad\u0131n, daha \u00f6nce birden fazla FBI ofisine ba\u015fvurdu\u011funu ancak iddialar\u0131n\u0131n dikkate al\u0131nmad\u0131\u011f\u0131n\u0131 s\u00f6yledi.<\/p>\n","protected":false},"author":1,"featured_media":60038,"comment_status":"open","ping_status":"open","sticky":false,"template":"","format":"standard","meta":{"footnotes":""},"categories":[6],"tags":[3662,1406],"class_list":["post-60037","post","type-post","status-publish","format-standard","has-post-thumbnail","hentry","category-dunya","tag-fotograf","tag-iddia"],"_links":{"self":[{"href":"https:\/\/bihavadis.com\/index.php\/wp-json\/wp\/v2\/posts\/60037","targetHints":{"allow":["GET"]}}],"collection":[{"href":"https:\/\/bihavadis.com\/index.php\/wp-json\/wp\/v2\/posts"}],"about":[{"href":"https:\/\/bihavadis.com\/index.php\/wp-json\/wp\/v2\/types\/post"}],"author":[{"embeddable":true,"href":"https:\/\/bihavadis.com\/index.php\/wp-json\/wp\/v2\/users\/1"}],"replies":[{"embeddable":true,"href":"https:\/\/bihavadis.com\/index.php\/wp-json\/wp\/v2\/comments?post=60037"}],"version-history":[{"count":1,"href":"https:\/\/bihavadis.com\/index.php\/wp-json\/wp\/v2\/posts\/60037\/revisions"}],"predecessor-version":[{"id":60040,"href":"https:\/\/bihavadis.com\/index.php\/wp-json\/wp\/v2\/posts\/60037\/revisions\/60040"}],"wp:featuredmedia":[{"embeddable":true,"href":"https:\/\/bihavadis.com\/index.php\/wp-json\/wp\/v2\/media\/60038"}],"wp:attachment":[{"href":"https:\/\/bihavadis.com\/index.php\/wp-json\/wp\/v2\/media?parent=60037"}],"wp:term":[{"taxonomy":"category","embeddable":true,"href":"https:\/\/bihavadis.com\/index.php\/wp-json\/wp\/v2\/categories?post=60037"},{"taxonomy":"post_tag","embeddable":true,"href":"https:\/\/bihavadis.com\/index.php\/wp-json\/wp\/v2\/tags?post=60037"}],"curies":[{"name":"wp","href":"https:\/\/api.w.org\/{rel}","templated":true}]}}