{"id":6005,"date":"2026-01-30T08:51:05","date_gmt":"2026-01-30T08:51:05","guid":{"rendered":"https:\/\/bihavadis.com\/?p=6005"},"modified":"2026-01-30T08:51:05","modified_gmt":"2026-01-30T08:51:05","slug":"karabaglarda-mobilyanin-marka-degeri-buyuyecek","status":"publish","type":"post","link":"https:\/\/bihavadis.com\/index.php\/2026\/01\/30\/karabaglarda-mobilyanin-marka-degeri-buyuyecek\/","title":{"rendered":"Karaba\u011flar&#8217;da mobilyan\u0131n marka de\u011feri b\u00fcy\u00fcyecek"},"content":{"rendered":"<p>Karaba\u011flar Belediye Ba\u015fkan\u0131 Helil K\u0131nay, \u0130zmir Mobilyac\u0131lar ve Marangozlar Odas\u0131\u2019n\u0131n yeni Ba\u015fkan\u0131 Zafer Ko\u00e7 ve y\u00f6netimini ziyaret ederek hay\u0131rl\u0131 olsun dileklerini iletti. G\u00f6r\u00fc\u015fmede, Karaba\u011flar\u2019\u0131n mobilya kenti kimli\u011finin g\u00fc\u00e7lendirilmesi ve sekt\u00f6r\u00fcn marka de\u011ferinin art\u0131r\u0131lmas\u0131na y\u00f6nelik i\u015fbirli\u011fi mesaj\u0131 verildi.<\/p>\n<p>Ba\u015fkan K\u0131nay Karaba\u011flar\u2019\u0131n \u00fcretim k\u00fclt\u00fcr\u00fcyle ayakta duran bir kent oldu\u011funu vurgulayarak, \u201cMobilya sekt\u00f6r\u00fc bu kentin en g\u00fc\u00e7l\u00fc alanlar\u0131ndan biri. Karaba\u011flar mobilyas\u0131n\u0131n bir marka haline gelmesi i\u00e7in belediye olarak \u00fczerimize d\u00fc\u015feni yapmaya haz\u0131r\u0131z. Ortak \u00e7al\u0131\u015fmalarla hem \u00fcretimi hem istihdam\u0131 b\u00fcy\u00fctece\u011fiz\u201d dedi<\/p>\n<p><b>Mobilya Akademisi sekt\u00f6re g\u00fc\u00e7 katacak<\/b><\/p>\n<p>K\u0131nay ayr\u0131ca Mobilya Akademisi \u00fczerinden ara eleman ihtiyac\u0131na katk\u0131 sunacak, gen\u00e7 tasar\u0131mc\u0131lar\u0131 destekleyecek ve sekt\u00f6re yeni bir ivme kazand\u0131racak projeler y\u00fcr\u00fct\u00fclece\u011fini s\u00f6yledi. \u201cBuras\u0131 sadece bir e\u011fitim alan\u0131 de\u011fil, ayn\u0131 zamanda tasar\u0131m ve \u00fcretimde yeni fikirlerin ye\u015ferece\u011fi bir merkez olacak\u201d diye konu\u015ftu.<\/p>\n<p><b>Kentsel d\u00f6n\u00fc\u015f\u00fcmle Karaba\u011flar\u2019\u0131n vizyonu de\u011fi\u015fiyor<\/b><\/p>\n<p>Ziyarette Osman Aks\u00fcner Mahallesi\u2019nde ba\u015flat\u0131lan ve Karaba\u011flar\u2019\u0131n gelece\u011fine y\u00f6n verecek kentsel d\u00f6n\u00fc\u015f\u00fcm s\u00fcreci de g\u00fcndeme geldi. Ba\u015fkan K\u0131nay, \u201c106 hektarl\u0131k alanda y\u00fcr\u00fctt\u00fc\u011f\u00fcm\u00fcz d\u00f6n\u00fc\u015f\u00fcm \u00e7al\u0131\u015fmalar\u0131yla Karaba\u011flar\u2019\u0131n sadece yap\u0131lar\u0131 de\u011fil, ya\u015fam kalitesi ve kent vizyonu da de\u011fi\u015fecek. Bu s\u00fcreci ortak ak\u0131lla, ad\u0131m ad\u0131m ilerletiyoruz\u201d dedi.<\/p>\n<p><b>Ko\u00e7: Karaba\u011flar mobilyas\u0131 markala\u015fmal\u0131<\/b><\/p>\n<p>Oda Ba\u015fkan\u0131 Zafer Ko\u00e7, bir\u00e7ok markan\u0131n Karaba\u011flar\u2019da do\u011fup geli\u015fti\u011fini belirterek, \u00fcretimden ihracata kadar g\u00fc\u00e7l\u00fc bir sekt\u00f6r altyap\u0131s\u0131 bulundu\u011funu s\u00f6yledi. Ko\u00e7, bu potansiyelin ortak \u00e7al\u0131\u015fmalarla daha g\u00f6r\u00fcn\u00fcr hale getirilmesi gerekti\u011fini vurgulad\u0131.<\/p>\n<p><b>Esnafa ziyaret<\/b><\/p>\n<p>Ba\u015fkan K\u0131nay ve Oda Ba\u015fkan\u0131 Ko\u00e7, g\u00f6r\u00fc\u015fmenin ard\u0131ndan Ye\u015fillik Caddesi \u00fczerindeki mobilya esnaf\u0131n\u0131 ziyaret ederek sekt\u00f6r temsilcileriyle bir araya geldi. Ziyaretlerde, Karaba\u011flar\u2019\u0131n k\u00f6kl\u00fc \u00fcretim gelene\u011finin korunmas\u0131 ve mobilyan\u0131n marka de\u011ferinin b\u00fcy\u00fct\u00fclmesi i\u00e7in dayan\u0131\u015fma i\u00e7inde \u00e7al\u0131\u015f\u0131laca\u011f\u0131 ifade edildi.<\/p>\n<p>\u00a0<\/p>\n<p>\u00a0<\/p>\n<p>Kaynak: (BYZHA) Beyaz Haber Ajans\u0131<\/p>\n","protected":false},"excerpt":{"rendered":"<p>Karaba\u011flar Belediye Ba\u015fkan\u0131 Helil K\u0131nay, \u0130zmir Mobilyac\u0131lar ve Marangozlar Odas\u0131\u2019n\u0131n yeni Ba\u015fkan\u0131 Zafer Ko\u00e7 ve y\u00f6netimini ziyaret ederek hay\u0131rl\u0131 olsun dileklerini iletti.<\/p>\n","protected":false},"author":1,"featured_media":6006,"comment_status":"open","ping_status":"open","sticky":false,"template":"","format":"standard","meta":{"footnotes":""},"categories":[4],"tags":[516,1004,1380,982,502],"class_list":["post-6005","post","type-post","status-publish","format-standard","has-post-thumbnail","hentry","category-gundem","tag-baskan","tag-karabaglar","tag-kent","tag-mobilya","tag-sektor"],"_links":{"self":[{"href":"https:\/\/bihavadis.com\/index.php\/wp-json\/wp\/v2\/posts\/6005","targetHints":{"allow":["GET"]}}],"collection":[{"href":"https:\/\/bihavadis.com\/index.php\/wp-json\/wp\/v2\/posts"}],"about":[{"href":"https:\/\/bihavadis.com\/index.php\/wp-json\/wp\/v2\/types\/post"}],"author":[{"embeddable":true,"href":"https:\/\/bihavadis.com\/index.php\/wp-json\/wp\/v2\/users\/1"}],"replies":[{"embeddable":true,"href":"https:\/\/bihavadis.com\/index.php\/wp-json\/wp\/v2\/comments?post=6005"}],"version-history":[{"count":1,"href":"https:\/\/bihavadis.com\/index.php\/wp-json\/wp\/v2\/posts\/6005\/revisions"}],"predecessor-version":[{"id":6007,"href":"https:\/\/bihavadis.com\/index.php\/wp-json\/wp\/v2\/posts\/6005\/revisions\/6007"}],"wp:featuredmedia":[{"embeddable":true,"href":"https:\/\/bihavadis.com\/index.php\/wp-json\/wp\/v2\/media\/6006"}],"wp:attachment":[{"href":"https:\/\/bihavadis.com\/index.php\/wp-json\/wp\/v2\/media?parent=6005"}],"wp:term":[{"taxonomy":"category","embeddable":true,"href":"https:\/\/bihavadis.com\/index.php\/wp-json\/wp\/v2\/categories?post=6005"},{"taxonomy":"post_tag","embeddable":true,"href":"https:\/\/bihavadis.com\/index.php\/wp-json\/wp\/v2\/tags?post=6005"}],"curies":[{"name":"wp","href":"https:\/\/api.w.org\/{rel}","templated":true}]}}