{"id":60077,"date":"2026-03-04T14:48:10","date_gmt":"2026-03-04T14:48:10","guid":{"rendered":"https:\/\/bihavadis.com\/?p=60077"},"modified":"2026-03-04T14:48:10","modified_gmt":"2026-03-04T14:48:10","slug":"kutahyada-kuran-ve-ezan-yarismalari-yapildi","status":"publish","type":"post","link":"https:\/\/bihavadis.com\/index.php\/2026\/03\/04\/kutahyada-kuran-ve-ezan-yarismalari-yapildi\/","title":{"rendered":"K\u00fctahya&#8217;da Kur&#8217;an ve Ezan Yar\u0131\u015fmalar\u0131 Yap\u0131ld\u0131"},"content":{"rendered":"<p> K\u00fctahya&#8217;da, Milli E\u011fitim Bakanl\u0131\u011f\u0131 Din \u00d6\u011fretimi Genel M\u00fcd\u00fcrl\u00fc\u011f\u00fc taraf\u0131ndan d\u00fczenlenen, &#8220;Gen\u00e7 Seda Kur&#8217;an-\u0131 Kerim&#8217;i G\u00fczel Okuma&#8221; ve &#8220;Gen\u00e7 Bilaller Ezan Okuma&#8221; yar\u0131\u015fmalar\u0131n\u0131n il finali yap\u0131ld\u0131.<\/p>\n<p>K\u00fctahya \u0130l Milli E\u011fitim M\u00fcd\u00fcrl\u00fc\u011f\u00fc konferans salonundaki programa K\u00fctahya ve il\u00e7elerinden gelen imam hatip lisesi ve imam hatip ortaokulu \u00f6\u011frencileri kat\u0131ld\u0131.<\/p>\n<p>Programda konu\u015fan \u0130l Milli E\u011fitim M\u00fcd\u00fcr\u00fc Mustafa Y\u0131lmaz, yar\u0131\u015fmalara kat\u0131lan \u00f6\u011frencileri tebrik etti.<\/p>\n<p>Yar\u0131\u015fman\u0131n \u00f6nemine de\u011finen Y\u0131lmaz, \u015funlar\u0131 kaydetti: <\/p>\n<p>&#8220;E\u011fer Kur&#8217;an ve s\u00fcnneti hayat\u0131m\u0131za tam anlam\u0131yla tatbik edersek hem bu d\u00fcnyada hem de \u00f6b\u00fcr d\u00fcnyada saadete ermi\u015f oluruz. Ba\u015f\u0131m\u0131z dik olur. Bizler hayatta her zaman do\u011fru y\u00fcke ve o y\u00fck\u00fc do\u011fru yola talip olmal\u0131y\u0131z. E\u011fer y\u00fck\u00fcm\u00fcz ve yolumuzu do\u011fru se\u00e7mi\u015fsek i\u015fte bu bizi diri tutar. Bu gen\u00e7lerimizin her biri in\u015fallah gelece\u011fimizin, yar\u0131n\u0131m\u0131z\u0131n umudu olacaklar. Allah gen\u00e7lerimizin, \u00e7ocuklar\u0131m\u0131z\u0131n yollar\u0131n\u0131, istikametlerini, bahtlar\u0131n\u0131 hay\u0131rl\u0131 eylesin.&#8221;<\/p>\n<p>Yar\u0131\u015fmalar\u0131n kaybedeninin olmad\u0131\u011f\u0131n\u0131 da kaydeden Y\u0131lmaz, &#8220;Bu yar\u0131\u015fmalar\u0131n g\u00fczelli\u011fi vard\u0131r. Sizler bizim g\u00f6z\u00fcm\u00fczde zaten birincisiniz. Annelerinizin, babalar\u0131n\u0131z\u0131n g\u00f6z\u00fcnde zaten birincisiniz. Bu yar\u0131\u015fman\u0131n kazanan\u0131 sizlersiniz. Rabbim say\u0131n\u0131z\u0131 art\u0131rs\u0131n.&#8221; diye konu\u015ftu.<\/p>\n<p>Program\u0131n sonunda dereceye girenler \u00f6d\u00fcllendirildi.<\/p>\n","protected":false},"excerpt":{"rendered":"<p>K\u00fctahya&#8217;da d\u00fczenlenen Kur&#8217;an-\u0131 Kerim ve Ezan Okuma yar\u0131\u015fmalar\u0131n\u0131n il finali ger\u00e7ekle\u015ftirildi.<\/p>\n","protected":false},"author":1,"featured_media":60078,"comment_status":"open","ping_status":"open","sticky":false,"template":"","format":"standard","meta":{"footnotes":""},"categories":[9,4,13],"tags":[],"class_list":["post-60077","post","type-post","status-publish","format-standard","has-post-thumbnail","hentry","category-genel","category-gundem","category-son-dakika"],"_links":{"self":[{"href":"https:\/\/bihavadis.com\/index.php\/wp-json\/wp\/v2\/posts\/60077","targetHints":{"allow":["GET"]}}],"collection":[{"href":"https:\/\/bihavadis.com\/index.php\/wp-json\/wp\/v2\/posts"}],"about":[{"href":"https:\/\/bihavadis.com\/index.php\/wp-json\/wp\/v2\/types\/post"}],"author":[{"embeddable":true,"href":"https:\/\/bihavadis.com\/index.php\/wp-json\/wp\/v2\/users\/1"}],"replies":[{"embeddable":true,"href":"https:\/\/bihavadis.com\/index.php\/wp-json\/wp\/v2\/comments?post=60077"}],"version-history":[{"count":1,"href":"https:\/\/bihavadis.com\/index.php\/wp-json\/wp\/v2\/posts\/60077\/revisions"}],"predecessor-version":[{"id":60079,"href":"https:\/\/bihavadis.com\/index.php\/wp-json\/wp\/v2\/posts\/60077\/revisions\/60079"}],"wp:featuredmedia":[{"embeddable":true,"href":"https:\/\/bihavadis.com\/index.php\/wp-json\/wp\/v2\/media\/60078"}],"wp:attachment":[{"href":"https:\/\/bihavadis.com\/index.php\/wp-json\/wp\/v2\/media?parent=60077"}],"wp:term":[{"taxonomy":"category","embeddable":true,"href":"https:\/\/bihavadis.com\/index.php\/wp-json\/wp\/v2\/categories?post=60077"},{"taxonomy":"post_tag","embeddable":true,"href":"https:\/\/bihavadis.com\/index.php\/wp-json\/wp\/v2\/tags?post=60077"}],"curies":[{"name":"wp","href":"https:\/\/api.w.org\/{rel}","templated":true}]}}