{"id":60104,"date":"2026-03-04T15:09:08","date_gmt":"2026-03-04T15:09:08","guid":{"rendered":"https:\/\/bihavadis.com\/?p=60104"},"modified":"2026-03-04T15:09:08","modified_gmt":"2026-03-04T15:09:08","slug":"ersan-sen-2027-yilinin-kasim-ayinda-turkiye-secime-gidecek","status":"publish","type":"post","link":"https:\/\/bihavadis.com\/index.php\/2026\/03\/04\/ersan-sen-2027-yilinin-kasim-ayinda-turkiye-secime-gidecek\/","title":{"rendered":"Ersan \u015een: 2027 y\u0131l\u0131n\u0131n Kas\u0131m ay\u0131nda T\u00fcrkiye se\u00e7ime gidecek"},"content":{"rendered":"<p><img decoding=\"async\" src=\"https:\/\/bihavadis.com\/wp-content\/uploads\/2026\/03\/ersan-sen-2027-yilinin-kasim-ayinda-turkiye-secime-gidecek-0-CqBBKvFJ.jpg\"\/><\/p>\n<p>Ensonhaber Youtube kanal\u0131nda ald\u0131\u011f\u0131 konuklar ve yapt\u0131\u011f\u0131 programlar ile ad\u0131ndan s\u00f6z ettirmeye devam ediyor.\u00a0<\/p>\n<p>Bir sonraki Cumhurba\u015fkanl\u0131\u011f\u0131 se\u00e7imlerinin 2028&#8217;in May\u0131s ay\u0131nda yap\u0131lmas\u0131 bekleniyor.\u00a0<\/p>\n<p>Muhalefet cephesinin erken se\u00e7im \u00e7a\u011fr\u0131lar\u0131 s\u00fcrerken Ankara kulislerinde, Cumhurba\u015fkan\u0131 Recep Tayyip Erdo\u011fan\u2019\u0131n yeniden aday olabilmesi i\u00e7in se\u00e7im tarihinin daha erkene \u00e7ekilebilece\u011fi y\u00f6n\u00fcnde iddialar yer al\u0131yor.\u00a0<\/p>\n<p>Ensonhaber YouTube kanal\u0131nda \u00c7a\u011flar Cilara&#8217;n\u0131n moderat\u00f6rl\u00fc\u011f\u00fcnde yay\u0131nlanan programa konuk olan Ceza Hukuk\u00e7usu Prof. Ersan \u015een, Cumhurba\u015fkan\u0131 Erdo\u011fan&#8217;\u0131n olas\u0131 adayl\u0131k s\u00fcreci hakk\u0131nda konu\u015ftu.\u00a0<\/p>\n<p>A\u00e7\u0131klamas\u0131nda erken se\u00e7im i\u00e7in tarih veren \u015een, \u015funlar\u0131 kaydetti:<\/p>\n<p><strong>&#8220;2027 KASIM AYINDA T\u00dcRK\u0130YE SE\u00c7\u0130ME G\u0130DECEKT\u0130R&#8221;<\/strong><\/p>\n<p><em><b>Herkes hesaplar\u0131n\u0131 yap\u0131yor. Se\u00e7im kanunlar\u0131 \u00fczerinde bir tak\u0131m de\u011fi\u015fiklikler d\u00fc\u015f\u00fcn\u00fclebilir. \u00c7\u00fcnk\u00fc se\u00e7im kanunlar\u0131 biliyorsunuz y\u00fcr\u00fcrl\u00fc\u011fe girdikten sonra bir y\u0131ldan evvel uygulanam\u0131yor. Ben T\u00fcrkiye\u2019de se\u00e7imin tarihini daha \u00f6nce s\u00f6yledim; yan\u0131labilirim, ele\u015ftiri de alabilirim ama 2027 y\u0131l\u0131n\u0131n Kas\u0131m ay\u0131nda T\u00fcrkiye Cumhuriyeti, T\u00fcrk Milleti hem Cumhurba\u015fkanl\u0131\u011f\u0131 hem de Meclis se\u00e7imlerine gidecektir. <\/b><\/em><\/p>\n<p><em><b>\u015e\u00f6yle bir hesap yap\u0131l\u0131yor: 360 nas\u0131l bulunacak? \u00c7\u00fcnk\u00fc T\u00fcrkiye B\u00fcy\u00fck Millet Meclisi se\u00e7im karar\u0131 alamazsa Say\u0131n Erdo\u011fan\u2019\u0131n adayl\u0131\u011f\u0131 s\u00f6z konusu olmayacak. Say\u0131n Erdo\u011fan se\u00e7ime g\u00f6t\u00fcr\u00fcrse aday olam\u0131yor; \u00fc\u00e7\u00fcnc\u00fc kez aday olam\u0131yor. O tart\u0131\u015fma bitti. T\u00fcm bunlar da bir erken se\u00e7im, yani se\u00e7imlerin zaman\u0131ndan evvel \u00f6ne al\u0131nmas\u0131, yenilenmesi anlam\u0131na geliyor. Bu anlamda 360 meselesinde ben b\u00fcy\u00fck bir tart\u0131\u015fma \u00e7\u0131kaca\u011f\u0131n\u0131 d\u00fc\u015f\u00fcnm\u00fcyorum.<\/b><\/em><\/p>\n<p><img decoding=\"async\" src=\"https:\/\/bihavadis.com\/wp-content\/uploads\/2026\/03\/ersan-sen-2027-yilinin-kasim-ayinda-turkiye-secime-gidecek-1-4K9DYeyV.jpg\"\/><\/p>\n<p><strong>&#8220;OY \u0130\u00c7\u0130N \u0130FTAR SOFRALARINA OTURMAK GEREK&#8221;<\/strong><\/p>\n<p>Partilerin \u00e7al\u0131\u015fmalar\u0131na da de\u011finen \u015een, \u015fu ifadeleri kulland\u0131:<\/p>\n<p><em><b>O tutukland\u0131, bu tutuklan\u0131yor, s\u0131ra ona geldi, buna geldi\u2026 Bunlar\u0131n demokratik bir hukuk devletinde, toplumunda s\u00f6ylenmemesi, konu\u015fulmamas\u0131 laz\u0131m. Ama sosyal medya bilhassa ve bas\u0131n bunlar\u0131 \u00f6yle bir i\u015fliyor ki insanlar ister istemez endi\u015fe ediyorlar. Dolay\u0131s\u0131yla benim g\u00f6rd\u00fc\u011f\u00fcm; \u00f6n\u00fcm\u00fcz art\u0131k Ramazan da ba\u015flad\u0131, iftar sofralar\u0131 kuruldu. <\/b><\/em><\/p>\n<p><em><b>Yurt i\u00e7inde, yurt d\u0131\u015f\u0131nda t\u00fcm siyasilerin, belediye ba\u015fkanlar\u0131n\u0131n bu d\u00f6rt haftal\u0131k s\u00fcre\u00e7te, en az\u0131ndan hafta i\u00e7inin d\u0131\u015f\u0131nda hafta sonlar\u0131nda, \u00e7\u00fcnk\u00fc yurt d\u0131\u015f\u0131nda yakla\u015f\u0131k y\u00fczde 2,5\u2019luk ciddi bir oy potansiyeli var, oralara \u00f6nem vermek suretiyle ayr\u0131m yapmaks\u0131z\u0131n o sofralara oturarak; ama ku\u015f s\u00fct\u00fcn\u00fcn eksik olmad\u0131\u011f\u0131 sofralar de\u011fil, ger\u00e7ek iftar sofralar\u0131\u2026 <\/b><\/em><\/p>\n<p><em><b>Yoksa be\u015f y\u0131ld\u0131zl\u0131 otellerde verilip de emeklinin, i\u015f\u00e7inin, memurun yan\u0131na yakla\u015famad\u0131\u011f\u0131 \u00fcr\u00fcnlerin masalarda oldu\u011fu sofralar de\u011fil; ger\u00e7ekten yer sofralar\u0131nda, halk\u0131n sofralar\u0131nda, iftar sofralar\u0131nda, iftar \u00e7ad\u0131rlar\u0131nda siyasilerin, belediye ba\u015fkanlar\u0131n\u0131n olmas\u0131; halkla, gen\u00e7lerle, b\u00fct\u00fcn \u0130slam \u00e2lemiyle, M\u00fcsl\u00fcmanlarla bulu\u015fmalar\u0131 laz\u0131m. \u00c7\u00fcnk\u00fc do\u011fru olan budur.<\/b><\/em><\/p>\n<p><strong>&#8220;ABDULLAH G\u00dcL ADAY OLURSA SE\u00c7\u0130LEMEZ&#8221;<\/strong><\/p>\n<p>CHP&#8217;nin Abdullah G\u00fcl&#8217;\u00fc aday yapaca\u011f\u0131 iddialar\u0131 sorulan \u015een, bunun m\u00fcmk\u00fcn olmad\u0131\u011f\u0131n\u0131 belirterek \u015f\u00f6yle konu\u015ftu:<\/p>\n<p><em><b>Netice itibar\u0131yla ben elinde ate\u015f olan, \u00f6n\u00fc a\u00e7\u0131k, gen\u00e7, dinamik ekibiyle bir ki\u015finin kurtar\u0131c\u0131 olarak g\u00f6r\u00fclmedi\u011fi; kat\u0131l\u0131mc\u0131, \u00e7o\u011fulcu demokratik hayata ge\u00e7ecek, ge\u00e7irecek bir anlay\u0131\u015ftan yanay\u0131m. \u00c7\u00fcnk\u00fc \u00fclkenin bence en \u00f6nemli sorunu bu y\u00f6netim sisteminden kaynaklan\u0131yor. Bizim bu y\u00f6netim sistemini daha \u00e7o\u011fulcu ve demokratik hale getirmemiz laz\u0131m. Meclisin, T\u00fcrkiye B\u00fcy\u00fck Millet Meclisi\u2019nin daha i\u015fler olmas\u0131 laz\u0131m. <\/b><\/em><\/p>\n<p><em><b>Bozulan kuvvetler ayr\u0131l\u0131\u011f\u0131 ilkesinin daha da kuvvetlendirilip, kuvvetler birli\u011finden \u00e7\u0131k\u0131l\u0131p kuvvetler ayr\u0131l\u0131\u011f\u0131 ilkesinin tesis edildi\u011fi bir bi\u00e7imin \u00f6ne \u00e7\u0131kmas\u0131 gerekti\u011fini d\u00fc\u015f\u00fcn\u00fcyorum. Abdullah G\u00fcl yapamaz m\u0131? Say\u0131n G\u00fcl\u2019le olmaz bu. Say\u0131n G\u00fcl se\u00e7ilemez. Ben \u00f6yle d\u00fc\u015f\u00fcn\u00fcyorum.<\/b><\/em><\/p>\n<p><em><b> Aday olsa Abdullah G\u00fcl, hay\u0131r, se\u00e7ilmesi imk\u00e2ns\u0131z. Bu daha \u00f6nce denendi; Ekmeleddin Bey zaman\u0131nda denendi. Denenmi\u015fi bir daha denemeye gerek yok. Cumhuriyet Halk Partisi\u2019nin aday\u0131 olarak, tabii ben bir ittifak aday\u0131ndan bahsetmiyorum, CHP\u2019nin aday\u0131 olarak Say\u0131n G\u00fcl\u2019\u00fcn kar\u015f\u0131l\u0131k bulaca\u011f\u0131n\u0131 g\u00f6rm\u00fcyorum. \u00c7\u00fcnk\u00fc alt\u0131l\u0131 masada bu denendi; DEVA ve Gelecek Partileri \u00fczerinde konu\u015fuldu.<\/b><\/em><\/p>\n<p><img decoding=\"async\" src=\"https:\/\/bihavadis.com\/wp-content\/uploads\/2026\/03\/ersan-sen-2027-yilinin-kasim-ayinda-turkiye-secime-gidecek-2-Eg2HpJ89.jpg\"\/><\/p>\n<p><strong>&#8220;CHP&#8217;DE ATAT\u00dcRK&#8217;\u00dcN \u00c7\u0130ZG\u0130S\u0130N\u0130 TAK\u0130P EDEB\u0130LECEK B\u0130R ADAY \u00d6NE \u00c7IKMALI&#8221;<\/strong><\/p>\n<p>CHP&#8217;de adayl\u0131k konusunda \u00fc\u00e7 ismin \u00f6ne \u00e7\u0131kt\u0131\u011f\u0131 belirten \u015een, <em><b>&#8220;Beklenen aday Say\u0131n \u0130mamo\u011flu olmazsa Say\u0131n Yava\u015f veya birlikte; ondan sonra Say\u0131n \u00d6zg\u00fcr \u00d6zel veya ona yak\u0131n bir aday. <\/b><\/em><\/p>\n<p><em><b>Yani ger\u00e7ekten Cumhuriyet Halk Partisi\u2019ni, onun de\u011ferlerini, alt\u0131 oku, Mustafa Kemal Atat\u00fcrk\u2019\u00fcn \u00e7izgisini takip edebilecek g\u00fc\u00e7l\u00fc bir aday\u0131n \u00f6ne \u00e7\u0131kmas\u0131n\u0131n daha faydal\u0131 olaca\u011f\u0131n\u0131 d\u00fc\u015f\u00fcn\u00fcyorum.<\/b><\/em><\/p>\n<p><em><b> Ama sadece adayla olmaz; bu bir ekip i\u015fi. O ekibin kimler oldu\u011funu g\u00f6rmesi ve sokakla b\u00fct\u00fcnle\u015fmesi, soka\u011fa inmesi laz\u0131m.&#8221; <\/b><\/em>dedi.\u00a0<\/p>\n<p><strong>CHP&#8217;DEK\u0130 ADAYLIK TARTI\u015eMALARI<\/strong><\/p>\n<p>CHP&#8217;de bu konuda bir kaosun olup olmad\u0131\u011f\u0131 sorusunu da yan\u0131tlayan Ceza Hukuk\u00e7usu, \u015fu ifadelere yer verdi:<\/p>\n<p><em><b>Mansur Yava\u015f ayr\u0131 bir cephe, Ekrem \u0130mamo\u011flu ayr\u0131, merkezli ayr\u0131, Kemal K\u0131l\u0131\u00e7daro\u011flu\u2019nun h\u00e2l\u00e2 ihtimali konu\u015fuluyor\u2026 \u015e\u00f6yle s\u00f6yleyeyim: Bir defa Say\u0131n Mansur Yava\u015f ayr\u0131 bir cephe de\u011fil. Say\u0131n Mansur Yava\u015f Ankara B\u00fcy\u00fck\u015fehir Belediye Ba\u015fkan\u0131 ve adayl\u0131k iddias\u0131yla da ortaya \u00e7\u0131km\u0131yor ama halk ve taban bunu istiyor; bunu g\u00f6r\u00fcyoruz. Say\u0131n \u0130mamo\u011flu\u2019na ayr\u0131 cephe diyemezsiniz. <\/b><\/em><\/p>\n<p><em><b>Her ne kadar Say\u0131n \u00d6zg\u00fcr \u00d6zel\u2019le s\u00fcrekli g\u00f6r\u00fc\u015f\u00fcyorsa da; tutuklu, ki\u015fi h\u00fcrriyeti ve g\u00fcvenli\u011fi hakk\u0131ndan yoksun, kapal\u0131 infaz kurumunda kalan bir insan. Her ne kadar CHP\u2019nin aday aday\u0131 olsa da \u015fu anda bu dedi\u011finiz manada ayr\u0131 bir cephe a\u00e7acak durumu yok. Say\u0131n \u00d6zg\u00fcr \u00d6zel bu partinin genel ba\u015fkan\u0131. Cumhuriyet Halk Partisi biraz daha di\u011fer siyasi partilere g\u00f6re parti i\u00e7i demokrasi, tart\u0131\u015fmalar, kaotiklik anlam\u0131nda \u00f6ne \u00e7\u0131k\u0131yor; do\u011fru. <\/b><\/em><\/p>\n<p><em><b>Say\u0131n K\u0131l\u0131\u00e7daro\u011flu\u2019nun hesab\u0131 kitab\u0131 olur mu olmaz m\u0131 bilmiyorum. Bunlar\u0131n CHP\u2019ye fayda getirece\u011fini zannetmiyorum. Kayy\u0131m meselesi veya benzeri tart\u0131\u015fmalar\u2026 Bir siyasi partinin birden fazla kez ola\u011fan ve ola\u011fan\u00fcst\u00fc kurultaylar\u0131n\u0131 yapm\u0131\u015f iradesine d\u0131\u015far\u0131dan yap\u0131lacak m\u00fcdahalenin de iktidar bak\u0131m\u0131ndan, Say\u0131n Erdo\u011fan bak\u0131m\u0131ndan faydal\u0131 olaca\u011f\u0131n\u0131 d\u00fc\u015f\u00fcnm\u00fcyorum.<\/b><\/em><\/p>\n<p><img decoding=\"async\" src=\"https:\/\/bihavadis.com\/wp-content\/uploads\/2026\/03\/ersan-sen-2027-yilinin-kasim-ayinda-turkiye-secime-gidecek-3-SH49J7Hg.jpg\"\/> <\/p>\n<div> <span><strong>Kaynak:<\/strong> Ensonhaber Haber Merkezi<\/span> <\/div>\n","protected":false},"excerpt":{"rendered":"<p>Ensonhaber Youtube kanal\u0131nda ald\u0131\u011f\u0131 konuklar ve yapt\u0131\u011f\u0131 programlar ile ad\u0131ndan s\u00f6z ettirmeye devam ediyor.\u00a0 Bir sonraki Cumhurba\u015fkanl\u0131\u011f\u0131 se\u00e7imlerinin 2028&#8217;in May\u0131s ay\u0131nda yap\u0131lmas\u0131 bekleniyor.\u00a0 Muhalefet cephesinin erken se\u00e7im \u00e7a\u011fr\u0131lar\u0131 s\u00fcrerken &#8230;<\/p>\n","protected":false},"author":1,"featured_media":60105,"comment_status":"open","ping_status":"open","sticky":false,"template":"","format":"standard","meta":{"footnotes":""},"categories":[9,13],"tags":[1926,5582,1748,563,2020],"class_list":["post-60104","post","type-post","status-publish","format-standard","has-post-thumbnail","hentry","category-genel","category-son-dakika","tag-aday","tag-ayri","tag-gul","tag-parti","tag-secim"],"_links":{"self":[{"href":"https:\/\/bihavadis.com\/index.php\/wp-json\/wp\/v2\/posts\/60104","targetHints":{"allow":["GET"]}}],"collection":[{"href":"https:\/\/bihavadis.com\/index.php\/wp-json\/wp\/v2\/posts"}],"about":[{"href":"https:\/\/bihavadis.com\/index.php\/wp-json\/wp\/v2\/types\/post"}],"author":[{"embeddable":true,"href":"https:\/\/bihavadis.com\/index.php\/wp-json\/wp\/v2\/users\/1"}],"replies":[{"embeddable":true,"href":"https:\/\/bihavadis.com\/index.php\/wp-json\/wp\/v2\/comments?post=60104"}],"version-history":[{"count":1,"href":"https:\/\/bihavadis.com\/index.php\/wp-json\/wp\/v2\/posts\/60104\/revisions"}],"predecessor-version":[{"id":60110,"href":"https:\/\/bihavadis.com\/index.php\/wp-json\/wp\/v2\/posts\/60104\/revisions\/60110"}],"wp:featuredmedia":[{"embeddable":true,"href":"https:\/\/bihavadis.com\/index.php\/wp-json\/wp\/v2\/media\/60105"}],"wp:attachment":[{"href":"https:\/\/bihavadis.com\/index.php\/wp-json\/wp\/v2\/media?parent=60104"}],"wp:term":[{"taxonomy":"category","embeddable":true,"href":"https:\/\/bihavadis.com\/index.php\/wp-json\/wp\/v2\/categories?post=60104"},{"taxonomy":"post_tag","embeddable":true,"href":"https:\/\/bihavadis.com\/index.php\/wp-json\/wp\/v2\/tags?post=60104"}],"curies":[{"name":"wp","href":"https:\/\/api.w.org\/{rel}","templated":true}]}}