{"id":60136,"date":"2026-03-04T15:33:05","date_gmt":"2026-03-04T15:33:05","guid":{"rendered":"https:\/\/bihavadis.com\/?p=60136"},"modified":"2026-03-04T15:33:05","modified_gmt":"2026-03-04T15:33:05","slug":"fenerbahcede-kasimpasa-macinin-hazirliklari-tamamlandi","status":"publish","type":"post","link":"https:\/\/bihavadis.com\/index.php\/2026\/03\/04\/fenerbahcede-kasimpasa-macinin-hazirliklari-tamamlandi\/","title":{"rendered":"Fenerbah\u00e7e&#8217;de Kas\u0131mpa\u015fa ma\u00e7\u0131n\u0131n haz\u0131rl\u0131klar\u0131 tamamland\u0131"},"content":{"rendered":"<p>Fenerbah\u00e7e Futbol Tak\u0131m\u0131, S\u00fcper Lig&#8217;in 23. haftas\u0131nda yar\u0131n sahas\u0131nda Kas\u0131mpa\u015fa ile yapaca\u011f\u0131 ma\u00e7\u0131n haz\u0131rl\u0131klar\u0131n\u0131 tamamlad\u0131.<\/p>\n<p>Kul\u00fcpten yap\u0131lan a\u00e7\u0131klamaya g\u00f6re Fenerbah\u00e7e Can Bartu Tesisleri&#8217;ndeki antrenman, salonda yap\u0131lan core \u00e7al\u0131\u015fmas\u0131yla ba\u015flad\u0131.<\/p>\n<p>Ard\u0131ndan sahaya inen sar\u0131-lacivertli futbolcular, teknik direkt\u00f6r Domenico Tedesco y\u00f6netiminde \u0131s\u0131nma, \u00e7abukluk ve koordinasyon hareketlerinin ard\u0131ndan pas \u00e7al\u0131\u015fmas\u0131 ger\u00e7ekle\u015ftirdi.<\/p>\n<p>\u0130dman, taktiksel ve bireysel programlarla sona erdi.<\/p>\n<p><img decoding=\"async\" src=\"https:\/\/bihavadis.com\/wp-content\/uploads\/2026\/03\/fenerbahcede-kasimpasa-macinin-hazirliklari-tamamlandi-0-haFqR2y5.jpg\"\/><\/p>\n<p><strong>FENERBAH\u00c7E&#8217;N\u0130N KONU\u011eU KASIMPA\u015eA<\/strong><\/p>\n<p>Fenerbah\u00e7e, bu idmanla Kas\u0131mpa\u015fa ma\u00e7\u0131 haz\u0131rl\u0131klar\u0131n\u0131 tamamlayarak ma\u00e7 saatini beklemeye ba\u015flad\u0131.<\/p>\n<p>Sar\u0131-lacivertli tak\u0131m, yar\u0131n Chobani Stad\u0131&#8217;nda saat 20.00&#8217;de ba\u015flayacak m\u00fcsabakada Kas\u0131mpa\u015fa ile kar\u015f\u0131la\u015facak.<\/p>\n<div> <span><strong>Kaynak:<\/strong> Ensonhaber Haber Merkezi<\/span> <\/div>\n","protected":false},"excerpt":{"rendered":"<p>Fenerbah\u00e7e Futbol Tak\u0131m\u0131, S\u00fcper Lig&#8217;in 23. haftas\u0131nda yar\u0131n sahas\u0131nda Kas\u0131mpa\u015fa ile yapaca\u011f\u0131 ma\u00e7\u0131n haz\u0131rl\u0131klar\u0131n\u0131 tamamlad\u0131. Kul\u00fcpten yap\u0131lan a\u00e7\u0131klamaya g\u00f6re Fenerbah\u00e7e Can Bartu Tesisleri&#8217;ndeki antrenman, salonda yap\u0131lan core \u00e7al\u0131\u015fmas\u0131yla ba\u015flad\u0131 &#8230;<\/p>\n","protected":false},"author":1,"featured_media":60137,"comment_status":"open","ping_status":"open","sticky":false,"template":"","format":"standard","meta":{"footnotes":""},"categories":[14],"tags":[],"class_list":["post-60136","post","type-post","status-publish","format-standard","has-post-thumbnail","hentry","category-spor"],"_links":{"self":[{"href":"https:\/\/bihavadis.com\/index.php\/wp-json\/wp\/v2\/posts\/60136","targetHints":{"allow":["GET"]}}],"collection":[{"href":"https:\/\/bihavadis.com\/index.php\/wp-json\/wp\/v2\/posts"}],"about":[{"href":"https:\/\/bihavadis.com\/index.php\/wp-json\/wp\/v2\/types\/post"}],"author":[{"embeddable":true,"href":"https:\/\/bihavadis.com\/index.php\/wp-json\/wp\/v2\/users\/1"}],"replies":[{"embeddable":true,"href":"https:\/\/bihavadis.com\/index.php\/wp-json\/wp\/v2\/comments?post=60136"}],"version-history":[{"count":1,"href":"https:\/\/bihavadis.com\/index.php\/wp-json\/wp\/v2\/posts\/60136\/revisions"}],"predecessor-version":[{"id":60139,"href":"https:\/\/bihavadis.com\/index.php\/wp-json\/wp\/v2\/posts\/60136\/revisions\/60139"}],"wp:featuredmedia":[{"embeddable":true,"href":"https:\/\/bihavadis.com\/index.php\/wp-json\/wp\/v2\/media\/60137"}],"wp:attachment":[{"href":"https:\/\/bihavadis.com\/index.php\/wp-json\/wp\/v2\/media?parent=60136"}],"wp:term":[{"taxonomy":"category","embeddable":true,"href":"https:\/\/bihavadis.com\/index.php\/wp-json\/wp\/v2\/categories?post=60136"},{"taxonomy":"post_tag","embeddable":true,"href":"https:\/\/bihavadis.com\/index.php\/wp-json\/wp\/v2\/tags?post=60136"}],"curies":[{"name":"wp","href":"https:\/\/api.w.org\/{rel}","templated":true}]}}