{"id":60165,"date":"2026-03-04T15:57:07","date_gmt":"2026-03-04T15:57:07","guid":{"rendered":"https:\/\/bihavadis.com\/?p=60165"},"modified":"2026-03-04T15:57:07","modified_gmt":"2026-03-04T15:57:07","slug":"kabine-yarin-toplaniyor-ana-gundem-terorsuz-turkiye-sureci","status":"publish","type":"post","link":"https:\/\/bihavadis.com\/index.php\/2026\/03\/04\/kabine-yarin-toplaniyor-ana-gundem-terorsuz-turkiye-sureci\/","title":{"rendered":"Kabine yar\u0131n toplan\u0131yor: Ana g\u00fcndem Ter\u00f6rs\u00fcz T\u00fcrkiye s\u00fcreci"},"content":{"rendered":"<p>T\u00fcrkiye&#8217;nin g\u00f6z\u00fc bu toplant\u0131da&#8230;<\/p>\n<p>Cumhurba\u015fkanl\u0131\u011f\u0131 Kabinesi 3 haftal\u0131k aran\u0131n ard\u0131ndan yar\u0131n Be\u015ftepe&#8217;de toplanacak<\/p>\n<p>Cumhurba\u015fkan\u0131 Erdo\u011fan ba\u015fkanl\u0131\u011f\u0131ndaki toplant\u0131ya, yeni g\u00f6reve atanan Adalet Bakan\u0131 Ak\u0131n G\u00fcrlek ve \u0130\u00e7i\u015fleri Bakan\u0131 Mustafa \u00c7ift\u00e7i ilk kez kat\u0131lacak.<\/p>\n<p><strong>ANA G\u00dcNDEM TER\u00d6RS\u00dcZ T\u00dcRK\u0130YE <\/strong><\/p>\n<p>toplant\u0131da g\u00fcvenlik politikalar\u0131 kapsam\u0131nda TBMM b\u00fcnyesinde \u00e7al\u0131\u015fmalar\u0131n\u0131 y\u00fcr\u00fcten Mill\u00ee Dayan\u0131\u015fma, Karde\u015flik ve Demokrasi Komisyonu&#8217;nun haz\u0131rlad\u0131\u011f\u0131 kapsaml\u0131 rapor Kabine \u00fcyelerince de\u011ferlendirilecek.<\/p>\n<p>Bu rapor \u0131\u015f\u0131\u011f\u0131nda, \u00f6n\u00fcm\u00fczdeki g\u00fcnlerde Meclis&#8217;e gelmesi beklenen yeni yarg\u0131 paketinin s\u0131n\u0131rlar\u0131 \u00e7izilecek.<\/p>\n<p>\u00d6zellikle infaz d\u00fczenlemeleri ile T\u00fcrk Ceza Kanunu (TCK) ve Ter\u00f6rle M\u00fccadele Kanunu&#8217;nda (TMK) yap\u0131lmas\u0131 planlanan k\u00f6kl\u00fc de\u011fi\u015fiklikler masaya yat\u0131r\u0131lacak.<\/p>\n<p><img decoding=\"async\" src=\"https:\/\/bihavadis.com\/wp-content\/uploads\/2026\/03\/kabine-yarin-toplaniyor-ana-gundem-terorsuz-turkiye-sureci-0-cGEuqrm7.jpg\"\/><\/p>\n<p><strong>EMEKL\u0130LERE BAYRAM \u0130KRAM\u0130YES\u0130<\/strong><\/p>\n<p>Enflasyonla m\u00fccadele, fiyat istikrar\u0131 ve ekonomik ad\u0131mlar kabinenin \u00f6nemli ba\u015fl\u0131klar\u0131 aras\u0131nda yer al\u0131rken\u00a0emekli bayram ikramiyeleri<span>\u00a0de yak\u0131n takipte.<\/span><\/p>\n<p>Kabinenin, \u015fu an 4 bin TL olarak uygulanan ikramiye tutar\u0131nda yeni bir art\u0131\u015fa gidilip gidilmeyece\u011fine ili\u015fkin verece\u011fi karar merak konusu.\u00a0<\/p>\n<p><strong>ABD-\u0130RAN GER\u0130L\u0130M\u0130<\/strong><\/p>\n<p>Ankara, ABD&#8217;nin olas\u0131 \u0130ran sald\u0131r\u0131s\u0131n\u0131 da yak\u0131ndan takip ediyor.<\/p>\n<p>ABD&#8217;nin haftalard\u0131r Ortado\u011fu&#8217;ya yapt\u0131\u011f\u0131 askeri y\u0131\u011f\u0131nak ve \u0130ran&#8217;a sald\u0131r\u0131n\u0131n yarataca\u011f\u0131 riskler kabinede de\u011ferlendirilecek.<\/p>\n<p>\u00d6te yandan T\u00fcrkiye&#8217;nin diplomasi kanallar\u0131n\u0131 a\u00e7\u0131k tutma \u00e7abas\u0131 da ele al\u0131nacak.<\/p>\n<p><img decoding=\"async\" src=\"https:\/\/bihavadis.com\/wp-content\/uploads\/2026\/03\/kabine-yarin-toplaniyor-ana-gundem-terorsuz-turkiye-sureci-1-NmVyGant.jpg\"\/><\/p>\n<p><strong>GAZZE&#8217;DE SON DURUM<\/strong><\/p>\n<p>Gazze Bar\u0131\u015f Kurulu\u2019nun \u00e7al\u0131\u015fmalar\u0131 da kabinede konu\u015fulmas\u0131 beklenen ba\u015fl\u0131klar aras\u0131nda.<\/p>\n<p>Toplant\u0131da T\u00fcrkiye\u2019yi temsil eden D\u0131\u015fi\u015fleri Bakan\u0131 Hakan Fidan\u2019\u0131n son duruma ili\u015fkin kabine \u00fcyelerine bilgi verebilece\u011fi de\u011ferlendiriliyor.<\/p>\n<div> <span><strong>Kaynak:<\/strong> Ensonhaber Haber Merkezi<\/span> <\/div>\n","protected":false},"excerpt":{"rendered":"<p>T\u00fcrkiye&#8217;nin g\u00f6z\u00fc bu toplant\u0131da&#8230; Cumhurba\u015fkanl\u0131\u011f\u0131 Kabinesi 3 haftal\u0131k aran\u0131n ard\u0131ndan yar\u0131n Be\u015ftepe&#8217;de toplanacak Cumhurba\u015fkan\u0131 Erdo\u011fan ba\u015fkanl\u0131\u011f\u0131ndaki toplant\u0131ya, yeni g\u00f6reve atanan Adalet Bakan\u0131 Ak\u0131n G\u00fcrlek ve \u0130\u00e7i\u015fleri Bakan\u0131 Mustafa \u00c7ift\u00e7i ilk &#8230;<\/p>\n","protected":false},"author":1,"featured_media":60166,"comment_status":"open","ping_status":"open","sticky":false,"template":"","format":"standard","meta":{"footnotes":""},"categories":[9,13],"tags":[2873,517],"class_list":["post-60165","post","type-post","status-publish","format-standard","has-post-thumbnail","hentry","category-genel","category-son-dakika","tag-kabine","tag-turk"],"_links":{"self":[{"href":"https:\/\/bihavadis.com\/index.php\/wp-json\/wp\/v2\/posts\/60165","targetHints":{"allow":["GET"]}}],"collection":[{"href":"https:\/\/bihavadis.com\/index.php\/wp-json\/wp\/v2\/posts"}],"about":[{"href":"https:\/\/bihavadis.com\/index.php\/wp-json\/wp\/v2\/types\/post"}],"author":[{"embeddable":true,"href":"https:\/\/bihavadis.com\/index.php\/wp-json\/wp\/v2\/users\/1"}],"replies":[{"embeddable":true,"href":"https:\/\/bihavadis.com\/index.php\/wp-json\/wp\/v2\/comments?post=60165"}],"version-history":[{"count":1,"href":"https:\/\/bihavadis.com\/index.php\/wp-json\/wp\/v2\/posts\/60165\/revisions"}],"predecessor-version":[{"id":60169,"href":"https:\/\/bihavadis.com\/index.php\/wp-json\/wp\/v2\/posts\/60165\/revisions\/60169"}],"wp:featuredmedia":[{"embeddable":true,"href":"https:\/\/bihavadis.com\/index.php\/wp-json\/wp\/v2\/media\/60166"}],"wp:attachment":[{"href":"https:\/\/bihavadis.com\/index.php\/wp-json\/wp\/v2\/media?parent=60165"}],"wp:term":[{"taxonomy":"category","embeddable":true,"href":"https:\/\/bihavadis.com\/index.php\/wp-json\/wp\/v2\/categories?post=60165"},{"taxonomy":"post_tag","embeddable":true,"href":"https:\/\/bihavadis.com\/index.php\/wp-json\/wp\/v2\/tags?post=60165"}],"curies":[{"name":"wp","href":"https:\/\/api.w.org\/{rel}","templated":true}]}}