{"id":60170,"date":"2026-03-04T16:00:08","date_gmt":"2026-03-04T16:00:08","guid":{"rendered":"https:\/\/bihavadis.com\/?p=60170"},"modified":"2026-03-04T16:00:08","modified_gmt":"2026-03-04T16:00:08","slug":"super-lig-devinden-transferin-son-gununde-milli-yildiz-icin-atak","status":"publish","type":"post","link":"https:\/\/bihavadis.com\/index.php\/2026\/03\/04\/super-lig-devinden-transferin-son-gununde-milli-yildiz-icin-atak\/","title":{"rendered":"S\u00fcper Lig devinden transferin son g\u00fcn\u00fcnde milli y\u0131ld\u0131z i\u00e7in atak"},"content":{"rendered":"<p>Ara transfer d\u00f6neminde h\u00fccum hatt\u0131n\u0131 g\u00fc\u00e7lendirmek isteyen Galatasaray, Porto formas\u0131 giyen Deniz G\u00fcl i\u00e7in y\u00fcr\u00fctt\u00fc\u011f\u00fc temaslarda \u00f6nemli bir a\u015fama kaydetti. Sar\u0131-k\u0131rm\u0131z\u0131l\u0131lar\u0131n yapt\u0131\u011f\u0131 g\u00f6r\u00fc\u015fmeler sonras\u0131 Portekiz ekibi, talep etti\u011fi bonservis bedelinde indirime gitti.<\/p>\n<p><b>PORTO RAKAMI D\u00dc\u015e\u00dcRD\u00dc<\/b><\/p>\n<p>Mauro Icardi ile s\u00f6zle\u015fme uzatmayan Galatasaray, yedek forvet aray\u0131\u015flar\u0131n\u0131 s\u00fcrd\u00fcr\u00fcrken Deniz G\u00fcl ismini g\u00fcndemine alm\u0131\u015ft\u0131. \u0130lk temaslarda Porto&#8217;nun 21 ya\u015f\u0131ndaki milli futbolcu i\u00e7in 10 milyon euro talep etti\u011fi \u00f6\u011frenilmi\u015fti. Ara transfer d\u00f6neminin sonuna yakla\u015f\u0131l\u0131rken Portekiz kul\u00fcb\u00fc bu rakam\u0131 7,5 milyon euroya \u00e7ekti.<\/p>\n<p><b>GALATASARAY KARAR A\u015eAMASINDA<\/b><\/p>\n<p>A Milli Tak\u0131m havuzunda yer alan gen\u00e7 golc\u00fc i\u00e7in Galatasaray cephesi hen\u00fcz nihai karar\u0131n\u0131 vermedi. Sar\u0131-k\u0131rm\u0131z\u0131l\u0131 y\u00f6netimin, teknik heyetle yap\u0131lacak de\u011ferlendirme sonras\u0131 transfer konusunda net ad\u0131m ataca\u011f\u0131 ifade ediliyor.<\/p>\n<p><b>SEZON SONU SE\u00c7ENE\u011e\u0130 MASADA<\/b><\/p>\n<p>Galatasaray, Deniz G\u00fcl transferini ara d\u00f6nemde sonu\u00e7land\u0131ramazsa sezon sonunda yeniden Porto&#8217;nun kap\u0131s\u0131n\u0131 \u00e7almay\u0131 planl\u0131yor. Y\u00f6netim, oyuncunun geli\u015fimini ve piyasa \u015fartlar\u0131n\u0131 yak\u0131ndan takip etmeyi s\u00fcrd\u00fcr\u00fcyor.<\/p>\n","protected":false},"excerpt":{"rendered":"<p>Galatasaray, h\u00fccum hatt\u0131n\u0131 g\u00fc\u00e7lendirmek i\u00e7in Porto formas\u0131 giyen Deniz G\u00fcl&#8217;\u00fc transfer etmek istiyor. Sar\u0131-k\u0131rm\u0131z\u0131l\u0131lar, Portekiz ekibi ile yapt\u0131\u011f\u0131 g\u00f6r\u00fc\u015fmeler sonucunda bonservis bedelinde indirim elde etti. \u0130lk etapta 10 milyon euro talep eden Porto, bu rakam\u0131 7,5 milyon euroya d\u00fc\u015f\u00fcrd\u00fc. Galatasaray y\u00f6netimi hen\u00fcz nihai karar\u0131n\u0131 vermedi ve teknik heyetle yap\u0131lacak de\u011ferlendirme sonras\u0131 transfer konusunda net ad\u0131m atmay\u0131 planl\u0131yor.<\/p>\n","protected":false},"author":1,"featured_media":60171,"comment_status":"open","ping_status":"open","sticky":false,"template":"","format":"standard","meta":{"footnotes":""},"categories":[14],"tags":[496],"class_list":["post-60170","post","type-post","status-publish","format-standard","has-post-thumbnail","hentry","category-spor","tag-galatasaray"],"_links":{"self":[{"href":"https:\/\/bihavadis.com\/index.php\/wp-json\/wp\/v2\/posts\/60170","targetHints":{"allow":["GET"]}}],"collection":[{"href":"https:\/\/bihavadis.com\/index.php\/wp-json\/wp\/v2\/posts"}],"about":[{"href":"https:\/\/bihavadis.com\/index.php\/wp-json\/wp\/v2\/types\/post"}],"author":[{"embeddable":true,"href":"https:\/\/bihavadis.com\/index.php\/wp-json\/wp\/v2\/users\/1"}],"replies":[{"embeddable":true,"href":"https:\/\/bihavadis.com\/index.php\/wp-json\/wp\/v2\/comments?post=60170"}],"version-history":[{"count":1,"href":"https:\/\/bihavadis.com\/index.php\/wp-json\/wp\/v2\/posts\/60170\/revisions"}],"predecessor-version":[{"id":60172,"href":"https:\/\/bihavadis.com\/index.php\/wp-json\/wp\/v2\/posts\/60170\/revisions\/60172"}],"wp:featuredmedia":[{"embeddable":true,"href":"https:\/\/bihavadis.com\/index.php\/wp-json\/wp\/v2\/media\/60171"}],"wp:attachment":[{"href":"https:\/\/bihavadis.com\/index.php\/wp-json\/wp\/v2\/media?parent=60170"}],"wp:term":[{"taxonomy":"category","embeddable":true,"href":"https:\/\/bihavadis.com\/index.php\/wp-json\/wp\/v2\/categories?post=60170"},{"taxonomy":"post_tag","embeddable":true,"href":"https:\/\/bihavadis.com\/index.php\/wp-json\/wp\/v2\/tags?post=60170"}],"curies":[{"name":"wp","href":"https:\/\/api.w.org\/{rel}","templated":true}]}}