{"id":60194,"date":"2026-03-04T21:15:09","date_gmt":"2026-03-04T21:15:09","guid":{"rendered":"https:\/\/bihavadis.com\/?p=60194"},"modified":"2026-03-04T21:15:09","modified_gmt":"2026-03-04T21:15:09","slug":"ikinci-depremden-malatyada-yeni-goruntu-hastanede-kahreden-dakikalar","status":"publish","type":"post","link":"https:\/\/bihavadis.com\/index.php\/2026\/03\/04\/ikinci-depremden-malatyada-yeni-goruntu-hastanede-kahreden-dakikalar\/","title":{"rendered":"\u0130kinci depremden Malatya&#8217;da yeni g\u00f6r\u00fcnt\u00fc! Hastanede kahreden dakikalar"},"content":{"rendered":"<p>KAHRAMANMARA\u015e merkezli 6 \u015eubat depremine ili\u015fkin Malatya&#8217;da Do\u011fan\u015fehir \u015eehit Esra K\u00f6se Ba\u015faran Devlet Hastanesi&#8217;nde yeni g\u00f6r\u00fcnt\u00fcler ortaya \u00e7\u0131kt\u0131. G\u00f6r\u00fcnt\u00fclerde, hasta ve hasta yak\u0131nlar\u0131yla hastane personelinin \u00e7\u0131kma \u00e7abalar\u0131 yer ald\u0131. Tekerlekli sandalyede sedyedekiler ile y\u00fcr\u00fcme g\u00fc\u00e7l\u00fc\u011f\u00fc \u00e7ekenlere vatanda\u015flar\u0131n yard\u0131m etmeye \u00e7al\u0131\u015ft\u0131\u011f\u0131 g\u00f6r\u00fcld\u00fc.<\/p>\n<p>Kahramanmara\u015f merkezli 6 \u015eubat depremlerinin 3&#8217;\u00fcnc\u00fc y\u0131l d\u00f6n\u00fcm\u00fcnde, 13.24&#8217;te meydana gelen Elbistan merkezli 7.6 b\u00fcy\u00fckl\u00fc\u011f\u00fcndeki depreme ili\u015fkin yeni g\u00f6r\u00fcnt\u00fcler ortaya \u00e7\u0131kt\u0131. Do\u011fan\u015fehir \u015eehit Esra K\u00f6se Ba\u015faran Devlet Hastanesi&#8217;nin g\u00fcvenlik kameralar\u0131na yans\u0131yan g\u00f6r\u00fcnt\u00fclerde, sars\u0131nt\u0131yla birlikte hasta, hasta yak\u0131nlar\u0131, doktor, hem\u015fire ve g\u00fcvenlik g\u00f6revlilerinin d\u0131\u015far\u0131ya \u00e7\u0131kma \u00e7abalar\u0131 yer ald\u0131. Sedye ve tekerlekli sandalyeyle y\u00fcr\u00fcme g\u00fc\u00e7l\u00fc\u011f\u00fc \u00e7eken vatanda\u015flara hastane personeli ve vatanda\u015flar\u0131n yard\u0131mc\u0131 olmaya \u00e7al\u0131\u015ft\u0131klar\u0131 g\u00f6r\u00fcld\u00fc.<\/p>\n<p>Havan\u0131n so\u011fuk olmas\u0131 nedeni ile deprem sonras\u0131 battaniye almak i\u00e7in i\u00e7eri girenlerin art\u00e7\u0131 sars\u0131nt\u0131ya yakaland\u0131\u011f\u0131 anlar da yine g\u00fcvenlik kameras\u0131na yans\u0131d\u0131.<\/p>\n<p>7.6 b\u00fcy\u00fckl\u00fc\u011f\u00fcndeki depreme sokakta yakalanan bir ki\u015fi de o anlar\u0131 cep telefonu ile kay\u0131t alt\u0131na ald\u0131. Tekbirler getiren vatanda\u015flar ya\u015fanan sars\u0131nt\u0131n\u0131n bitmesini bekleyerek g\u00f6zya\u015f\u0131 d\u00f6kt\u00fc.<\/p>\n","protected":false},"excerpt":{"rendered":"<p>Kahramanmara\u015f merkezli 6 \u015eubat depreminin 3. y\u0131l d\u00f6n\u00fcm\u00fcnde, Elbistan merkezli 7.6 b\u00fcy\u00fckl\u00fc\u011f\u00fcndeki depreme ili\u015fkin yeni g\u00f6r\u00fcnt\u00fcler ortaya \u00e7\u0131kt\u0131. Do\u011fan\u015fehir \u015eehit Esra K\u00f6se Ba\u015faran Devlet Hastanesi&#8217;ndeki g\u00fcvenlik kameralar\u0131na yans\u0131yan g\u00f6r\u00fcnt\u00fclerde, hasta, hasta yak\u0131nlar\u0131, doktor, hem\u015fire ve g\u00fcvenlik g\u00f6revlilerinin d\u0131\u015far\u0131ya \u00e7\u0131kma \u00e7abalar\u0131 yer ald\u0131. Sedye ve tekerlekli sandalyeyle y\u00fcr\u00fcme g\u00fc\u00e7l\u00fc\u011f\u00fc \u00e7eken vatanda\u015flara hastane personeli ve vatanda\u015flar\u0131n yard\u0131mc\u0131 olmaya \u00e7al\u0131\u015ft\u0131klar\u0131 g\u00f6r\u00fcld\u00fc.<\/p>\n","protected":false},"author":1,"featured_media":60195,"comment_status":"open","ping_status":"open","sticky":false,"template":"","format":"standard","meta":{"footnotes":""},"categories":[6],"tags":[60,467],"class_list":["post-60194","post","type-post","status-publish","format-standard","has-post-thumbnail","hentry","category-dunya","tag-deprem","tag-hasta"],"_links":{"self":[{"href":"https:\/\/bihavadis.com\/index.php\/wp-json\/wp\/v2\/posts\/60194","targetHints":{"allow":["GET"]}}],"collection":[{"href":"https:\/\/bihavadis.com\/index.php\/wp-json\/wp\/v2\/posts"}],"about":[{"href":"https:\/\/bihavadis.com\/index.php\/wp-json\/wp\/v2\/types\/post"}],"author":[{"embeddable":true,"href":"https:\/\/bihavadis.com\/index.php\/wp-json\/wp\/v2\/users\/1"}],"replies":[{"embeddable":true,"href":"https:\/\/bihavadis.com\/index.php\/wp-json\/wp\/v2\/comments?post=60194"}],"version-history":[{"count":1,"href":"https:\/\/bihavadis.com\/index.php\/wp-json\/wp\/v2\/posts\/60194\/revisions"}],"predecessor-version":[{"id":60196,"href":"https:\/\/bihavadis.com\/index.php\/wp-json\/wp\/v2\/posts\/60194\/revisions\/60196"}],"wp:featuredmedia":[{"embeddable":true,"href":"https:\/\/bihavadis.com\/index.php\/wp-json\/wp\/v2\/media\/60195"}],"wp:attachment":[{"href":"https:\/\/bihavadis.com\/index.php\/wp-json\/wp\/v2\/media?parent=60194"}],"wp:term":[{"taxonomy":"category","embeddable":true,"href":"https:\/\/bihavadis.com\/index.php\/wp-json\/wp\/v2\/categories?post=60194"},{"taxonomy":"post_tag","embeddable":true,"href":"https:\/\/bihavadis.com\/index.php\/wp-json\/wp\/v2\/tags?post=60194"}],"curies":[{"name":"wp","href":"https:\/\/api.w.org\/{rel}","templated":true}]}}