{"id":60208,"date":"2026-03-04T21:27:11","date_gmt":"2026-03-04T21:27:11","guid":{"rendered":"https:\/\/bihavadis.com\/?p=60208"},"modified":"2026-03-04T21:27:11","modified_gmt":"2026-03-04T21:27:11","slug":"ibrahim-safinin-retrospektif-sergisi-istanbulda","status":"publish","type":"post","link":"https:\/\/bihavadis.com\/index.php\/2026\/03\/04\/ibrahim-safinin-retrospektif-sergisi-istanbulda\/","title":{"rendered":"\u0130brahim Safi&#8217;nin Retrospektif Sergisi \u0130stanbul&#8217;da"},"content":{"rendered":"<p>Azerbaycanl\u0131 ressam \u0130brahim Safi&#8217;nin &#8220;SafiStanbul &#8211; \u0130brahim Safi Retrospektif Sergisi&#8221;, Fatih&#8217;te bulunan Nusret \u00c7olpan Sanat Galerisi&#8217;nde sanatseverleri a\u011f\u0131rl\u0131yor.<\/p>\n<p>Fatih Belediyesi ev sahipli\u011finde ger\u00e7ekle\u015ftirilen sergi, \u0130stanbul&#8217;un sanat tarihine, k\u00fclt\u00fcrel belle\u011fine ve estetik miras\u0131na ilgi duyanlar i\u00e7in kapsaml\u0131 bir bulu\u015fma alan\u0131 sunuyor.<\/p>\n<p>Sergi, ayn\u0131 zamanda Safi&#8217;nin sanatsal miras\u0131n\u0131 gelecek ku\u015faklara aktarmay\u0131 hedefliyor.<\/p>\n<p>Sergiyi ziyaret eden sanat\u00e7\u0131n\u0131n akrabas\u0131, Azerbaycan Devlet Petrol ve Sanayi \u00dcniversitesi \u00d6\u011fretim \u00dcyesi Do\u00e7. Dr. Safiyev El\u015fad Suleymano\u011flu, sergiye ve Azerbaycanl\u0131 ressam \u0130brahim Safi&#8217;ye dair AA muhabirine a\u00e7\u0131klamalarda bulundu.<\/p>\n<p>&#8220;\u0130brahim Safi, Nahcivan&#8217;da Kaz\u0131m Karabekir&#8217;in ordusunda onun arazilerini korudu&#8221;<\/p>\n<p>Sergiyi hayata ge\u00e7iren Fatih Belediyesine te\u015fekk\u00fcr eden Suleymano\u011flu, Safi&#8217;nin eserlerini biriktirerek, koleksiyonunda 900 resmin bulundu\u011funu s\u00f6yledi.<\/p>\n<p>Safi&#8217;nin Nah\u00e7\u0131van&#8217;da d\u00fcnyaya geldi\u011fini ve Moskova G\u00fczel Sanatlar Akademisinde e\u011fitim g\u00f6rd\u00fc\u011f\u00fcn\u00fc belirten Suleymano\u011flu, &#8220;Rusya&#8217;daki devrimden sonra kendisi Azerbaycan&#8217;a geldi. O s\u0131rada Azerbaycan&#8217;da, \u00f6zellikle Nah\u00e7\u0131van&#8217;daki durum olduk\u00e7a zordu. \u0130brahim Safi, Nah\u00e7\u0131van&#8217;da Kaz\u0131m Karabekir&#8217;in ordusunda onun arazilerini korudu. Daha sonra ise T\u00fcrkiye&#8217;ye geldi ve burada ya\u015fam\u0131n\u0131 s\u00fcrd\u00fcrd\u00fc.&#8221; dedi.<\/p>\n<p>El\u015fad Suleymano\u011flu, serginin a\u00e7\u0131lmas\u0131ndan dolay\u0131 duydu\u011fu memnuniyeti dile getirerek, &#8220;Bu sergide \u0130brahim Safi&#8217;nin kalbini hissediyorum. Buradaki eserlerin foto\u011fraflar\u0131n\u0131 Azerbaycan&#8217;daki akrabalar\u0131m ve dostlar\u0131mla da payla\u015ft\u0131m. Onlar da b\u00f6yle bir serginin varl\u0131\u011f\u0131ndan dolay\u0131 \u00e7ok mutlu oldular.&#8221; diye konu\u015ftu.<\/p>\n<p>&#8220;\u0130brahim Safi i\u00e7in \u0130stanbul \u00f6zel bir anlama sahipti&#8221;<\/p>\n<p>Serginin ana temas\u0131n\u0131 \u0130stanbul&#8217;un olu\u015fturdu\u011funa dikkati \u00e7eken Suleymano\u011flu, \u015funlar\u0131 kaydetti: <\/p>\n<p>&#8220;Burada \u0130stanbul&#8217;a dair \u00e7ok g\u00fczel eserler var. Ama onun \u0130stanbul&#8217;la ilgili eserleri sadece bunlardan ibaret de\u011fil. Ke\u015fke di\u011fer eserleri de burada olabilseydi. \u0130brahim Bey&#8217;in \u0130stanbul&#8217;la ilgili yakla\u015f\u0131k 150 civar\u0131nda eseri var. Burada ise bunlar\u0131n 73 tanesi sergileniyor. \u0130brahim Safi i\u00e7in \u0130stanbul \u00f6zel bir anlama sahipti. \u00c7\u00fcnk\u00fc o bu \u015fehri \u00e7ok seviyordu. Yapt\u0131\u011f\u0131 eserlerinde bunu g\u00f6r\u00fcyoruz.&#8221;<\/p>\n<p>Suleymano\u011flu, Safi&#8217;nin \u0130stanbul ile ilgili \u00e7al\u0131\u015fmalar\u0131ndaki en \u00f6nemli \u00f6zelli\u011fin camiler oldu\u011funa i\u015faret ederek, &#8220;Onun \u0130stanbul&#8217;a dair her bir eserinde caminin varl\u0131\u011f\u0131n\u0131 g\u00f6r\u00fcyoruz. Bunun d\u0131\u015f\u0131nda resimlerinde \u0130stanbul&#8217;un g\u00fczelliklerini g\u00f6rmek m\u00fcmk\u00fcn. \u0130stanbul, \u00e7ok g\u00fczel bir \u015fehir ve sanat\u00e7\u0131m\u0131z\u0131n elinde olsa bu \u015fehrin g\u00fczelli\u011fini anlatacak \u00e7ok daha fazla eser ortaya koyabilirdi.&#8221; g\u00f6r\u00fc\u015flerini payla\u015ft\u0131.<\/p>\n<p>T\u00fcrkiye ile Azerbaycan aras\u0131ndaki yak\u0131n ili\u015fkiye dair de Suleymano\u011flu, &#8220;Ulu liderimiz Haydar Aliyev&#8217;in dedi\u011fi gibi, &#8216;Biz bir millet, iki devletiz.&#8217; Bizim i\u00e7in \u0130stanbul ile Bak\u00fc&#8217;n\u00fcn bir fark\u0131 yok. \u0130brahim Safi i\u00e7in de Bak\u00fc neyse \u0130stanbul&#8217;da o. O, Bak\u00fc&#8217;ye gelemedi\u011fi i\u00e7in \u0130stanbul&#8217;dayd\u0131 ve buray\u0131 resmetti. Ne yaz\u0131k ki biz de uzun y\u0131llar T\u00fcrkiye&#8217;ye gelemedik.&#8221; de\u011ferlendirmesinde bulundu.<\/p>\n<p>&#8220;SafiStanbul&#8221; sergisinde sanat\u00e7\u0131n\u0131n 12 koleksiyonundan se\u00e7ilen \u0130stanbul temal\u0131 73 eserin yan\u0131 s\u0131ra koleksiyonerlerden temin edilen ar\u015fiv belgeleri, sergi kataloglar\u0131, sanat\u00e7\u0131 kart\u0131, onur belgeleri ve d\u00f6nemsel sergi davetiyeleri de yer al\u0131yor.<\/p>\n<p>Sergi, 13 Mart&#8217;a kadar ziyaret edilebilecek.<\/p>\n","protected":false},"excerpt":{"rendered":"<p>\u0130brahim Safi&#8217;nin &#8216;SafiStanbul&#8217; sergisi, Fatih&#8217;te sanatseverlerle bulu\u015fuyor ve 13 Mart&#8217;a kadar a\u00e7\u0131k.<\/p>\n","protected":false},"author":1,"featured_media":60209,"comment_status":"open","ping_status":"open","sticky":false,"template":"","format":"standard","meta":{"footnotes":""},"categories":[9,4,13],"tags":[7145,538,1258,2300,7146],"class_list":["post-60208","post","type-post","status-publish","format-standard","has-post-thumbnail","hentry","category-genel","category-gundem","category-son-dakika","tag-ibrahim-safi","tag-istanbul","tag-sanat","tag-sergi","tag-suleymanoglu"],"_links":{"self":[{"href":"https:\/\/bihavadis.com\/index.php\/wp-json\/wp\/v2\/posts\/60208","targetHints":{"allow":["GET"]}}],"collection":[{"href":"https:\/\/bihavadis.com\/index.php\/wp-json\/wp\/v2\/posts"}],"about":[{"href":"https:\/\/bihavadis.com\/index.php\/wp-json\/wp\/v2\/types\/post"}],"author":[{"embeddable":true,"href":"https:\/\/bihavadis.com\/index.php\/wp-json\/wp\/v2\/users\/1"}],"replies":[{"embeddable":true,"href":"https:\/\/bihavadis.com\/index.php\/wp-json\/wp\/v2\/comments?post=60208"}],"version-history":[{"count":1,"href":"https:\/\/bihavadis.com\/index.php\/wp-json\/wp\/v2\/posts\/60208\/revisions"}],"predecessor-version":[{"id":60210,"href":"https:\/\/bihavadis.com\/index.php\/wp-json\/wp\/v2\/posts\/60208\/revisions\/60210"}],"wp:featuredmedia":[{"embeddable":true,"href":"https:\/\/bihavadis.com\/index.php\/wp-json\/wp\/v2\/media\/60209"}],"wp:attachment":[{"href":"https:\/\/bihavadis.com\/index.php\/wp-json\/wp\/v2\/media?parent=60208"}],"wp:term":[{"taxonomy":"category","embeddable":true,"href":"https:\/\/bihavadis.com\/index.php\/wp-json\/wp\/v2\/categories?post=60208"},{"taxonomy":"post_tag","embeddable":true,"href":"https:\/\/bihavadis.com\/index.php\/wp-json\/wp\/v2\/tags?post=60208"}],"curies":[{"name":"wp","href":"https:\/\/api.w.org\/{rel}","templated":true}]}}