{"id":60214,"date":"2026-03-04T21:33:11","date_gmt":"2026-03-04T21:33:11","guid":{"rendered":"https:\/\/bihavadis.com\/?p=60214"},"modified":"2026-03-04T21:33:11","modified_gmt":"2026-03-04T21:33:11","slug":"erciyeste-kar-banyosu-keyfi","status":"publish","type":"post","link":"https:\/\/bihavadis.com\/index.php\/2026\/03\/04\/erciyeste-kar-banyosu-keyfi\/","title":{"rendered":"Erciyes&#8217;te Kar Banyosu Keyfi"},"content":{"rendered":"<p>\n<p>KAYSER\u0130&#8217;de Davut G\u00fcle\u00e7, T\u00fcrkiye&#8217;nin \u00f6nemli k\u0131\u015f turizm merkezlerinden olan Erciyes Da\u011f\u0131&#8217;nda 2 bin 200 metre y\u00fckseklikteki Tekir Yaylas\u0131&#8217;nda kar banyosu yapt\u0131. Eksi 5 derecede yar\u0131 \u00e7\u0131plak \u015fekilde karla kapl\u0131 y\u00fczeye plaj havlusu sererek kara giren G\u00fcle\u00e7, &#8220;Erciyes&#8217;in toz kar\u0131 \u00f6zellikle y\u00fcksek rak\u0131mdan dolay\u0131 sa\u011fl\u0131k a\u00e7\u0131s\u0131ndan \u00f6nemli. Hava eksi 5 derece bu da benim i\u00e7in \u00e7ok \u00f6nemli de\u011fil. Buras\u0131 beni cezbetti&#8221; dedi.<\/p>\n<p>Kentte, aralar\u0131nda doktor, eczac\u0131, gazeteci, i\u015f\u00e7i, emekli ve memurlar\u0131n da yer ald\u0131\u011f\u0131 Erciyes Kar Kaplanlar\u0131 \u00fcyeleri, Kayseri&#8217;de Erciyes Da\u011f\u0131 eteklerinde \u00f6nce do\u011fa y\u00fcr\u00fcy\u00fc\u015fleri d\u00fczenleyip, ard\u0131ndan da soyunarak kar banyosu yap\u0131yor. Kentte, 51 y\u0131ld\u0131r gazetecilik yapan ve Kar Kaplanlar\u0131 \u00dcyelerinden olan Davut G\u00fcle\u00e7, T\u00fcrkiye&#8217;nin \u00f6nemli turizm merkezlerinden biri olan Erciyes Kayak Merkezi&#8217;nde 2 bin 200 metre y\u00fckseklikteki Tekir Yaylas\u0131&#8217;nda eksi 5 derecede yar\u0131 \u00e7\u0131plak \u015fekilde karla kapl\u0131 y\u00fczeye plaj havlusu sererek kar banyosu yapt\u0131.<\/p>\n<p>Y\u0131llard\u0131r kar banyosu yaparak b\u00f6lgenin tan\u0131t\u0131m\u0131na katk\u0131 sa\u011flad\u0131klar\u0131n\u0131 s\u00f6yleyen Davut G\u00fcle\u00e7, &#8220;Erciyes&#8217;in toz kar\u0131 \u00f6zellikle y\u00fcksek rak\u0131mdan dolay\u0131 sa\u011fl\u0131k a\u00e7\u0131s\u0131ndan \u00f6nemli. Hava eksi 5 derece bu da benim i\u00e7in \u00e7ok \u00f6nemli de\u011fil. Buras\u0131 beni cezbetti. Kar banyosu yapt\u0131m. Zaman zaman arkada\u015flar\u0131m\u0131zla bir araya gelerek kar banyosu yap\u0131yoruz. 2 bin 200 metrede Tekir Yaylas\u0131&#8217;nda kar banyosu yap\u0131yorum. Herkesi buraya bekliyoruz. Bronzla\u015fmak isteyenler plaj havlular\u0131n\u0131 serip bu keyfin tad\u0131n\u0131 \u00e7\u0131kars\u0131nlar. 1984 y\u0131l\u0131ndan beri kar banyosu yap\u0131yorum. Karla y\u0131kand\u0131\u011f\u0131m g\u00fcn hastalanm\u0131yorum. Ama kar banyosu yapmad\u0131\u011f\u0131m di\u011fer g\u00fcnler hastalan\u0131yorum. Sa\u011fl\u0131k i\u00e7in \u00f6nemli ama bunun bilin\u00e7li \u015fekilde yap\u0131lmas\u0131 gerekiyor. Aksi halde hasta olursunuz. 2 bin rak\u0131m\u0131n \u00fczerindeki alanlarda kar banyosu sa\u011fl\u0131k i\u00e7in \u00e7ok \u00f6nemli&#8221; dedi.<\/p>\n<p>&#8216;SA\u011eLIK \u0130\u00c7\u0130N B\u0130L\u0130N\u00c7L\u0130 SPOR \u00c7OK \u00d6NEML\u0130&#8217;<\/p>\n<p>Kar banyosunun bilin\u00e7li yap\u0131lmas\u0131 gerekti\u011fi uyar\u0131s\u0131nda da bulunan G\u00fcle\u00e7, &#8220;Kayseri&#8217;de y\u0131llard\u0131r \u00e7e\u015fitli bran\u015flarda lisansl\u0131 sporcu olarak g\u00f6rev yap\u0131yorum. Y\u0131llard\u0131r da Erciyes&#8217;te kar banyosu yaparak, buzlu suya giriyoruz. Bizler, bir zamanlar spor kul\u00fcb\u00fc olarak faaliyet g\u00f6steriyorduk. Ancak, \u015fartlar a\u011f\u0131r gelince spor kul\u00fcb\u00fcn\u00fc kapatt\u0131k. Erciyes Kar Kaplanlar\u0131 olarak; Erciyes ve Kayseri sevdal\u0131s\u0131y\u0131z. Herkesi kar banyosu yapmaya, sa\u011fl\u0131kl\u0131 spor yapmak i\u00e7in Erciyes&#8217;e davet ediyoruz. Spor hekimlerinden sizin v\u00fccudunuza uygun olan spor dal\u0131 hangisiyse o spor dal\u0131n\u0131 Erciyes&#8217;te yapmaya davet ediyoruz. Sa\u011fl\u0131\u011f\u0131n\u0131z i\u00e7in bilin\u00e7li spor \u00e7ok \u00f6nemli&#8221; diye konu\u015ftu. <\/p>\n","protected":false},"excerpt":{"rendered":"<p>Davut G\u00fcle\u00e7, Erciyes&#8217;te eksi 5 derecede kar banyosu yaparak sa\u011fl\u0131k i\u00e7in bilin\u00e7li sporun \u00f6nemini vurgulad\u0131.<\/p>\n","protected":false},"author":1,"featured_media":60215,"comment_status":"open","ping_status":"open","sticky":false,"template":"","format":"standard","meta":{"footnotes":""},"categories":[9,4,13],"tags":[2508,297,1191,157,440],"class_list":["post-60214","post","type-post","status-publish","format-standard","has-post-thumbnail","hentry","category-genel","category-gundem","category-son-dakika","tag-erciyes","tag-kar","tag-onemli","tag-saglik","tag-spor"],"_links":{"self":[{"href":"https:\/\/bihavadis.com\/index.php\/wp-json\/wp\/v2\/posts\/60214","targetHints":{"allow":["GET"]}}],"collection":[{"href":"https:\/\/bihavadis.com\/index.php\/wp-json\/wp\/v2\/posts"}],"about":[{"href":"https:\/\/bihavadis.com\/index.php\/wp-json\/wp\/v2\/types\/post"}],"author":[{"embeddable":true,"href":"https:\/\/bihavadis.com\/index.php\/wp-json\/wp\/v2\/users\/1"}],"replies":[{"embeddable":true,"href":"https:\/\/bihavadis.com\/index.php\/wp-json\/wp\/v2\/comments?post=60214"}],"version-history":[{"count":1,"href":"https:\/\/bihavadis.com\/index.php\/wp-json\/wp\/v2\/posts\/60214\/revisions"}],"predecessor-version":[{"id":60216,"href":"https:\/\/bihavadis.com\/index.php\/wp-json\/wp\/v2\/posts\/60214\/revisions\/60216"}],"wp:featuredmedia":[{"embeddable":true,"href":"https:\/\/bihavadis.com\/index.php\/wp-json\/wp\/v2\/media\/60215"}],"wp:attachment":[{"href":"https:\/\/bihavadis.com\/index.php\/wp-json\/wp\/v2\/media?parent=60214"}],"wp:term":[{"taxonomy":"category","embeddable":true,"href":"https:\/\/bihavadis.com\/index.php\/wp-json\/wp\/v2\/categories?post=60214"},{"taxonomy":"post_tag","embeddable":true,"href":"https:\/\/bihavadis.com\/index.php\/wp-json\/wp\/v2\/tags?post=60214"}],"curies":[{"name":"wp","href":"https:\/\/api.w.org\/{rel}","templated":true}]}}