{"id":60238,"date":"2026-03-04T21:48:08","date_gmt":"2026-03-04T21:48:08","guid":{"rendered":"https:\/\/bihavadis.com\/?p=60238"},"modified":"2026-03-04T21:48:08","modified_gmt":"2026-03-04T21:48:08","slug":"iftardan-once-yuruyuse-cikan-abdulkadir-uraloglu-temel-fikrasi-anlatti","status":"publish","type":"post","link":"https:\/\/bihavadis.com\/index.php\/2026\/03\/04\/iftardan-once-yuruyuse-cikan-abdulkadir-uraloglu-temel-fikrasi-anlatti\/","title":{"rendered":"\u0130ftardan \u00f6nce y\u00fcr\u00fcy\u00fc\u015fe \u00e7\u0131kan Abdulkadir Uralo\u011flu, temel f\u0131kras\u0131 anlatt\u0131"},"content":{"rendered":"<p>Ramazan ay\u0131n\u0131n co\u015fkusu T\u00fcrkiye\u2019nin d\u00f6rt bir yan\u0131nda hissedilmeye devam ediyor.<\/p>\n<p>Oru\u00e7 ibadetinin \u00fc\u00e7\u00fcnc\u00fc g\u00fcn\u00fcnde iftar sofralar\u0131 kurulurken, siyaset d\u00fcnyas\u0131ndan dikkat \u00e7eken bir payla\u015f\u0131m geldi.\u00a0<\/p>\n<p>Sosyal medya hesab\u0131 \u00fczerinden bir video payla\u015fan Ula\u015ft\u0131rma ve Altyap\u0131 Bakan\u0131 Abdulkadir Uralo\u011flu, k\u0131sa s\u00fcrede g\u00fcndem oldu.\u00a0<\/p>\n<p><strong>TEMEL FIKRASI ANLATTI<\/strong><\/p>\n<p>Abdulkadir Uralo\u011flu, sosyal medya hesab\u0131ndan payla\u015ft\u0131\u011f\u0131 videoda Temel f\u0131kras\u0131 anlatt\u0131.<\/p>\n<p>F\u0131krada Temel\u2019in avc\u0131l\u0131kta \u00e7ok iddial\u0131 oldu\u011fu, Dursun ve Cemal Bey\u2019le birlikte ava \u00e7\u0131kt\u0131\u011f\u0131 aktar\u0131l\u0131yor.<\/p>\n<p>Ormanda bir deli\u011fi g\u00f6steren Temel, <em><b>&#8220;U\u015faklar, buradan iki tane tav\u015fan \u00e7\u0131kacak&#8221;<\/b><\/em> diyor; k\u0131sa s\u00fcre sonra ger\u00e7ekten iki tav\u015fan \u00e7\u0131k\u0131yor.<\/p>\n<p>Daha b\u00fcy\u00fck bir deli\u011fe geldiklerinde bu kez daha b\u00fcy\u00fck hayvanlar\u0131n \u00e7\u0131kaca\u011f\u0131n\u0131 s\u00f6yl\u00fcyor ve her seferinde dedi\u011fi ger\u00e7ekle\u015fiyor.<\/p>\n<p><img decoding=\"async\" src=\"https:\/\/bihavadis.com\/wp-content\/uploads\/2026\/03\/iftardan-once-yuruyuse-cikan-abdulkadir-uraloglu-temel-fikrasi-anlatti-0-zqAyBxDa.jpg\"\/><\/p>\n<p><strong>TAV\u015eAN BEKLERKEN MAK\u0130NE \u00c7IKIYOR<\/strong><\/p>\n<p>En sonunda olduk\u00e7a b\u00fcy\u00fck bir deli\u011fin ba\u015f\u0131na geldiklerinde Temel,<em><b> &#8220;U\u015faklar, bu sefer \u00e7ok b\u00fcy\u00fck bir \u015fey \u00e7\u0131kacak, haz\u0131r olun&#8221;\u00a0<\/b><\/em>diyerek arkada\u015flar\u0131n\u0131 uyar\u0131yor.\u00a0<\/p>\n<p>Bekleyi\u015f s\u00fcrerken yer sars\u0131l\u0131yor ve deli\u011fin i\u00e7inden dev bir makine \u00e7\u0131k\u0131yor.<\/p>\n<p><strong>\u0130STANBUL\u2019DAK\u0130 TBM A\u00c7ILI\u015eINA BA\u011eLADI<\/strong><\/p>\n<p>Bakan Uralo\u011flu, f\u0131kran\u0131n ard\u0131ndan &#8220;Bunu niye anlatt\u0131m?&#8221; diyerek iki hafta \u00f6nce \u0130stanbul\u2019da Kemer\u2019e \u00e7\u0131kan bir t\u00fcnelde ger\u00e7ekle\u015ftirilen TBM \u00e7\u0131k\u0131\u015f t\u00f6renini hat\u0131rlatt\u0131.<\/p>\n<p>T\u00f6rene kat\u0131lanlar\u0131n tedirginli\u011fe vurgu yapan\u00a0 Uralo\u011flu, <em><b>&#8220;Herkes merakla ne \u00e7\u0131kacak diye bekliyordu. \u0130\u015fte o b\u00fcy\u00fck delikten \u00e7\u0131kan \u015fey bizim T\u00fcnel A\u00e7ma Makinemizdi&#8221;<\/b><\/em> ifadelerini kulland\u0131.<\/p>\n<p><img decoding=\"async\" src=\"https:\/\/bihavadis.com\/wp-content\/uploads\/2026\/03\/iftardan-once-yuruyuse-cikan-abdulkadir-uraloglu-temel-fikrasi-anlatti-1-PvBZPBwu.jpg\"\/><\/p>\n<p><strong>TBM NED\u0130R?<\/strong><\/p>\n<p>Bakan\u0131n at\u0131fta bulundu\u011fu TBM (Tunnel Boring Machine), yer alt\u0131ndan ilerleyerek metro, karayolu ve demiryolu t\u00fcnellerini a\u00e7an dev m\u00fchendislik makineleri olarak biliniyor.<\/p>\n<p>Silindirik g\u00f6vdesi ve d\u00f6ner kesici ba\u015fl\u0131\u011f\u0131 sayesinde sert zeminleri kazabilen bu makineler, b\u00fcy\u00fck ula\u015f\u0131m projelerinin temel ekipmanlar\u0131 aras\u0131nda yer al\u0131yor.<\/p>\n<p>T\u00fcrkiye\u2019de son y\u0131llarda hayata ge\u00e7irilen bir\u00e7ok t\u00fcnel projesinde de aktif olarak kullan\u0131l\u0131yor.<\/p>\n<p><strong>Y\u00dcR\u00dcY\u00dc\u015e TAVS\u0130YES\u0130 VE \u0130FTAR MESAJI<\/strong><\/p>\n<p>Bakan Uralo\u011flu, payla\u015f\u0131m\u0131n\u0131n sonunda vatanda\u015flar\u0131n Ramazan ay\u0131n\u0131 tebrik ederek <em><b>&#8220;Hay\u0131rl\u0131 iftarlar&#8221;<\/b><\/em> dile\u011finde bulundu.<\/p>\n<p>Oru\u00e7 s\u00fcrecinde sa\u011fl\u0131kl\u0131 ya\u015fam\u0131n \u00f6nemine de de\u011finen Uralo\u011flu, \u00f6zellikle iftar sonras\u0131 hafif y\u00fcr\u00fcy\u00fc\u015f yap\u0131lmas\u0131 tavsiyesi verdi.\u00a0<\/p>\n<div> <span><strong>Kaynak:<\/strong> Ensonhaber Haber Merkezi<\/span> <\/div>\n","protected":false},"excerpt":{"rendered":"<p>Ramazan ay\u0131n\u0131n co\u015fkusu T\u00fcrkiye\u2019nin d\u00f6rt bir yan\u0131nda hissedilmeye devam ediyor. Oru\u00e7 ibadetinin \u00fc\u00e7\u00fcnc\u00fc g\u00fcn\u00fcnde iftar sofralar\u0131 kurulurken, siyaset d\u00fcnyas\u0131ndan dikkat \u00e7eken bir payla\u015f\u0131m geldi.\u00a0 Sosyal medya hesab\u0131 \u00fczerinden bir video payla\u015fan Ula\u015ft\u0131rma &#8230;<\/p>\n","protected":false},"author":1,"featured_media":60239,"comment_status":"open","ping_status":"open","sticky":false,"template":"","format":"standard","meta":{"footnotes":""},"categories":[9,13],"tags":[4248,2260,267],"class_list":["post-60238","post","type-post","status-publish","format-standard","has-post-thumbnail","hentry","category-genel","category-son-dakika","tag-makine","tag-temel","tag-uraloglu"],"_links":{"self":[{"href":"https:\/\/bihavadis.com\/index.php\/wp-json\/wp\/v2\/posts\/60238","targetHints":{"allow":["GET"]}}],"collection":[{"href":"https:\/\/bihavadis.com\/index.php\/wp-json\/wp\/v2\/posts"}],"about":[{"href":"https:\/\/bihavadis.com\/index.php\/wp-json\/wp\/v2\/types\/post"}],"author":[{"embeddable":true,"href":"https:\/\/bihavadis.com\/index.php\/wp-json\/wp\/v2\/users\/1"}],"replies":[{"embeddable":true,"href":"https:\/\/bihavadis.com\/index.php\/wp-json\/wp\/v2\/comments?post=60238"}],"version-history":[{"count":1,"href":"https:\/\/bihavadis.com\/index.php\/wp-json\/wp\/v2\/posts\/60238\/revisions"}],"predecessor-version":[{"id":60242,"href":"https:\/\/bihavadis.com\/index.php\/wp-json\/wp\/v2\/posts\/60238\/revisions\/60242"}],"wp:featuredmedia":[{"embeddable":true,"href":"https:\/\/bihavadis.com\/index.php\/wp-json\/wp\/v2\/media\/60239"}],"wp:attachment":[{"href":"https:\/\/bihavadis.com\/index.php\/wp-json\/wp\/v2\/media?parent=60238"}],"wp:term":[{"taxonomy":"category","embeddable":true,"href":"https:\/\/bihavadis.com\/index.php\/wp-json\/wp\/v2\/categories?post=60238"},{"taxonomy":"post_tag","embeddable":true,"href":"https:\/\/bihavadis.com\/index.php\/wp-json\/wp\/v2\/tags?post=60238"}],"curies":[{"name":"wp","href":"https:\/\/api.w.org\/{rel}","templated":true}]}}