{"id":60303,"date":"2026-03-04T22:42:05","date_gmt":"2026-03-04T22:42:05","guid":{"rendered":"https:\/\/bihavadis.com\/?p=60303"},"modified":"2026-03-04T22:42:05","modified_gmt":"2026-03-04T22:42:05","slug":"baskan-tugay-guzelbahcelilerle-iftarda-bulustu","status":"publish","type":"post","link":"https:\/\/bihavadis.com\/index.php\/2026\/03\/04\/baskan-tugay-guzelbahcelilerle-iftarda-bulustu\/","title":{"rendered":"Ba\u015fkan Tugay G\u00fczelbah\u00e7elilerle iftarda bulu\u015ftu"},"content":{"rendered":"<p>\u0130zmir B\u00fcy\u00fck\u015fehir Belediye Ba\u015fkan\u0131 Dr. Cemil Tugay, G\u00fczelbah\u00e7e&#8217;de d\u00fczenlenen iftarda yurtta\u015flarla bir araya geldi. Ba\u015fkan Tugay, iftar program\u0131nda yapt\u0131\u011f\u0131 konu\u015fmada, &#8220;Zorluklar\u0131 birlikte a\u015far\u0131z&#8221; diyerek, \u0130zmir ve G\u00fczelbah\u00e7e i\u00e7in elinden gelenin en iyisini yapma kararl\u0131l\u0131\u011f\u0131n\u0131 vurgulad\u0131. Dayan\u0131\u015fma ve birlikteli\u011fin \u00f6nemine dikkat \u00e7eken Ba\u015fkan Tugay, \u201cBiz her problemi birlikte a\u015far\u0131z, birbirimizi sevmek ve saymak \u015fart\u201d dedi.\u00a0<\/p>\n<p>\u0130zmir B\u00fcy\u00fck\u015fehir Belediyesi\u2019nin ramazan ay\u0131n\u0131n bereketini art\u0131rmak amac\u0131yla 30 il\u00e7ede d\u00fczenledi\u011fi iftar program\u0131, G\u00fczelbah\u00e7e\u2019de devam etti. G\u00fczelbah\u00e7e Belediyesi D\u00fc\u011f\u00fcn Salonu\u2019nda ger\u00e7ekle\u015ftirilen iftar program\u0131na, \u0130zmir B\u00fcy\u00fck\u015fehir Belediye Ba\u015fkan\u0131 Dr. Cemil Tugay, G\u00fczelbah\u00e7e Belediye Ba\u015fkan\u0131 Mustafa G\u00fcnay, siyasi parti temsilcileri, muhtarlar, meclis \u00fcyeleri ve \u00e7ok say\u0131da yurtta\u015f kat\u0131ld\u0131. Sosyal Hizmetler Dairesi Ba\u015fkanl\u0131\u011f\u0131 taraf\u0131ndan 2 bin 500 ki\u015filik s\u0131cak yemek ikram\u0131n\u0131n yap\u0131ld\u0131\u011f\u0131 iftar sofras\u0131nda, ilahi dinletisiyle ba\u015flayan programda Ba\u015fkan Dr. Cemil Tugay, G\u00fczelbah\u00e7elilerle selamla\u015farak sohbet etti ve hat\u0131ra foto\u011fraf\u0131 \u00e7ektirdi. \u0130ftar saati \u00f6ncesinde Kur\u2019an-\u0131 Kerim tilavetinin ard\u0131ndan okunan ak\u015fam ezan\u0131 ile dualar e\u015fli\u011finde oru\u00e7lar a\u00e7\u0131ld\u0131.\u00a0<\/p>\n<p><strong>\u201cZorluklar\u0131 birlikte a\u015far\u0131z\u201d<\/strong><br \/>\u0130ftar program\u0131nda konu\u015fan Ba\u015fkan Tugay, &#8220;G\u00f6revim, \u0130zmir\u2019in her yerine en iyi hizmeti sunmak. G\u00fczelbah\u00e7e i\u00e7in de elimden gelenin en iyisini yapaca\u011f\u0131m. Biz burada ramazan ay\u0131nda bu birlik ve beraberli\u011fi ya\u015famak i\u00e7in topland\u0131k. Sizlerden bekledi\u011fimiz, bizlere verdi\u011finiz manevi destektir. Buna ihtiyac\u0131m\u0131z var. \u00c7\u00fcnk\u00fc ger\u00e7ekten zor bir g\u00f6rev. \u00c7ok \u00e7al\u0131\u015fmak ve sebat etmek gerekiyor. Bazen, baz\u0131lar\u0131 size zorluk \u00e7\u0131karabilir, ancak buna ra\u011fmen y\u0131k\u0131lmadan, e\u011filmeden, b\u00fck\u00fclmeden \u015fehrinize ve size g\u00fcvenen insanlara hizmet etmeniz gerekiyor. \u00dclkemizde ve \u015fehrimizde pek \u00e7ok insan\u0131n s\u0131k\u0131nt\u0131 i\u00e7inde oldu\u011funu biliyoruz ve g\u00f6r\u00fcyoruz. Ama \u015funu da biliyoruz ki, biz her \u015feyi birlikte a\u015far\u0131z. Ne olursa olsun, her problemi birlikte a\u015fabiliriz. Birbirimizi sevip saymam\u0131z, dayan\u0131\u015fma i\u00e7inde olmam\u0131z \u015fart. Benim g\u00f6z\u00fcmde \u0130zmir ger\u00e7ek bir m\u00fccevher. G\u00fczelbah\u00e7e de bu m\u00fccevherin en g\u00fczel k\u00f6\u015felerinden birisidir. \u0130zmir\u2019in insan\u0131 \u00e7ok de\u011ferli ve g\u00fczeldir. Burada ya\u015famayan, o dostlu\u011fu ve ahbapl\u0131\u011f\u0131 bilmez. Biz y\u00fcrekten ba\u011fl\u0131l\u0131kla \u00e7al\u0131\u015f\u0131yoruz ve inan\u0131yorum ki \u00e7ok g\u00fczel \u015feyler olacak. Yap\u0131yoruz, yapmaya da devam edece\u011fiz. Ben her bir hem\u015fehrimin mutlu olmas\u0131n\u0131 diliyorum&#8221; ifadelerini kulland\u0131.<\/p>\n<p><strong>Ba\u015fkan Tugay&#8217;a te\u015fekk\u00fcr<\/strong><br \/>G\u00fczelbah\u00e7e Belediye Ba\u015fkan\u0131 Mustafa G\u00fcnay, iftar program\u0131nda yapt\u0131\u011f\u0131 konu\u015fmada, \u0130zmir B\u00fcy\u00fck\u015fehir Belediye Ba\u015fkan\u0131 Dr. Cemil Tugay\u2019a te\u015fekk\u00fcr ederek, \u201cHer yaram\u0131za, her derdimize her zaman &#8216;Mustafa Ba\u015fkan\u0131m, ne istiyorsan iste&#8217; diyen bir \u0130zmir B\u00fcy\u00fck\u015fehir Belediye Ba\u015fkan\u0131m\u0131z var, bir b\u00fcy\u00fck a\u011fabeyimiz, babam\u0131z var. \u0130zmir B\u00fcy\u00fck\u015fehir Belediyesi\u2019nin yapt\u0131\u011f\u0131 hizmetlerden dolay\u0131 minnettar\u0131z. \u0130yi ki vars\u0131n\u0131z ba\u015fkan\u0131m. Her zaman da ba\u015f\u0131m\u0131zda olman\u0131z\u0131 can\u0131 g\u00f6n\u00fclden bu ramazan ay\u0131nda istiyoruz. G\u00fczelbah\u00e7e halk\u0131 olarak sonuna kadar yan\u0131n\u0131zday\u0131z, arkan\u0131zday\u0131z. G\u00fczelbah\u00e7e\u2019de ben b\u00fct\u00fcn g\u00fcc\u00fcm\u00fc her zaman ba\u015fkan\u0131m\u0131zdan al\u0131yorum. Bug\u00fcn 75. Y\u0131l Cumhuriyet Caddesi 50 y\u0131l\u0131n olmazsa olmaz\u0131 deniyordu. Ama Cemil ba\u015fkan\u0131m geldikten sonra ilk etab\u0131n\u0131 a\u00e7t\u0131. \u015eimdi\u00a0 &#8216;ikinci etab\u0131 da a\u00e7aca\u011f\u0131m&#8217; dedi. Ba\u015fkan\u0131m\u0131z Maltepe giri\u015findeki G\u00fczbel Marin&#8217;in yerini (\u015eirincan) bize verdi. Maltepelilere s\u00f6z vermi\u015ftik.\u00a0 Ba\u015fkan\u0131m\u0131z da s\u00f6z\u00fcm\u00fcz\u00fc yerde b\u0131rakmad\u0131. Biz de d\u00fcn itibariyle direklerini dikmeye ba\u015flad\u0131k. \u015eirincan art\u0131k Maltepe\u2019nin bir kafesi, marketi olacak\u201d dedi.\u00a0<\/p>\n<p><strong>Ramazan bereketi il\u00e7e il\u00e7e yay\u0131lmaya devam ediyor<\/strong><br \/>\u0130zmir B\u00fcy\u00fck\u015fehir Belediyesi\u2019nin iftar sofras\u0131 4 Mart\u2019ta Fo\u00e7a&#8217;da Yeni Fo\u00e7a \u00c7ok Ama\u00e7l\u0131 Spor Salonu\u2019nda, 5 Mart\u2019ta Kiraz Cem Yazan Kapal\u0131 Pazaryeri\u2019nde, 6 Mart\u2019ta Beyda\u011f 2 Eyl\u00fcl Kurtulu\u015f Park\u0131\u2019nda, 7 Mart\u2019ta Seferihisar Kapal\u0131 Pazaryeri\u2019nde, 8 Mart\u2019ta Menemen Cumhuriyet Meydan\u0131\u2019nda, 9 Mart\u2019ta Sel\u00e7uk A\u00e7\u0131k Pazaryeri (T\u00fcrkmen Pazar Alan\u0131)\u2019nda iftar verilecek. Program 10 Mart\u2019ta Konak Kemeralt\u0131 Milli K\u00fct\u00fcphane Caddesi\u2019nde, 11 Mart\u2019ta Kemalpa\u015fa Rekreasyon Alan\u0131\u2019nda, 12 Mart\u2019ta K\u0131n\u0131k Cumhuriyet Meydan\u0131\u2019nda, 13 Mart\u2019ta Dikili Atat\u00fcrk Meydan\u0131\u2019nda, 14 Mart\u2019ta Bergama Cumhuriyet Meydan\u0131\u2019nda, 15 Mart\u2019ta Alia\u011fa Demokrasi Meydan\u0131\u2019nda devam edecek. \u0130ftar sofralar\u0131 16 Mart\u2019ta Karaba\u011flar Vatan Kapal\u0131 Pazaryeri\u2019nde, 17 Mart\u2019ta Karaburun Mordo\u011fan Merkez\u2019de, 18 Mart\u2019ta \u00c7e\u015fme Meydan\u2019da ve 19 Mart\u2019ta Urla Meydan\u2019da kurulacak.<\/p>\n<p>\u00a0<\/p>\n<p>\u00a0<\/p>\n<p>Kaynak: (BYZHA) Beyaz Haber Ajans\u0131<\/p>\n","protected":false},"excerpt":{"rendered":"<p>\u0130zmir B\u00fcy\u00fck\u015fehir Belediye Ba\u015fkan\u0131 Dr. Cemil Tugay, G\u00fczelbah\u00e7e&#8217;de d\u00fczenlenen iftarda yurtta\u015flarla bir araya geldi.<\/p>\n","protected":false},"author":1,"featured_media":60304,"comment_status":"open","ping_status":"open","sticky":false,"template":"","format":"standard","meta":{"footnotes":""},"categories":[4],"tags":[986,2913,675,5478,2127],"class_list":["post-60303","post","type-post","status-publish","format-standard","has-post-thumbnail","hentry","category-gundem","tag-baskani","tag-guzelbahce","tag-iftar","tag-martta","tag-program"],"_links":{"self":[{"href":"https:\/\/bihavadis.com\/index.php\/wp-json\/wp\/v2\/posts\/60303","targetHints":{"allow":["GET"]}}],"collection":[{"href":"https:\/\/bihavadis.com\/index.php\/wp-json\/wp\/v2\/posts"}],"about":[{"href":"https:\/\/bihavadis.com\/index.php\/wp-json\/wp\/v2\/types\/post"}],"author":[{"embeddable":true,"href":"https:\/\/bihavadis.com\/index.php\/wp-json\/wp\/v2\/users\/1"}],"replies":[{"embeddable":true,"href":"https:\/\/bihavadis.com\/index.php\/wp-json\/wp\/v2\/comments?post=60303"}],"version-history":[{"count":1,"href":"https:\/\/bihavadis.com\/index.php\/wp-json\/wp\/v2\/posts\/60303\/revisions"}],"predecessor-version":[{"id":60305,"href":"https:\/\/bihavadis.com\/index.php\/wp-json\/wp\/v2\/posts\/60303\/revisions\/60305"}],"wp:featuredmedia":[{"embeddable":true,"href":"https:\/\/bihavadis.com\/index.php\/wp-json\/wp\/v2\/media\/60304"}],"wp:attachment":[{"href":"https:\/\/bihavadis.com\/index.php\/wp-json\/wp\/v2\/media?parent=60303"}],"wp:term":[{"taxonomy":"category","embeddable":true,"href":"https:\/\/bihavadis.com\/index.php\/wp-json\/wp\/v2\/categories?post=60303"},{"taxonomy":"post_tag","embeddable":true,"href":"https:\/\/bihavadis.com\/index.php\/wp-json\/wp\/v2\/tags?post=60303"}],"curies":[{"name":"wp","href":"https:\/\/api.w.org\/{rel}","templated":true}]}}