{"id":60316,"date":"2026-03-04T22:54:10","date_gmt":"2026-03-04T22:54:10","guid":{"rendered":"https:\/\/bihavadis.com\/?p=60316"},"modified":"2026-03-04T22:54:10","modified_gmt":"2026-03-04T22:54:10","slug":"yalovada-komsularin-gurultu-kavgasinda-14-aylik-bebek-darbedildi","status":"publish","type":"post","link":"https:\/\/bihavadis.com\/index.php\/2026\/03\/04\/yalovada-komsularin-gurultu-kavgasinda-14-aylik-bebek-darbedildi\/","title":{"rendered":"Yalova&#8217;da kom\u015fular\u0131n g\u00fcr\u00fclt\u00fc kavgas\u0131nda 14 ayl\u0131k bebek darbedildi"},"content":{"rendered":"<p>Yalova&#8217;n\u0131n\u00a0\u00c7\u0131narc\u0131k il\u00e7esine ba\u011fl\u0131 Esenk\u00f6y beldesinde, bir y\u0131l \u00f6nce 4 \u00e7ocuklar\u0131yla birlikte sat\u0131n ald\u0131klar\u0131 eve ta\u015f\u0131nan Baca ailesi ile ayn\u0131 binada ya\u015fayan kom\u015fular\u0131 aras\u0131nda, \u00e7ocuklar\u0131n \u00e7\u0131kard\u0131\u011f\u0131 g\u00fcr\u00fclt\u00fc nedeniyle zaman zaman tart\u0131\u015fmalar ya\u015fand\u0131\u011f\u0131 \u00f6ne s\u00fcr\u00fcld\u00fc.<\/p>\n<p>Son olarak 20 \u015eubat\u2019ta ya\u015fanan olayda, Muhammed Baca, 14 ayl\u0131k k\u0131z\u0131 \u0130kra\u2019y\u0131 kuca\u011f\u0131na ald\u0131\u011f\u0131 s\u0131rada \u015eener E.\u2019nin sopal\u0131 sald\u0131r\u0131s\u0131na u\u011frad\u0131.<\/p>\n<p>Sald\u0131r\u0131 sonucu Baca\u2019n\u0131n burnu k\u0131r\u0131l\u0131rken, k\u00fc\u00e7\u00fck \u0130kra\u2019n\u0131n kafatas\u0131nda \u00e7atlak olu\u015ftu.<\/p>\n<p><strong>BABA VE KIZI HASTANEYE KALDIRILDI<\/strong><\/p>\n<p>Yaralanan baba ile minik k\u0131z\u0131, Yalova E\u011fitim ve Ara\u015ft\u0131rma Hastanesi\u2019nde tedavi alt\u0131na al\u0131nd\u0131.<\/p>\n<p>Olay\u0131n ard\u0131ndan g\u00f6zalt\u0131na al\u0131nan \u015eener E., \u00e7\u0131kar\u0131ld\u0131\u011f\u0131 mahkemece tutuklanarak cezaevine g\u00f6nderildi.<\/p>\n<p>Daha \u00f6nce hakk\u0131nda uzakla\u015ft\u0131rma karar\u0131 bulundu\u011fu belirtilen di\u011fer \u015f\u00fcpheli S.E. ise serbest b\u0131rak\u0131ld\u0131.<\/p>\n<p><img decoding=\"async\" src=\"https:\/\/bihavadis.com\/wp-content\/uploads\/2026\/03\/yalovada-komsularin-gurultu-kavgasinda-14-aylik-bebek-darbedildi-0-m2yP7tmj.jpg\"\/><\/p>\n<p><strong>&#8220;KIZIMI KUCA\u011eIMA ALIP KAVGAYA G\u0130DECEK DE\u011e\u0130L\u0130M&#8221;<\/strong><\/p>\n<p>Ya\u015fad\u0131klar\u0131n\u0131 anlatan Muhammed Baca, sald\u0131r\u0131n\u0131n jandarma ekiplerinin bulundu\u011fu s\u0131rada ger\u00e7ekle\u015fti\u011fini s\u00f6yledi.<\/p>\n<p>Olay g\u00fcn\u00fc k\u0131z\u0131n\u0131 kuca\u011f\u0131na alarak eve girdi\u011fini belirten Baca, \u015fu ifadeleri kulland\u0131:<\/p>\n<p>Sokakta kar\u015f\u0131la\u015ft\u0131\u011f\u0131m\u0131zda \u2018Ne bak\u0131yorsun lan\u2019 dedi. Oru\u00e7lu a\u011fz\u0131m\u0131zla i\u00e7eri girdim, jandarmay\u0131 arad\u0131m. Jandarma gelince ara\u00e7 kameram\u0131 s\u00f6k\u00fcp teslim ettim. \u2018\u0130ftar\u0131m\u0131 a\u00e7\u0131p geliyorum\u2019 dedim. K\u0131z\u0131m kuca\u011f\u0131mdayd\u0131. K\u0131z\u0131m\u0131 al\u0131p kavgaya gidecek kadar bilin\u00e7siz bir baba de\u011filim. Jandarman\u0131n yan\u0131nda bana ve k\u0131z\u0131ma bunu yapt\u0131lar.<\/p>\n<p>Burnunun k\u0131r\u0131k oldu\u011funu ve halen kanama ya\u015fad\u0131\u011f\u0131n\u0131 belirten Baca, \u00e7ocuklar\u0131n\u0131n \u00e7\u0131kard\u0131\u011f\u0131 sesten rahats\u0131z olundu\u011funun s\u00f6ylendi\u011fini ifade etti.<\/p>\n<p><img decoding=\"async\" src=\"https:\/\/bihavadis.com\/wp-content\/uploads\/2026\/03\/yalovada-komsularin-gurultu-kavgasinda-14-aylik-bebek-darbedildi-1-QeeBNJIU.jpg\"\/><\/p>\n<p><strong>&#8220;EV\u0130M\u0130ZE G\u0130TMEYE KORKUYORUZ&#8221;<\/strong><\/p>\n<p>Daha \u00f6nce de tehditler ald\u0131klar\u0131n\u0131 s\u00f6yleyen Baca, evlerinin \u00f6n\u00fcne mermi \u00e7ekirde\u011fi b\u0131rak\u0131ld\u0131\u011f\u0131n\u0131 ve<em><b> \u201cBuray\u0131 terk et\u201d<\/b><\/p>\n<p>Uzakla\u015ft\u0131rma karar\u0131na ra\u011fmen olay\u0131n ya\u015fand\u0131\u011f\u0131n\u0131 savunan Baca, \u015funlar\u0131 s\u00f6yledi:<\/p>\n<p>K\u0131z\u0131m\u0131n kafatas\u0131 \u00e7atlak, benim burnum k\u0131r\u0131k. Bu halde evimize gitmeye korkuyoruz. 9 ayd\u0131r bizimle u\u011fra\u015fan, hakk\u0131nda uzakla\u015ft\u0131rma karar\u0131 olan ki\u015fi h\u00e2l\u00e2 d\u0131\u015far\u0131da. D\u00f6rt \u00e7ocu\u011fumu al\u0131p nereye gideyim? \u015eikayet\u00e7iyiz, gere\u011finin yap\u0131lmas\u0131n\u0131 istiyoruz.<\/p>\n<p>Olayla ilgili soru\u015fturman\u0131n s\u00fcrd\u00fc\u011f\u00fc \u00f6\u011frenildi.<\/p>\n<p><img decoding=\"async\" src=\"https:\/\/bihavadis.com\/wp-content\/uploads\/2026\/03\/yalovada-komsularin-gurultu-kavgasinda-14-aylik-bebek-darbedildi-2-RWsumwpJ.jpg\"\/><\/p>\n<p><img decoding=\"async\" src=\"https:\/\/bihavadis.com\/wp-content\/uploads\/2026\/03\/yalovada-komsularin-gurultu-kavgasinda-14-aylik-bebek-darbedildi-3-vWWF6DIA.jpg\"\/> <\/p>\n<div> <span><strong>Kaynak:<\/strong> \u0130hlas Haber Ajans\u0131 (\u0130HA)<\/span> <\/div>\n","protected":false},"excerpt":{"rendered":"<p>Yalova&#8217;n\u0131n\u00a0\u00c7\u0131narc\u0131k il\u00e7esine ba\u011fl\u0131 Esenk\u00f6y beldesinde, bir y\u0131l \u00f6nce 4 \u00e7ocuklar\u0131yla birlikte sat\u0131n ald\u0131klar\u0131 eve ta\u015f\u0131nan Baca ailesi ile ayn\u0131 binada ya\u015fayan kom\u015fular\u0131 aras\u0131nda, \u00e7ocuklar\u0131n \u00e7\u0131kard\u0131\u011f\u0131 g\u00fcr\u00fclt\u00fc nedeniyle zaman zaman tart\u0131\u015fmalar ya\u015fand\u0131\u011f\u0131 &#8230;<\/p>\n","protected":false},"author":1,"featured_media":60317,"comment_status":"open","ping_status":"open","sticky":false,"template":"","format":"standard","meta":{"footnotes":""},"categories":[4,13],"tags":[7151,4150,256],"class_list":["post-60316","post","type-post","status-publish","format-standard","has-post-thumbnail","hentry","category-gundem","category-son-dakika","tag-baca","tag-kizi","tag-olay"],"_links":{"self":[{"href":"https:\/\/bihavadis.com\/index.php\/wp-json\/wp\/v2\/posts\/60316","targetHints":{"allow":["GET"]}}],"collection":[{"href":"https:\/\/bihavadis.com\/index.php\/wp-json\/wp\/v2\/posts"}],"about":[{"href":"https:\/\/bihavadis.com\/index.php\/wp-json\/wp\/v2\/types\/post"}],"author":[{"embeddable":true,"href":"https:\/\/bihavadis.com\/index.php\/wp-json\/wp\/v2\/users\/1"}],"replies":[{"embeddable":true,"href":"https:\/\/bihavadis.com\/index.php\/wp-json\/wp\/v2\/comments?post=60316"}],"version-history":[{"count":1,"href":"https:\/\/bihavadis.com\/index.php\/wp-json\/wp\/v2\/posts\/60316\/revisions"}],"predecessor-version":[{"id":60322,"href":"https:\/\/bihavadis.com\/index.php\/wp-json\/wp\/v2\/posts\/60316\/revisions\/60322"}],"wp:featuredmedia":[{"embeddable":true,"href":"https:\/\/bihavadis.com\/index.php\/wp-json\/wp\/v2\/media\/60317"}],"wp:attachment":[{"href":"https:\/\/bihavadis.com\/index.php\/wp-json\/wp\/v2\/media?parent=60316"}],"wp:term":[{"taxonomy":"category","embeddable":true,"href":"https:\/\/bihavadis.com\/index.php\/wp-json\/wp\/v2\/categories?post=60316"},{"taxonomy":"post_tag","embeddable":true,"href":"https:\/\/bihavadis.com\/index.php\/wp-json\/wp\/v2\/tags?post=60316"}],"curies":[{"name":"wp","href":"https:\/\/api.w.org\/{rel}","templated":true}]}}