{"id":60345,"date":"2026-03-04T23:18:06","date_gmt":"2026-03-04T23:18:06","guid":{"rendered":"https:\/\/bihavadis.com\/?p=60345"},"modified":"2026-03-04T23:18:06","modified_gmt":"2026-03-04T23:18:06","slug":"basbasta-yatirimlar-hizlandi-ihracat-hedefi-3-kat-artti","status":"publish","type":"post","link":"https:\/\/bihavadis.com\/index.php\/2026\/03\/04\/basbasta-yatirimlar-hizlandi-ihracat-hedefi-3-kat-artti\/","title":{"rendered":"BASBA\u015e&#8217;ta Yat\u0131r\u0131mlar H\u0131zland\u0131: \u0130hracat Hedefi 3 Kat Artt\u0131"},"content":{"rendered":"<p><b>Bir y\u0131l \u00f6nce faaliyete ge\u00e7mesine ra\u011fmen 2025 y\u0131l\u0131nda, yar\u0131s\u0131 ihracat olmak \u00fczere, 12.8 milyon dolarl\u0131k ticaret hacmi ger\u00e7ekle\u015fen ve 500 ki\u015fi istihdam edilen BASBA\u015e Bat\u0131 Anadolu Serbest B\u00f6lgesinde yeni fabrikalar h\u0131zla \u00fcretime haz\u0131r hale getiriliyor. 4 firman\u0131n bu y\u0131l \u00fcretime ba\u015flamak i\u00e7in g\u00fcn sayd\u0131\u011f\u0131 b\u00f6lgede, 2026 y\u0131l\u0131nda ihracat\u0131n 3 kat, istihdam\u0131n ise 2 kat artmas\u0131 hedefleniyor.\u00a0<\/b><\/p>\n<p>BASBA\u015e taraf\u0131ndan in\u015fa edilen iki \u00fcretim tesisi \u015fimdiden kiraya verildi, iki \u00fcretim tesisinin kiralama s\u00fcreci ise devam ediyor. Yeni bir \u00fcretim kompleksinin in\u015faat\u0131 da tamamlanmak \u00fczere. Bunun yan\u0131 s\u0131ra, kendi \u00fcretim tesislerini yapacak olan yat\u0131r\u0131mc\u0131lar da in\u015faatlar\u0131 devam eden fabrikalar\u0131n\u0131 h\u0131zla devreye almak i\u00e7in \u00e7al\u0131\u015fmalar\u0131n\u0131 yo\u011funla\u015ft\u0131rm\u0131\u015f durumda.\u00a0\u00a0<\/p>\n<p>\u0130datrim firmas\u0131 bir y\u0131ld\u0131r otomobil koltuk k\u0131l\u0131flar\u0131n\u0131 \u00fcreterek b\u00f6lgeden Mercedes ve Audi gibi l\u00fcks segment modeller dahil, d\u00fcnyan\u0131n en b\u00fcy\u00fck otomotiv markalar\u0131na ihra\u00e7 ediyor.<\/p>\n<p>D\u00f6rt firma ise bu y\u0131l \u00fcretime ge\u00e7mek i\u00e7in g\u00fcn say\u0131yor. Fabrikas\u0131n\u0131 tamamlayan Onursan firmas\u0131, tesise demirba\u015f ve makinelerini kurarak y\u0131l\u0131n ilk yar\u0131s\u0131nda \u00fcretime ge\u00e7mi\u015f olacak.\u00a0 Firma, otomotiv sekt\u00f6r\u00fcne y\u00f6nelik \u00fcretim yapacak.<\/p>\n<p>End\u00fcstriyel raf sistemleri \u00fcretecek olan Zenith firmas\u0131 da fabrikas\u0131n\u0131 tamamlam\u0131\u015f durumda. Ege Serbest B\u00f6lgesinde de yat\u0131r\u0131m\u0131 bulunan Zenith, Bergama\u2019daki fabrikas\u0131nda ise bu y\u0131l \u00fcretime ba\u015flayacak.<\/p>\n<p>Nano ve fiber malzemelerden \u00fcretilen teknik tekstili kullanarak sa\u011fl\u0131k ve kozmetik sekt\u00f6r\u00fcne y\u00f6nelik \u00fcr\u00fcnler \u00fcretecek olan Nexture firmas\u0131 da bu y\u0131l \u00fcretime ba\u015flayacak \u015fekilde personel al\u0131m\u0131na ba\u015flam\u0131\u015f durumda.<\/p>\n<p>D\u00fcnyan\u0131n ilk ticarile\u015ftirilmi\u015f \u00fc\u00e7\u00fcnc\u00fc nesil ultra d\u00fc\u015f\u00fck at\u0131\u015fl\u0131 elyaf \u00fcr\u00fcnlerini \u00fcreten Hollanda-\u00c7in ortak giri\u015fimi Vulcor Soli ise \u00fcretim tesisinin y\u00fczde 60\u2019\u0131n\u0131 tamamlam\u0131\u015f durumda. Y\u0131l\u0131n ilk yar\u0131s\u0131nda faaliyete ge\u00e7meyi planlayan firman\u0131n elyaf formunda \u00fcretece\u011fi yal\u0131t\u0131m malzemeleri \u00e7elik metalurjisi, enerji, petrokimya, cam, seramik, yang\u0131n g\u00fcvenli\u011fi, elektrik ekipmanlar\u0131 ve g\u00fcne\u015f enerjisi gibi y\u00fcksek \u0131s\u0131 ortamlar\u0131n\u0131n bulundu\u011fu pek \u00e7ok sekt\u00f6rde kullan\u0131lacak.<\/p>\n<p>Bunlar\u0131n yan\u0131 s\u0131ra, b\u00f6lgede yat\u0131r\u0131m yapmak i\u00e7in Ticaret Bakanl\u0131\u011f\u0131\u2019ndan onay alan\u00a0 mobilya sekt\u00f6r\u00fcnden bir firma da y\u0131l\u0131n ilk yar\u0131s\u0131nda \u00fcretime ba\u015flayacak \u015fekilde \u00e7al\u0131\u015fmalar\u0131n\u0131 s\u00fcrd\u00fcr\u00fcyor.\u00a0<\/p>\n<p><b>Yeni Fabrikalar \u0130hracata ve \u0130stihdama Katk\u0131 Sa\u011flayacak<\/b><\/p>\n<p>Bat\u0131 Anadolu Serbest B\u00f6lgesindeki yat\u0131r\u0131mlar\u0131n h\u0131zl\u0131 bir \u015fekilde ilerlemesinden memnuniyet duyduklar\u0131n\u0131 belirten BASBA\u015e Y\u00f6netim Kurulu Ba\u015fkan Vekili ve Y\u00fcr\u00fctme Kurulu Ba\u015fkan\u0131 Dr. Faruk G\u00fcler, b\u00f6lgedeki tesislerin istihdama ve ihracata katk\u0131 sa\u011flayaca\u011f\u0131n\u0131 vurgulad\u0131.<\/p>\n<p>2024 y\u0131l\u0131nda yat\u0131r\u0131mc\u0131 kabul etmeye ba\u015flayan BASBA\u015e Bat\u0131 Anadolu Serbest B\u00f6lgesinden ilk ihracat\u0131n 2025 y\u0131l\u0131nda Ticaret Bakanl\u0131\u011f\u0131 kay\u0131tlar\u0131na ge\u00e7ti\u011fini ve y\u0131l sonunda\u00a012.8 milyon dolarl\u0131k ticaret hacmi ger\u00e7ekle\u015fti\u011fini aktaran\u00a0Dr. Faruk G\u00fcler, \u015funlar\u0131 s\u00f6yledi: \u201cBu rakam\u0131n yar\u0131s\u0131na tekab\u00fcl eden yakla\u015f\u0131k 6 milyon dolar ihracat gelirinden sa\u011fland\u0131.\u00a0Katma de\u011ferli \u00fcr\u00fcnlerin \u00fcretim ve ihracat\u0131n\u0131n hedeflendi\u011fi serbest b\u00f6lgemizde yat\u0131r\u0131mlar h\u0131zla ilerliyor. Bu y\u0131l di\u011fer yat\u0131r\u0131mc\u0131lar\u0131n \u00fcretimleri de ba\u015flayaca\u011f\u0131 i\u00e7in b\u00f6lgenin ihracat\u0131 geometrik bir \u015fekilde artacakt\u0131r. BASBA\u015e olarak 3 b\u00fcy\u00fck \u00fcretim tesisi yapt\u0131k ve ikisi doldu, biri i\u00e7in yeni yat\u0131r\u0131mc\u0131larla g\u00f6r\u00fc\u015f\u00fcyoruz. Dolay\u0131s\u0131yla onlar da \u00fcretime ba\u015flayacakt\u0131r. 2026 y\u0131l\u0131nda ge\u00e7en y\u0131l yapt\u0131\u011f\u0131m\u0131z ihracat\u0131n 3 kat\u0131na \u00e7\u0131kaca\u011f\u0131m\u0131z\u0131 tahmin ediyorum. B\u00f6lgemizde \u015fu anda yakla\u015f\u0131k 500 ki\u015fi \u00e7al\u0131\u015f\u0131yor. Bu say\u0131n\u0131n da 2026 y\u0131l\u0131nda iki kat\u0131na \u00e7\u0131kaca\u011f\u0131n\u0131 tahmin ediyoruz.\u201d<\/p>\n<p><b>Yeni Yat\u0131r\u0131mc\u0131larla G\u00f6r\u00fc\u015fmeler S\u00fcr\u00fcyor<\/b><\/p>\n<p>Dr. Faruk G\u00fcler, Bat\u0131 Anadolu Serbest B\u00f6lgesini en do\u011fru yerde kurmak i\u00e7in y\u0131llar s\u00fcren titiz bir \u00e7al\u0131\u015fma sonucunda Bergama\u2019da kurulmas\u0131na karar verdiklerini, sahip olunan lokasyon avantajlar\u0131 ile \u00fclkeye gelecek yeni yat\u0131r\u0131mlar i\u00e7in cazip bir end\u00fcstri merkezi olduklar\u0131n\u0131 vurgulad\u0131. Yerli ve yabanc\u0131 yat\u0131r\u0131mc\u0131lardan g\u00f6rd\u00fckleri ilginin bunu g\u00f6sterdi\u011fini kaydeden Dr. Faruk G\u00fcler, \u201cAlia\u011fa\u2019daki limanlara, \u0130stanbul-\u0130zmir Otoyolu ve 1915 \u00c7anakkale K\u00f6pr\u00fcs\u00fc&#8217;ne yak\u0131nl\u0131\u011f\u0131yla \u00f6ne \u00e7\u0131kan b\u00f6lgemiz Avrupa pazar\u0131 ba\u015fta olmak \u00fczere k\u00fcresel pazarlara a\u00e7\u0131lmak isteyen yerli ve yabanc\u0131 yat\u0131r\u0131mc\u0131lara b\u00fcy\u00fck f\u0131rsatlar sunuyor. Buradan 30 dakikada limana, 4 saatte bir g\u00fcmr\u00fck kap\u0131s\u0131na, 6 saatte di\u011fer g\u00fcmr\u00fck kap\u0131s\u0131na ula\u015f\u0131labiliyor. Bir\u00e7ok yat\u0131r\u0131mc\u0131 ile g\u00f6r\u00fc\u015fmelerimiz devam ediyor. Bir y\u0131l i\u00e7inde 6 yat\u0131r\u0131mc\u0131n\u0131n daha burada in\u015faata ba\u015flayaca\u011f\u0131n\u0131 tahmin ediyoruz\u201d dedi.\u00a0<\/p>\n<p><b>S\u00fcre\u00e7 planland\u0131\u011f\u0131 \u015fekilde ilerliyor<\/b><\/p>\n<p>B\u00f6lgede s\u00fcrecin BASBA\u015e\u2019\u0131n planlad\u0131\u011f\u0131 gibi ilerledi\u011fini kaydeden Dr. Faruk G\u00fcler, \u201cBuras\u0131 Ege ve Marmara&#8217;da b\u00fcy\u00fck sanayi yat\u0131r\u0131mlar\u0131na uygun nadir alanlardan biri.\u00a0B\u00f6lge, yaln\u0131zca sanayi altyap\u0131s\u0131yla de\u011fil, \u00e7al\u0131\u015fanlar\u0131n ya\u015fam kalitesine y\u00f6nelik planlamalar\u0131yla da \u00f6ne \u00e7\u0131k\u0131yor. BASBA\u015e Ortak Sa\u011fl\u0131k ve G\u00fcvenlik Birimi (OSGB), i\u015fe giri\u015f sa\u011fl\u0131k raporlar\u0131ndan periyodik kontrollerine kadar t\u00fcm i\u015f sa\u011fl\u0131\u011f\u0131 ve g\u00fcvenli\u011fi hizmetlerini lisansl\u0131 bi\u00e7imde sunuyor. Ayr\u0131ca, 10 bin ki\u015fiye hizmet verecek G\u0131da \u00dcretim Tesisini hizmete a\u00e7m\u0131\u015f bulunuyoruz\u201d diye konu\u015ftu.<\/p>\n<p>Dr. Faruk G\u00fcler, \u0130zmir&#8217;in kuzeyinin sahip oldu\u011fu dinamik \u00e7al\u0131\u015fan n\u00fcfusu sayesinde i\u015f g\u00fcc\u00fc temini a\u00e7\u0131s\u0131ndan elveri\u015fli oldu\u011funu, bu \u00f6zelliklerin hem yat\u0131r\u0131m hem de d\u00fc\u015f\u00fck i\u015fletme maliyetleri a\u00e7\u0131s\u0131ndan b\u00f6lgeyi cazip k\u0131ld\u0131\u011f\u0131n\u0131 da s\u00f6zlerine ekledi.<\/p>\n<p>\u00a0<\/p>\n<p>Kaynak: (BYZHA) Beyaz Haber Ajans\u0131<\/p>\n","protected":false},"excerpt":{"rendered":"<p>Bir y\u0131l \u00f6nce faaliyete ge\u00e7mesine ra\u011fmen 2025 y\u0131l\u0131nda, yar\u0131s\u0131 ihracat olmak \u00fczere, 12.8 milyon dolarl\u0131k ticaret hacmi ger\u00e7ekle\u015fen ve 500 ki\u015fi istihdam edilen BASBA\u015e Bat\u0131 Anadolu Serbest B\u00f6lgesinde yeni fabrikalar h\u0131zla \u00fcretime haz\u0131r hale getiriliyor.<\/p>\n","protected":false},"author":1,"featured_media":60346,"comment_status":"open","ping_status":"open","sticky":false,"template":"","format":"standard","meta":{"footnotes":""},"categories":[8],"tags":[7152,1120,396,6729,216],"class_list":["post-60345","post","type-post","status-publish","format-standard","has-post-thumbnail","hentry","category-ekonomi","tag-basbas","tag-firma","tag-ihracat","tag-uretime","tag-yatirim"],"_links":{"self":[{"href":"https:\/\/bihavadis.com\/index.php\/wp-json\/wp\/v2\/posts\/60345","targetHints":{"allow":["GET"]}}],"collection":[{"href":"https:\/\/bihavadis.com\/index.php\/wp-json\/wp\/v2\/posts"}],"about":[{"href":"https:\/\/bihavadis.com\/index.php\/wp-json\/wp\/v2\/types\/post"}],"author":[{"embeddable":true,"href":"https:\/\/bihavadis.com\/index.php\/wp-json\/wp\/v2\/users\/1"}],"replies":[{"embeddable":true,"href":"https:\/\/bihavadis.com\/index.php\/wp-json\/wp\/v2\/comments?post=60345"}],"version-history":[{"count":1,"href":"https:\/\/bihavadis.com\/index.php\/wp-json\/wp\/v2\/posts\/60345\/revisions"}],"predecessor-version":[{"id":60347,"href":"https:\/\/bihavadis.com\/index.php\/wp-json\/wp\/v2\/posts\/60345\/revisions\/60347"}],"wp:featuredmedia":[{"embeddable":true,"href":"https:\/\/bihavadis.com\/index.php\/wp-json\/wp\/v2\/media\/60346"}],"wp:attachment":[{"href":"https:\/\/bihavadis.com\/index.php\/wp-json\/wp\/v2\/media?parent=60345"}],"wp:term":[{"taxonomy":"category","embeddable":true,"href":"https:\/\/bihavadis.com\/index.php\/wp-json\/wp\/v2\/categories?post=60345"},{"taxonomy":"post_tag","embeddable":true,"href":"https:\/\/bihavadis.com\/index.php\/wp-json\/wp\/v2\/tags?post=60345"}],"curies":[{"name":"wp","href":"https:\/\/api.w.org\/{rel}","templated":true}]}}