{"id":60355,"date":"2026-03-04T23:30:06","date_gmt":"2026-03-04T23:30:06","guid":{"rendered":"https:\/\/bihavadis.com\/?p=60355"},"modified":"2026-03-04T23:30:06","modified_gmt":"2026-03-04T23:30:06","slug":"fatih-karagumruk-samsunspor-macinda-gol-sesi-cikmadi","status":"publish","type":"post","link":"https:\/\/bihavadis.com\/index.php\/2026\/03\/04\/fatih-karagumruk-samsunspor-macinda-gol-sesi-cikmadi\/","title":{"rendered":"Fatih Karag\u00fcmr\u00fck &#8211; Samsunspor ma\u00e7\u0131nda gol sesi \u00e7\u0131kmad\u0131"},"content":{"rendered":"<p>S\u00fcper Lig&#8217;in 23. haftas\u0131nda\u00a0Aleksandar Stanojevic&#8217;in \u00e7al\u0131\u015ft\u0131rd\u0131\u011f\u0131 Fatih Karag\u00fcmr\u00fck ile Thorsten Fink y\u00f6netimindeki Samsunspor kar\u015f\u0131 kar\u015f\u0131ya geldi.<\/p>\n<p>Atat\u00fcrk Olimpiyat Stadyumu&#8217;ndaki ma\u00e7ta gol sesi \u00e7\u0131kmad\u0131 ve kar\u015f\u0131la\u015fma 0-0 sona erdi.<\/p>\n<p><img decoding=\"async\" src=\"https:\/\/bihavadis.com\/wp-content\/uploads\/2026\/03\/fatih-karagumruk-samsunspor-macinda-gol-sesi-cikmadi-0-EpwStC67.jpg\"\/><\/p>\n<p><strong>\u0130LK L\u0130G MA\u00c7INDA BERABERE KALDI<\/strong><\/p>\n<p>Samsunspor, yeni teknik direkt\u00f6r\u00fc Thorsten Fink y\u00f6netiminde ligde \u00e7\u0131kt\u0131\u011f\u0131 ilk ma\u00e7ta 1 puan ald\u0131.<\/p>\n<p>Karadeniz ekibinin ligdeki galibiyet hasreti 3 ma\u00e7a y\u00fckseldi.<\/p>\n<p><img decoding=\"async\" src=\"https:\/\/bihavadis.com\/wp-content\/uploads\/2026\/03\/fatih-karagumruk-samsunspor-macinda-gol-sesi-cikmadi-1-LAWwz1eh.jpg\"\/><\/p>\n<p><strong>L\u0130GDE SON DURUM<\/strong><\/p>\n<p>Bu sonucun ard\u0131ndan Fatih Karag\u00fcmr\u00fck 13, Samsunspor 31 puana y\u00fckseldi.<\/p>\n<p>Ligin gelecek haftas\u0131nda Fatih Karag\u00fcmr\u00fck, Trabzonspor deplasman\u0131na gidecek. Samsunspor, sahas\u0131nda Gaziantep FK&#8217;y\u0131 konuk edecek.<\/p>\n<p><img decoding=\"async\" src=\"https:\/\/bihavadis.com\/wp-content\/uploads\/2026\/03\/fatih-karagumruk-samsunspor-macinda-gol-sesi-cikmadi-2-pNZce1Y5.jpg\"\/> <\/p>\n<div> <span><strong>Kaynak:<\/strong> Ensonhaber Haber Merkezi<\/span> <\/div>\n","protected":false},"excerpt":{"rendered":"<p>S\u00fcper Lig&#8217;in 23. haftas\u0131nda\u00a0Aleksandar Stanojevic&#8217;in \u00e7al\u0131\u015ft\u0131rd\u0131\u011f\u0131 Fatih Karag\u00fcmr\u00fck ile Thorsten Fink y\u00f6netimindeki Samsunspor kar\u015f\u0131 kar\u015f\u0131ya geldi. Atat\u00fcrk Olimpiyat Stadyumu&#8217;ndaki ma\u00e7ta gol sesi \u00e7\u0131kmad\u0131 ve kar\u015f\u0131la\u015fma 0-0 sona erdi. \u0130LK L\u0130G MA\u00c7INDA &#8230;<\/p>\n","protected":false},"author":1,"featured_media":60356,"comment_status":"open","ping_status":"open","sticky":false,"template":"","format":"standard","meta":{"footnotes":""},"categories":[14],"tags":[597],"class_list":["post-60355","post","type-post","status-publish","format-standard","has-post-thumbnail","hentry","category-spor","tag-lig"],"_links":{"self":[{"href":"https:\/\/bihavadis.com\/index.php\/wp-json\/wp\/v2\/posts\/60355","targetHints":{"allow":["GET"]}}],"collection":[{"href":"https:\/\/bihavadis.com\/index.php\/wp-json\/wp\/v2\/posts"}],"about":[{"href":"https:\/\/bihavadis.com\/index.php\/wp-json\/wp\/v2\/types\/post"}],"author":[{"embeddable":true,"href":"https:\/\/bihavadis.com\/index.php\/wp-json\/wp\/v2\/users\/1"}],"replies":[{"embeddable":true,"href":"https:\/\/bihavadis.com\/index.php\/wp-json\/wp\/v2\/comments?post=60355"}],"version-history":[{"count":1,"href":"https:\/\/bihavadis.com\/index.php\/wp-json\/wp\/v2\/posts\/60355\/revisions"}],"predecessor-version":[{"id":60360,"href":"https:\/\/bihavadis.com\/index.php\/wp-json\/wp\/v2\/posts\/60355\/revisions\/60360"}],"wp:featuredmedia":[{"embeddable":true,"href":"https:\/\/bihavadis.com\/index.php\/wp-json\/wp\/v2\/media\/60356"}],"wp:attachment":[{"href":"https:\/\/bihavadis.com\/index.php\/wp-json\/wp\/v2\/media?parent=60355"}],"wp:term":[{"taxonomy":"category","embeddable":true,"href":"https:\/\/bihavadis.com\/index.php\/wp-json\/wp\/v2\/categories?post=60355"},{"taxonomy":"post_tag","embeddable":true,"href":"https:\/\/bihavadis.com\/index.php\/wp-json\/wp\/v2\/tags?post=60355"}],"curies":[{"name":"wp","href":"https:\/\/api.w.org\/{rel}","templated":true}]}}