{"id":60387,"date":"2026-03-04T23:51:07","date_gmt":"2026-03-04T23:51:07","guid":{"rendered":"https:\/\/bihavadis.com\/?p=60387"},"modified":"2026-03-04T23:51:07","modified_gmt":"2026-03-04T23:51:07","slug":"iyilik-kilavuzunda-onlar-bas-taci-oldu","status":"publish","type":"post","link":"https:\/\/bihavadis.com\/index.php\/2026\/03\/04\/iyilik-kilavuzunda-onlar-bas-taci-oldu\/","title":{"rendered":"\u0130yilik K\u0131lavuzu&#8217;nda onlar &#8220;Ba\u015f Tac\u0131&#8221; oldu"},"content":{"rendered":"<p>Kocaeli B\u00fcy\u00fck\u015fehir Belediyesi\u2019nin \u201c\u0130yilik K\u0131lavuzu Yar\u0131\u015fmas\u0131\u201d kapsam\u0131nda hareket eden Akademi Lise \u00f6\u011frencileri, \u201cBa\u015f Tac\u0131&#8221; g\u00f6revini yerine getirdi. Gen\u00e7ler, \u015eehit Tevfik B\u0131\u00e7ak\u00e7\u0131\u2019n\u0131n kabrini ziyaret ederek dualar okudu ve \u00e7i\u00e7ek b\u0131rakt\u0131.<\/p>\n<p><b>\u0130Y\u0130L\u0130K F\u0130KR\u0130N\u0130 MERKEZE ALAN YARI\u015eMA<\/b><\/p>\n<p>Kocaeli B\u00fcy\u00fck\u015fehir Belediyesi, Ramazan ay\u0131n\u0131n bereketiyle iyili\u011fin rehberi olarak g\u00f6n\u00fcllere dokunuyor. \u0130yilik fikrini merkeze alan \u0130yilik K\u0131lavuzu Yar\u0131\u015fmas\u0131, &#8220;Ba\u015f Tac\u0131 Projesi&#8221; ile devam etti. Bu kapsamda B\u00fcy\u00fck\u015fehir&#8217;e ba\u011fl\u0131 Akademi Lise \u00f6\u011frencileri, \u015eehit Tevfik B\u0131\u00e7ak\u00e7\u0131&#8217;n\u0131n kabrine giderek hem \u015fehidimizi yad etti hem de ailesine moral verdi.<\/p>\n<p><b>A\u0130LEYE MORAL VE TOPLUMSAL SORUMLULUK<\/b><\/p>\n<p>Ziyaret sadece bir g\u00f6rev de\u011fil, gen\u00e7lerin toplumsal duyarl\u0131l\u0131\u011f\u0131n\u0131 art\u0131ran ve Ramazan\u2019\u0131n payla\u015fma ruhunu somutla\u015ft\u0131ran anlaml\u0131 bir etkinlik oldu. \u015eehit ailesiyle bulu\u015fan \u00f6\u011frenciler, hem \u015fehide sayg\u0131lar\u0131n\u0131 sundu hem de ailesine moral verdi.<\/p>\n<p><b>BA\u015e TACI PROJES\u0130 NED\u0130R ?<\/b><\/p>\n<p>\u201cBa\u015f Tac\u0131\u201d, \u0130yilik K\u0131lavuzu Yar\u0131\u015fmas\u0131\u2019nda \u015fehit ve gazi ailelerine y\u00f6nelik bir projedir. T\u00fcrkiye Harp Malul\u00fc Gaziler, \u015eehit Dul ve Yetimleri Derne\u011fi, K\u0130HMED, Sivil Toplum Kurulu\u015flar\u0131 ile \u0130li\u015fkiler Dairesi Ba\u015fkanl\u0131\u011f\u0131 ve Gen\u00e7lik ve Spor Hizmetleri Dairesi Ba\u015fkanl\u0131\u011f\u0131\u2019n\u0131n ortak y\u00fcr\u00fctt\u00fc\u011f\u00fc bu \u00e7al\u0131\u015fma, gen\u00e7lere toplumsal sorumluluk ve g\u00f6n\u00fcll\u00fcl\u00fck bilincini aktarmay\u0131 hedefliyor. B\u00fcy\u00fck\u015fehir&#8217;e ba\u011fl\u0131 Akademi Lise \u00f6\u011frencileri de yar\u0131\u015fman\u0131n bir g\u00f6revi olarak bu anlaml\u0131 \u00e7al\u0131\u015fmada yer ald\u0131.<\/p>\n<p><b>GEN\u00c7LER RAMAZAN BOYUNCA G\u00d6REVDE<\/b><\/p>\n<p>\u201c\u0130yilik K\u0131lavuzu Yar\u0131\u015fmas\u0131\u201d ile \u00f6\u011frenciler, Ramazan boyunca farkl\u0131 de\u011ferler etraf\u0131nda g\u00f6revler yaparak hem kendilerini hem de \u00e7evrelerini iyilikle bulu\u015fturuyor. Bu kapsamda yap\u0131lan ziyaretler ve sosyal sorumluluk projeleri, gen\u00e7lerin de\u011ferler e\u011fitimi ile toplumsal fark\u0131ndal\u0131\u011f\u0131n\u0131 g\u00fc\u00e7lendiriyor.<\/p>\n<p>\u00a0<\/p>\n<p>Kaynak: (BYZHA) Beyaz Haber Ajans\u0131<\/p>\n","protected":false},"excerpt":{"rendered":"<p>Kocaeli B\u00fcy\u00fck\u015fehir Belediyesi\u2019nin \u201c\u0130yilik K\u0131lavuzu Yar\u0131\u015fmas\u0131\u201d kapsam\u0131nda hareket eden Akademi Lise \u00f6\u011frencileri, \u201cBa\u015f Tac\u0131&#8221; g\u00f6revini yerine getirdi. Gen\u00e7ler, \u015eehit Tevfik B\u0131\u00e7ak\u00e7\u0131\u2019n\u0131n kabrini ziyaret ederek dualar okudu ve \u00e7i\u00e7ek b\u0131rakt\u0131.<\/p>\n","protected":false},"author":1,"featured_media":60388,"comment_status":"open","ping_status":"open","sticky":false,"template":"","format":"standard","meta":{"footnotes":""},"categories":[4],"tags":[1159,3977,2903,1030],"class_list":["post-60387","post","type-post","status-publish","format-standard","has-post-thumbnail","hentry","category-gundem","tag-gorev","tag-iyilik","tag-sehit","tag-toplum"],"_links":{"self":[{"href":"https:\/\/bihavadis.com\/index.php\/wp-json\/wp\/v2\/posts\/60387","targetHints":{"allow":["GET"]}}],"collection":[{"href":"https:\/\/bihavadis.com\/index.php\/wp-json\/wp\/v2\/posts"}],"about":[{"href":"https:\/\/bihavadis.com\/index.php\/wp-json\/wp\/v2\/types\/post"}],"author":[{"embeddable":true,"href":"https:\/\/bihavadis.com\/index.php\/wp-json\/wp\/v2\/users\/1"}],"replies":[{"embeddable":true,"href":"https:\/\/bihavadis.com\/index.php\/wp-json\/wp\/v2\/comments?post=60387"}],"version-history":[{"count":1,"href":"https:\/\/bihavadis.com\/index.php\/wp-json\/wp\/v2\/posts\/60387\/revisions"}],"predecessor-version":[{"id":60389,"href":"https:\/\/bihavadis.com\/index.php\/wp-json\/wp\/v2\/posts\/60387\/revisions\/60389"}],"wp:featuredmedia":[{"embeddable":true,"href":"https:\/\/bihavadis.com\/index.php\/wp-json\/wp\/v2\/media\/60388"}],"wp:attachment":[{"href":"https:\/\/bihavadis.com\/index.php\/wp-json\/wp\/v2\/media?parent=60387"}],"wp:term":[{"taxonomy":"category","embeddable":true,"href":"https:\/\/bihavadis.com\/index.php\/wp-json\/wp\/v2\/categories?post=60387"},{"taxonomy":"post_tag","embeddable":true,"href":"https:\/\/bihavadis.com\/index.php\/wp-json\/wp\/v2\/tags?post=60387"}],"curies":[{"name":"wp","href":"https:\/\/api.w.org\/{rel}","templated":true}]}}