{"id":60407,"date":"2026-03-05T00:09:08","date_gmt":"2026-03-05T00:09:08","guid":{"rendered":"https:\/\/bihavadis.com\/?p=60407"},"modified":"2026-03-05T00:09:08","modified_gmt":"2026-03-05T00:09:08","slug":"mustafa-ciftci-turkiye-yuzyili-guclu-guvenlik-ve-caydiricilikla-yukselecek","status":"publish","type":"post","link":"https:\/\/bihavadis.com\/index.php\/2026\/03\/05\/mustafa-ciftci-turkiye-yuzyili-guclu-guvenlik-ve-caydiricilikla-yukselecek\/","title":{"rendered":"Mustafa \u00c7ift\u00e7i: T\u00fcrkiye Y\u00fczy\u0131l\u0131 g\u00fc\u00e7l\u00fc g\u00fcvenlik ve cayd\u0131r\u0131c\u0131l\u0131kla y\u00fckselecek"},"content":{"rendered":"<p>Ramazan ay\u0131 dolay\u0131s\u0131yla Jandarma \u00d6zel Asayi\u015f Komutanl\u0131\u011f\u0131 (J\u00d6AK) b\u00fcnyesinde d\u00fczenlenen iftar program\u0131na \u0130\u00e7i\u015fleri Bakan\u0131 Mustafa \u00c7ift\u00e7i\u2019nin yan\u0131 s\u0131ra Jandarma Genel Komutan\u0131 Orgeneral Ali \u00c7ardakc\u0131 ve \u00e7ok say\u0131da jandarma personeli kat\u0131ld\u0131.<\/p>\n<p>Personelle ayn\u0131 sofrada orucunu a\u00e7an \u00c7ift\u00e7i, program sonras\u0131 yapt\u0131\u011f\u0131 konu\u015fmada jandarman\u0131n tarihsel misyonuna vurgu yapt\u0131.<\/p>\n<p><strong>&#8220;JANDARMANIN H\u0130KAYES\u0130 DEVLET OLMANIN TAR\u0130H\u0130D\u0130R&#8221;<\/strong><\/p>\n<p>Jandarman\u0131n k\u00f6kl\u00fc ge\u00e7mi\u015fine dikkat \u00e7eken Bakan \u00c7ift\u00e7i, T\u00fcrk devlet gelene\u011finde asayi\u015f ve nizam\u0131n her zaman merkezi bir yer tuttu\u011funu belirtti.<\/p>\n<p><em><b>\u201cJandarmam\u0131z\u0131n hikayesi, devlet olman\u0131n, nizam kurman\u0131n, adalet tesis etmenin tarihidir\u201d<\/b><\/em> diyen \u00c7ift\u00e7i, kadim<em><b> \u201ct\u00f6re\u201d <\/b><\/em>anlay\u0131\u015f\u0131n\u0131n bug\u00fcn modern g\u00fcvenlik te\u015fkilatlar\u0131yla s\u00fcrd\u00fcr\u00fcld\u00fc\u011f\u00fcn\u00fc ifade etti.<\/p>\n<p><img decoding=\"async\" src=\"https:\/\/bihavadis.com\/wp-content\/uploads\/2026\/03\/mustafa-ciftci-turkiye-yuzyili-guclu-guvenlik-ve-caydiricilikla-yukselecek-0-rv7z1fHj.jpg\"\/><\/p>\n<p><strong>&#8220;J\u00d6AK, M\u0130LLET\u0130N \u0130MDADINA YET\u0130\u015eEN DEVLET EL\u0130D\u0130R&#8221;<\/strong><\/p>\n<p>Jandarma Komando \u00d6zel Asayi\u015f Komutanl\u0131\u011f\u0131\u2019n\u0131n 1 Eyl\u00fcl 1999\u2019da kuruldu\u011funu hat\u0131rlatan \u00c7ift\u00e7i, birli\u011fin arama-kurtarma faaliyetlerinden ter\u00f6rle m\u00fccadeleye, KBRN g\u00f6revlerinden kritik koruma faaliyetlerine kadar geni\u015f bir alanda g\u00f6rev yapt\u0131\u011f\u0131n\u0131 s\u00f6yledi.<\/p>\n<p>\u00d6zellikle afet d\u00f6nemlerinde J\u00d6AK ve JAK timlerinin \u00fcstlendi\u011fi rol\u00fcn milletin haf\u0131zas\u0131nda yer etti\u011fini belirten \u00c7ift\u00e7i,<b><em> \u201cVan\u2019dan Kahramanmara\u015f\u2019a, selden yang\u0131na, kazadan enkaza uzanan nice g\u00f6revde milletimizin imdad\u0131na yeti\u015fen devlet eli oldunuz\u201d <\/em><\/b>dedi.<\/p>\n<p>Bakan \u00c7ift\u00e7i, J\u00d6AK personelinin iman, sadakat, sab\u0131r ve disiplin temelinde g\u00f6rev yapt\u0131\u011f\u0131n\u0131 s\u00f6yledi.<\/p>\n<p><img decoding=\"async\" src=\"https:\/\/bihavadis.com\/wp-content\/uploads\/2026\/03\/mustafa-ciftci-turkiye-yuzyili-guclu-guvenlik-ve-caydiricilikla-yukselecek-1-pixqcjP7.jpg\"\/><\/p>\n<p><strong>&#8220;SAVUNMA SANAY\u0130\u0130NDE TAR\u0130H\u0130 B\u0130R E\u015e\u0130KTEN GE\u00c7T\u0130K&#8221;<\/strong><\/p>\n<p>T\u00fcrkiye\u2019nin savunma sanayiinde \u00f6nemli bir d\u00f6n\u00fc\u015f\u00fcm ya\u015fad\u0131\u011f\u0131n\u0131 belirten \u00c7ift\u00e7i, d\u0131\u015fa ba\u011f\u0131ml\u0131l\u0131\u011f\u0131 azaltan ve yerli-milli \u00fcretim kapasitesini art\u0131ran ad\u0131mlar\u0131n sahadaki g\u00fcvenlik g\u00fcc\u00fcne stratejik \u00fcst\u00fcnl\u00fck kazand\u0131rd\u0131\u011f\u0131n\u0131 ifade etti.<\/p>\n<p>Yerli sistemlerin h\u0131z, hassasiyet, istihbarat ve koordinasyon kapasitesini art\u0131rd\u0131\u011f\u0131n\u0131 kaydeden \u00c7ift\u00e7i, bu kabiliyetlerin jandarman\u0131n tecr\u00fcbesiyle birle\u015fti\u011finde ter\u00f6rle m\u00fccadeleden organize su\u00e7la m\u00fccadeleye kadar geni\u015f bir alanda etkinli\u011fi art\u0131rd\u0131\u011f\u0131n\u0131 s\u00f6yledi.<\/p>\n<p><b><em>\u201cArt\u0131k oyun kuran bir T\u00fcrkiye vard\u0131r\u201d <\/em><\/b>diyen \u00c7ift\u00e7i, T\u00fcrkiye\u2019nin tehditleri kayna\u011f\u0131nda etkisiz hale getirme iradesi ortaya koydu\u011funu belirtti.<\/p>\n<p><img decoding=\"async\" src=\"https:\/\/bihavadis.com\/wp-content\/uploads\/2026\/03\/mustafa-ciftci-turkiye-yuzyili-guclu-guvenlik-ve-caydiricilikla-yukselecek-2-IJXYcAJI.jpg\"\/><\/p>\n<p><strong>&#8220;T\u00dcRK\u0130YE Y\u00dcZYILI G\u00dc\u00c7L\u00dc G\u00dcVENL\u0130K DEMEKT\u0130R&#8221;<\/strong><\/p>\n<p>Konu\u015fmas\u0131nda<em><b> \u201cT\u00fcrkiye Y\u00fczy\u0131l\u0131\u201d<\/b><\/em> vizyonuna da de\u011finen Bakan \u00c7ift\u00e7i, g\u00fc\u00e7l\u00fc ekonominin g\u00fc\u00e7l\u00fc g\u00fcvenlikle desteklenmesi gerekti\u011fini dile getirdi.<\/p>\n<p>G\u00fc\u00e7l\u00fc diplomasinin ise g\u00fc\u00e7l\u00fc cayd\u0131r\u0131c\u0131l\u0131kla tamamlanaca\u011f\u0131n\u0131 belirten \u00c7ift\u00e7i, savunma sanayii ile jandarman\u0131n fedakarl\u0131\u011f\u0131n\u0131n bu vizyonun temel dayana\u011f\u0131 oldu\u011funu ifade etti.<\/p>\n<p>Bakan \u00c7ift\u00e7i, konu\u015fmas\u0131n\u0131 \u015fehit ve gazilere at\u0131f yaparak tamamlad\u0131. T\u00fcrkiye\u2019nin ula\u015ft\u0131\u011f\u0131 her seviyenin, g\u00f6rev ba\u015f\u0131nda fedakarca m\u00fccadele eden g\u00fcvenlik g\u00fc\u00e7lerinin cesareti ve \u015fehitlerin hat\u0131ras\u0131 sayesinde m\u00fcmk\u00fcn oldu\u011funu s\u00f6yledi.<\/p>\n<p><img decoding=\"async\" src=\"https:\/\/bihavadis.com\/wp-content\/uploads\/2026\/03\/mustafa-ciftci-turkiye-yuzyili-guclu-guvenlik-ve-caydiricilikla-yukselecek-3-1Qt1Xyx6.jpg\"\/> <\/p>\n<div> <span><strong>Kaynak:<\/strong> Demir\u00f6ren Haber Ajans\u0131 (DHA)<\/span> <\/div>\n","protected":false},"excerpt":{"rendered":"<p>Ramazan ay\u0131 dolay\u0131s\u0131yla Jandarma \u00d6zel Asayi\u015f Komutanl\u0131\u011f\u0131 (J\u00d6AK) b\u00fcnyesinde d\u00fczenlenen iftar program\u0131na \u0130\u00e7i\u015fleri Bakan\u0131 Mustafa \u00c7ift\u00e7i\u2019nin yan\u0131 s\u0131ra Jandarma Genel Komutan\u0131 Orgeneral Ali \u00c7ardakc\u0131 ve \u00e7ok say\u0131da jandarma personeli kat\u0131ld\u0131. Personelle &#8230;<\/p>\n","protected":false},"author":1,"featured_media":60408,"comment_status":"open","ping_status":"open","sticky":false,"template":"","format":"standard","meta":{"footnotes":""},"categories":[9,13],"tags":[3273,1159,1488,282,517],"class_list":["post-60407","post","type-post","status-publish","format-standard","has-post-thumbnail","hentry","category-genel","category-son-dakika","tag-ciftci","tag-gorev","tag-guclu","tag-jandarma","tag-turk"],"_links":{"self":[{"href":"https:\/\/bihavadis.com\/index.php\/wp-json\/wp\/v2\/posts\/60407","targetHints":{"allow":["GET"]}}],"collection":[{"href":"https:\/\/bihavadis.com\/index.php\/wp-json\/wp\/v2\/posts"}],"about":[{"href":"https:\/\/bihavadis.com\/index.php\/wp-json\/wp\/v2\/types\/post"}],"author":[{"embeddable":true,"href":"https:\/\/bihavadis.com\/index.php\/wp-json\/wp\/v2\/users\/1"}],"replies":[{"embeddable":true,"href":"https:\/\/bihavadis.com\/index.php\/wp-json\/wp\/v2\/comments?post=60407"}],"version-history":[{"count":1,"href":"https:\/\/bihavadis.com\/index.php\/wp-json\/wp\/v2\/posts\/60407\/revisions"}],"predecessor-version":[{"id":60413,"href":"https:\/\/bihavadis.com\/index.php\/wp-json\/wp\/v2\/posts\/60407\/revisions\/60413"}],"wp:featuredmedia":[{"embeddable":true,"href":"https:\/\/bihavadis.com\/index.php\/wp-json\/wp\/v2\/media\/60408"}],"wp:attachment":[{"href":"https:\/\/bihavadis.com\/index.php\/wp-json\/wp\/v2\/media?parent=60407"}],"wp:term":[{"taxonomy":"category","embeddable":true,"href":"https:\/\/bihavadis.com\/index.php\/wp-json\/wp\/v2\/categories?post=60407"},{"taxonomy":"post_tag","embeddable":true,"href":"https:\/\/bihavadis.com\/index.php\/wp-json\/wp\/v2\/tags?post=60407"}],"curies":[{"name":"wp","href":"https:\/\/api.w.org\/{rel}","templated":true}]}}