{"id":60425,"date":"2026-03-05T00:21:07","date_gmt":"2026-03-05T00:21:07","guid":{"rendered":"https:\/\/bihavadis.com\/?p=60425"},"modified":"2026-03-05T00:21:07","modified_gmt":"2026-03-05T00:21:07","slug":"elazig-valisi-hatipoglu-acinin-buyuklugu-karsisinda-dayanismamiz-daha-da-buyudu","status":"publish","type":"post","link":"https:\/\/bihavadis.com\/index.php\/2026\/03\/05\/elazig-valisi-hatipoglu-acinin-buyuklugu-karsisinda-dayanismamiz-daha-da-buyudu\/","title":{"rendered":"Elaz\u0131\u011f Valisi Hatipo\u011flu: &#8220;Ac\u0131n\u0131n b\u00fcy\u00fckl\u00fc\u011f\u00fc kar\u015f\u0131s\u0131nda dayan\u0131\u015fmam\u0131z daha da b\u00fcy\u00fcd\u00fc&#8221;"},"content":{"rendered":"<p> Elaz\u0131\u011f Valisi Numan Hatipo\u011flu, &#8220;O g\u00fcn sadece binalar y\u0131k\u0131lmad\u0131. \u015eehirlerimiz sustu, sokaklar\u0131m\u0131z karard\u0131 ve canlar\u0131m\u0131z enkaz alt\u0131nda kald\u0131. Ayn\u0131 zamanda milletimizin vicdan\u0131 aya\u011fa kalkt\u0131. Ac\u0131n\u0131n b\u00fcy\u00fckl\u00fc\u011f\u00fc kar\u015f\u0131s\u0131nda dayan\u0131\u015fmam\u0131z daha da b\u00fcy\u00fcd\u00fc. T\u00fcrkiye tek y\u00fcrek oldu&#8221; dedi.<\/p>\n<p>Elaz\u0131\u011f AFAD \u0130l M\u00fcd\u00fcrl\u00fc\u011f\u00fcnce 6 \u015eubat 2023&#8217;te meydana gelen Kahramanmara\u015f merkezli depremlerde hayatlar\u0131n\u0131 kaybedenler i\u00e7in anma toplant\u0131s\u0131 ger\u00e7ekle\u015ftirildi. Elaz\u0131\u011f Valisi Numan Hatipo\u011flu, &#8220;Kaybetti\u011fimiz canlar\u0131m\u0131z\u0131 ve yaralanan binlerce vatanda\u015f\u0131m\u0131za anmak i\u00e7in bir araday\u0131z. Depremler millet hayat\u0131nda olunmaz yaralar a\u00e7abilir ama ayn\u0131 zamanda yepyeni ba\u015flang\u0131\u00e7lar\u0131n da ilk i\u015fareti olmu\u015ftur. 6 \u015eubat&#8217;ta meydana gelen iki b\u00fcy\u00fck depremde 11 ilimiz do\u011frudan etkilenmi\u015f, 53 bin 697 vatanda\u015f\u0131m\u0131z hayat\u0131n\u0131 kaybetmi\u015f, 107 bin 213 vatanda\u015f\u0131m\u0131z yaralanm\u0131\u015f ve y\u00fczbinlerce bina y\u0131k\u0131lm\u0131\u015f ve a\u011f\u0131r hasar g\u00f6rm\u00fc\u015ft\u00fcr. 6 \u015eubat depremi Cumhuriyet tarihimizin en b\u00fcy\u00fck afetleri olarak kay\u0131tlara ge\u00e7mi\u015ftir. Bu deprem yaln\u0131zca \u00fclkemiz i\u00e7in de\u011fil, d\u00fcnya afet tarihi a\u00e7\u0131s\u0131ndan da olu\u015fturdu\u011fu can kayb\u0131, hasar ve y\u0131k\u0131mlardan dolay\u0131 &#8216;asr\u0131n felaketi&#8217; olarak nitelendirilmi\u015ftir. O g\u00fcn sadece binalar y\u0131k\u0131lmad\u0131. \u015eehirlerimiz sustu, sokaklar\u0131m\u0131z karard\u0131 ve canlar\u0131m\u0131z enkaz alt\u0131nda kald\u0131. Ayn\u0131 zamanda milletimizin vicdan\u0131 aya\u011fa kalkt\u0131. Ac\u0131n\u0131n b\u00fcy\u00fckl\u00fc\u011f\u00fc kar\u015f\u0131s\u0131nda dayan\u0131\u015fmam\u0131z daha da b\u00fcy\u00fcd\u00fc. T\u00fcrkiye tek y\u00fcrek oldu. Depremin hemen ard\u0131ndan devletimizin t\u00fcm kurumlar\u0131 e\u015f zamanl\u0131 olarak sahaya intikal etmi\u015f, arama kurtarma ekiplerimiz canla ba\u015fla \u00e7al\u0131\u015fm\u0131\u015f, AFAD te\u015fkilat\u0131m\u0131z, kahraman silahl\u0131 kuvvetlerimiz, polisimiz, jandarmam\u0131z, sa\u011fl\u0131k personelimiz, g\u00f6n\u00fcll\u00fclerimiz ve sivil toplum kurulu\u015flar\u0131m\u0131zla birlikte insan \u00fcst\u00fc bir gayret ortaya koymu\u015flard\u0131r. Ayn\u0131 zamanda aziz milletimizin duas\u0131 ve y\u00fcre\u011fiyle depremzede karde\u015flerimizin yan\u0131nda yer ald\u0131\u011f\u0131n\u0131 g\u00f6rd\u00fck&#8221; ifadelerini kulland\u0131.<\/p>\n<p>Vali Hatipo\u011flu, &#8220;Bu s\u00fcre\u00e7te ortaya konulan tablo, devlet ile milletin omuz omuza verdi\u011fi en g\u00fc\u00e7l\u00fc dayan\u0131\u015fma \u00f6rneklerinden birisi olmu\u015ftur. Arama kurtarma \u00e7al\u0131\u015fmalar\u0131nda ve enkaz ba\u015flar\u0131nda sabahlayan ekiplerimizin yan\u0131nda bir \u015fi\u015fe suyu payla\u015fan vatanda\u015f\u0131m\u0131z, bir battaniyeyi omuzuna al\u0131p yola \u00e7\u0131kan gen\u00e7lerimiz, yard\u0131m t\u0131rlar\u0131n\u0131 g\u00f6zya\u015flar\u0131yla u\u011furlayan annelerimiz, zor zamanlarda nas\u0131l bir dayan\u0131\u015fma ger\u00e7ekle\u015fti\u011fini ortaya koymu\u015ftur. T\u00fcrkiye Cumhuriyeti devletinde bu dayan\u0131\u015fma ruhu milletimizi ayakta tutan en b\u00fcy\u00fck g\u00fc\u00e7 olmu\u015ftur. Elaz\u0131\u011f ilimiz 2020 y\u0131l\u0131nda ya\u015fad\u0131\u011f\u0131 y\u0131k\u0131c\u0131 depremlerin ard\u0131ndan 6 \u015eubat Kahramanmara\u015f merkezli depremden de \u00f6nemli \u00f6l\u00e7\u00fcde etkilenmi\u015ftir. Ancak yine Elaz\u0131\u011f, hemen kom\u015fu ili olan Malatya iline b\u00fcy\u00fck bir seferberlik i\u00e7erisinde yard\u0131m i\u00e7in ko\u015fmu\u015ftur. Depremler sonucunda 11 ilde milyonlarca vatanda\u015f\u0131m\u0131z bar\u0131nma ihtiyac\u0131yla kar\u015f\u0131 kar\u015f\u0131ya kalm\u0131\u015ft\u0131r. Ancak devletimiz bu b\u00fcy\u00fck y\u0131k\u0131m kar\u015f\u0131s\u0131nda teredd\u00fct etmeden tarihin en b\u00fcy\u00fck konut seferberli\u011fine ba\u015flam\u0131\u015ft\u0131r. Teslim edilen her anahtar, devletimizin sosyal sorumluluk anlay\u0131\u015f\u0131n\u0131n vatanda\u015f\u0131m\u0131zla kurdu\u011fu g\u00fc\u00e7l\u00fc ba\u011f\u0131n ve devlet millet dayan\u0131\u015fmas\u0131n\u0131n somut bir \u00f6rne\u011fi olmu\u015ftur&#8221; dedi.<\/p>\n<p>Ger\u00e7ekle\u015ftirilen anma ve de\u011ferlendirme toplant\u0131s\u0131na Vali Numan Hatipo\u011flu&#8217;nun yan\u0131 s\u0131ra, AK Parti Elaz\u0131\u011f Milletvekili Prof. Dr. Erol Kele\u015f, 8. Kolordu Komutan\u0131 T\u00fcmgeneral \u00dcmit Durmaz, Elaz\u0131\u011f Belediye Ba\u015fkan\u0131 \u015eahin \u015eerifo\u011fullar\u0131, F\u0131rat \u00dcniversitesi Rekt\u00f6r\u00fc Prof. Dr. Fahrettin G\u00f6kta\u015f, \u0130l Emniyet M\u00fcd\u00fcr\u00fc Adnan Karayel, AK Parti \u0130l Ba\u015fkan\u0131 \u0130brahim Sencer Selmano\u011flu, AFAD M\u00fcd\u00fcr\u00fc Dr. Cafer Giyik, \u00c7evre, \u015eehircilik ve \u0130klim De\u011fi\u015fikli\u011fi \u0130l M\u00fcd\u00fcr\u00fc Fatih \u00d6nalan, kurum m\u00fcd\u00fcrleri ve STK ba\u015fkanlar\u0131 kat\u0131ld\u0131. &#8211; ELAZI\u011e<\/p>\n","protected":false},"excerpt":{"rendered":"<p>Elaz\u0131\u011f Valisi Numan Hatipo\u011flu, Kahramanmara\u015f merkezli depremlerden sonra ger\u00e7ekle\u015ftirilen anma toplant\u0131s\u0131nda, milletin dayan\u0131\u015fma ruhunu ve devletin m\u00fcdahale s\u00fcrecini \u00f6nemle vurgulad\u0131.<\/p>\n","protected":false},"author":1,"featured_media":60426,"comment_status":"open","ping_status":"open","sticky":false,"template":"","format":"standard","meta":{"footnotes":""},"categories":[8],"tags":[2671,60,1247,566,2113],"class_list":["post-60425","post","type-post","status-publish","format-standard","has-post-thumbnail","hentry","category-ekonomi","tag-dayanisma","tag-deprem","tag-devlet","tag-elazig","tag-millet"],"_links":{"self":[{"href":"https:\/\/bihavadis.com\/index.php\/wp-json\/wp\/v2\/posts\/60425","targetHints":{"allow":["GET"]}}],"collection":[{"href":"https:\/\/bihavadis.com\/index.php\/wp-json\/wp\/v2\/posts"}],"about":[{"href":"https:\/\/bihavadis.com\/index.php\/wp-json\/wp\/v2\/types\/post"}],"author":[{"embeddable":true,"href":"https:\/\/bihavadis.com\/index.php\/wp-json\/wp\/v2\/users\/1"}],"replies":[{"embeddable":true,"href":"https:\/\/bihavadis.com\/index.php\/wp-json\/wp\/v2\/comments?post=60425"}],"version-history":[{"count":1,"href":"https:\/\/bihavadis.com\/index.php\/wp-json\/wp\/v2\/posts\/60425\/revisions"}],"predecessor-version":[{"id":60427,"href":"https:\/\/bihavadis.com\/index.php\/wp-json\/wp\/v2\/posts\/60425\/revisions\/60427"}],"wp:featuredmedia":[{"embeddable":true,"href":"https:\/\/bihavadis.com\/index.php\/wp-json\/wp\/v2\/media\/60426"}],"wp:attachment":[{"href":"https:\/\/bihavadis.com\/index.php\/wp-json\/wp\/v2\/media?parent=60425"}],"wp:term":[{"taxonomy":"category","embeddable":true,"href":"https:\/\/bihavadis.com\/index.php\/wp-json\/wp\/v2\/categories?post=60425"},{"taxonomy":"post_tag","embeddable":true,"href":"https:\/\/bihavadis.com\/index.php\/wp-json\/wp\/v2\/tags?post=60425"}],"curies":[{"name":"wp","href":"https:\/\/api.w.org\/{rel}","templated":true}]}}