{"id":60457,"date":"2026-03-05T00:48:07","date_gmt":"2026-03-05T00:48:07","guid":{"rendered":"https:\/\/bihavadis.com\/?p=60457"},"modified":"2026-03-05T00:48:07","modified_gmt":"2026-03-05T00:48:07","slug":"cankirida-obeziteyle-mucadele-artiyor","status":"publish","type":"post","link":"https:\/\/bihavadis.com\/index.php\/2026\/03\/05\/cankirida-obeziteyle-mucadele-artiyor\/","title":{"rendered":"\u00c7ank\u0131r\u0131&#8217;da Obeziteyle M\u00fccadele Art\u0131yor"},"content":{"rendered":"<p> \u00c7ank\u0131r\u0131&#8217;da, \u0130l Sa\u011fl\u0131k M\u00fcd\u00fcrl\u00fc\u011f\u00fcnce yap\u0131lan taramaya kat\u0131lanlar\u0131n d\u00f6rtte \u00fc\u00e7\u00fcn\u00fcn obez ya da fazla kilolu \u00e7\u0131kmas\u0131 \u00fczerine diyetisyen ve egzersiz programlar\u0131na a\u011f\u0131rl\u0131k verildi.<\/p>\n<p> Sa\u011fl\u0131k Bakanl\u0131\u011f\u0131 taraf\u0131ndan y\u00fcr\u00fct\u00fclen T\u00fcrkiye Sa\u011fl\u0131kl\u0131 Beslenme ve Hareketli Hayat Program\u0131 kapsam\u0131nda \u00c7ank\u0131r\u0131&#8217;da da \u00e7e\u015fitli \u00e7al\u0131\u015fmalar y\u00fcr\u00fct\u00fcl\u00fcyor.<\/p>\n<p>\u0130l Sa\u011fl\u0131k M\u00fcd\u00fcrl\u00fc\u011f\u00fcnce ba\u015flat\u0131lan \u00e7al\u0131\u015fma kapsam\u0131nda kentte yakla\u015f\u0131k 30 bin ki\u015finin v\u00fccut kitle endeksi \u00f6l\u00e7\u00fcld\u00fc.<\/p>\n<p>Tarama yap\u0131lan vatanda\u015flardan d\u00f6rtte \u00fc\u00e7\u00fcn\u00fcn obez veya fazla kilolu \u00e7\u0131kmas\u0131n\u0131n ard\u0131ndan kentte hizmet veren diyetisyen say\u0131s\u0131 art\u0131r\u0131ld\u0131, fizyoterapist e\u015fli\u011finde egzersiz programlar\u0131 ba\u015flat\u0131ld\u0131.<\/p>\n<p>\u0130l Sa\u011fl\u0131k M\u00fcd\u00fcrl\u00fc\u011f\u00fc Sa\u011fl\u0131k Hizmetleri Ba\u015fkan Yard\u0131mc\u0131s\u0131 Dr. \u015eeyma Y\u00fcsra So\u011fanda, AA muhabirine, obezitenin hem d\u00fcnyada hem de T\u00fcrkiye&#8217;de giderek artan bir halk sa\u011fl\u0131\u011f\u0131 sorunu oldu\u011funu s\u00f6yledi.<\/p>\n<p>Fiziksel aktivitenin azalmas\u0131 ve beslenme al\u0131\u015fkanl\u0131klar\u0131n\u0131n k\u00f6t\u00fc y\u00f6nde ilerlemesinin bu duruma zemin haz\u0131rlad\u0131\u011f\u0131n\u0131 belirten So\u011fanda, &#8220;Bakanl\u0131\u011f\u0131m\u0131z\u0131n 2011 y\u0131l\u0131ndan beri y\u00fcr\u00fctt\u00fc\u011f\u00fc Sa\u011fl\u0131kl\u0131 Beslenme ve Hareketli Hayat Program\u0131 kapsam\u0131nda asl\u0131nda bir\u00e7ok \u00e7al\u0131\u015fma devam ediyor. Ge\u00e7en y\u0131l may\u0131s ve temmuz aylar\u0131 aras\u0131nda T\u00fcrkiye&#8217;de yakla\u015f\u0131k 10 milyon ki\u015finin boyu ve kilosu \u00f6l\u00e7\u00fcld\u00fc, v\u00fccut kitle indeksleri hesapland\u0131.&#8221; dedi.<\/p>\n<p>V\u00fccut kitle indeksinin ki\u015finin zay\u0131f m\u0131, kilolu mu yoksa obez mi oldu\u011funu g\u00f6sterdi\u011fini dile getiren So\u011fanda, \u015f\u00f6yle devam etti: <\/p>\n<p>&#8220;\u00c7ank\u0131r\u0131&#8217;da yakla\u015f\u0131k 30 bin ki\u015fiyi tarad\u0131k. Bu ki\u015filerin yakla\u015f\u0131k 25 bini 18 ya\u015f \u00fczerindeydi. Ne yaz\u0131k ki bu 25 bin ki\u015finin d\u00f6rtte \u00fc\u00e7\u00fc obez ya da fazla kilolu \u00e7\u0131kt\u0131. Bu y\u00f6nde bir\u00e7ok \u00e7al\u0131\u015fma yapmaya \u00e7al\u0131\u015f\u0131yoruz. Sa\u011fl\u0131kl\u0131 Hayat Merkezimizde hizmet veren iki diyetisyenimizin yan\u0131 s\u0131ra Cumhuriyet Mahallesi yerle\u015fkemizde yeni bir diyetisyen poliklini\u011fi hizmete a\u00e7t\u0131k. Buradaki polikliniklere randevu al\u0131nd\u0131\u011f\u0131 gibi Cumhuriyet Mahallesi&#8217;ndeki diyetisyen poliklini\u011fimizden de vatanda\u015flar\u0131m\u0131z, Merkezi Hekim Randevu Sistemi (MHRS) \u00fczerinden randevu alarak hizmet alabilir.&#8221;<\/p>\n<p>So\u011fanda, Sa\u011fl\u0131kl\u0131 Hayat Merkezi&#8217;ndeki spor salonunda fizyoterapist e\u015fli\u011finde hem bireysel hem de grup egzersizlerinin de yap\u0131ld\u0131\u011f\u0131n\u0131 vurgulayarak, &#8220;Ayn\u0131 zamanda hareketi s\u00fcrecin i\u00e7ine dahil etmemiz gerekiyor. Ge\u00e7en y\u0131l diyetisyenlerimize yakla\u015f\u0131k 4 bin 600 ba\u015fvuru oldu. Bu say\u0131y\u0131 art\u0131rmak istiyoruz. B\u00f6yle bir hizmet, vatanda\u015flar\u0131m\u0131z i\u00e7in ka\u00e7maz bir f\u0131rsat. B\u00fct\u00fcn vatanda\u015flar\u0131m\u0131z\u0131 Sa\u011fl\u0131kl\u0131 Hayat Merkezi&#8217;mize ve Cumhuriyet Aile Sa\u011fl\u0131\u011f\u0131 Merkezi&#8217;ne bekliyoruz.&#8221; ifadelerini kulland\u0131.<\/p>\n<p>&#8220;Ki\u015fiyi sa\u011fl\u0131kl\u0131 tarafa \u00e7ekmeyi ama\u00e7l\u0131yoruz&#8221;<\/p>\n<p>Cumhuriyet Aile Sa\u011fl\u0131\u011f\u0131 Merkezi&#8217;nde g\u00f6revli diyetisyen Dilek K\u0131l\u0131\u00e7 Doyduk da \u00c7ank\u0131r\u0131&#8217;da fazla kilolu ve obezite s\u0131n\u0131f\u0131nda \u00e7ok fazla ki\u015fi oldu\u011funa dikkati \u00e7ekti.<\/p>\n<p>Kendilerine ba\u015fvuranlarda destekleyici, s\u00fcrd\u00fcr\u00fclebilir bir ya\u015fam tarz\u0131 olu\u015fturmaya \u00e7al\u0131\u015ft\u0131klar\u0131n\u0131n alt\u0131n\u0131 \u00e7izen Doyduk, &#8220;Amac\u0131m\u0131z bir diyet listesi verip g\u00f6ndermek de\u011fil, bireysel dan\u0131\u015fmanl\u0131k kurmak, hastay\u0131 bu s\u00fcre\u00e7te desteklemek. \u00c7ank\u0131r\u0131l\u0131lar\u0131n beslenme tarz\u0131 karbonhidrat a\u011f\u0131rl\u0131kl\u0131 oldu\u011fu i\u00e7in ki\u015fiyi sa\u011fl\u0131kl\u0131 tarafa \u00e7ekmeyi ama\u00e7l\u0131yoruz.&#8221; diye konu\u015ftu.<\/p>\n","protected":false},"excerpt":{"rendered":"<p>\u00c7ank\u0131r\u0131&#8217;da yap\u0131lan taramada, kat\u0131l\u0131mc\u0131lar\u0131n %75&#8217;i obez veya fazla kilolu \u00e7\u0131kt\u0131. Diyetisyen ve egzersiz programlar\u0131 ba\u015flat\u0131ld\u0131.<\/p>\n","protected":false},"author":1,"featured_media":60458,"comment_status":"open","ping_status":"open","sticky":false,"template":"","format":"standard","meta":{"footnotes":""},"categories":[14],"tags":[7158,315,1080,7159,157],"class_list":["post-60457","post","type-post","status-publish","format-standard","has-post-thumbnail","hentry","category-spor","tag-diyetisyen","tag-hizmet","tag-merkezi","tag-obez","tag-saglik"],"_links":{"self":[{"href":"https:\/\/bihavadis.com\/index.php\/wp-json\/wp\/v2\/posts\/60457","targetHints":{"allow":["GET"]}}],"collection":[{"href":"https:\/\/bihavadis.com\/index.php\/wp-json\/wp\/v2\/posts"}],"about":[{"href":"https:\/\/bihavadis.com\/index.php\/wp-json\/wp\/v2\/types\/post"}],"author":[{"embeddable":true,"href":"https:\/\/bihavadis.com\/index.php\/wp-json\/wp\/v2\/users\/1"}],"replies":[{"embeddable":true,"href":"https:\/\/bihavadis.com\/index.php\/wp-json\/wp\/v2\/comments?post=60457"}],"version-history":[{"count":1,"href":"https:\/\/bihavadis.com\/index.php\/wp-json\/wp\/v2\/posts\/60457\/revisions"}],"predecessor-version":[{"id":60459,"href":"https:\/\/bihavadis.com\/index.php\/wp-json\/wp\/v2\/posts\/60457\/revisions\/60459"}],"wp:featuredmedia":[{"embeddable":true,"href":"https:\/\/bihavadis.com\/index.php\/wp-json\/wp\/v2\/media\/60458"}],"wp:attachment":[{"href":"https:\/\/bihavadis.com\/index.php\/wp-json\/wp\/v2\/media?parent=60457"}],"wp:term":[{"taxonomy":"category","embeddable":true,"href":"https:\/\/bihavadis.com\/index.php\/wp-json\/wp\/v2\/categories?post=60457"},{"taxonomy":"post_tag","embeddable":true,"href":"https:\/\/bihavadis.com\/index.php\/wp-json\/wp\/v2\/tags?post=60457"}],"curies":[{"name":"wp","href":"https:\/\/api.w.org\/{rel}","templated":true}]}}