{"id":60504,"date":"2026-03-05T01:30:10","date_gmt":"2026-03-05T01:30:10","guid":{"rendered":"https:\/\/bihavadis.com\/?p=60504"},"modified":"2026-03-05T01:30:10","modified_gmt":"2026-03-05T01:30:10","slug":"bosch-rexroth-bursa-fabrikasi-teknik-ve-ticari-muduru-daniel-seufert-oldu","status":"publish","type":"post","link":"https:\/\/bihavadis.com\/index.php\/2026\/03\/05\/bosch-rexroth-bursa-fabrikasi-teknik-ve-ticari-muduru-daniel-seufert-oldu\/","title":{"rendered":"Bosch Rexroth Bursa Fabrikas\u0131 Teknik ve Ticari M\u00fcd\u00fcr\u00fc Daniel Seufert oldu"},"content":{"rendered":"<p>Bursa &#8211; Tahrik ve kontrol teknolojileri alan\u0131nda d\u00fcnyan\u0131n \u00f6nde gelen tedarik\u00e7ilerinden Bosch Rexroth\u2019un Bursa&#8217;daki fabrikas\u0131nda \u00fcst d\u00fczey bir atama ger\u00e7ekle\u015fti. Yakla\u015f\u0131k 20 y\u0131ld\u0131r Bosch Grubu b\u00fcnyesinde \u00e7e\u015fitli g\u00f6revlerde bulunan Daniel Seufert, 1 Ekim 2025 itibar\u0131yla Bosch Rexroth Bursa fabrikas\u0131n\u0131n yeni Fabrika Teknik ve Ticari M\u00fcd\u00fcr\u00fc oldu. Seufert, Bosch Rexroth&#8217;un mobil hidrolik \u00fcr\u00fcnlerin \u00fcretildi\u011fi Bursa fabrikas\u0131na liderlik ediyor.<\/p>\n<p><strong>Tesis 20 y\u0131ld\u0131r Bursa\u2019da \u00fcretim yap\u0131yor<\/strong><\/p>\n<p>T\u00fcrkiye&#8217;deki faaliyetlerine 1976 y\u0131l\u0131nda ba\u015flayan ve 2001 y\u0131l\u0131nda Bosch Grubu&#8217;na dahil olan Bosch Rexroth, 2006 y\u0131l\u0131ndan bu yana Bursa&#8217;da \u00fcretim yap\u0131yor. B\u00fcnyesinde ayn\u0131 zamanda Tasar\u0131m Merkezi bulunan fabrika, Bosch\u2019un T\u00fcrkiye&#8217;deki en \u00f6nemli lokasyonlar\u0131ndan biri olarak faaliyetlerini s\u00fcrd\u00fcr\u00fcyor.<\/p>\n<p><strong>Bosch Grubu\u2019nda ba\u015far\u0131l\u0131 bir kariyer<\/strong><\/p>\n<p>Makine M\u00fchendisli\u011fi b\u00f6l\u00fcm\u00fc mezunu olan Daniel Seufert, profesyonel kariyerine 2006 y\u0131l\u0131nda Bosch Rexroth AG&#8217;nin Almanya\u2019daki Schweinfurt fabrikas\u0131nda \u00dcretim S\u00fcre\u00e7leri M\u00fchendisi olarak ba\u015flad\u0131. \u015eirketin Lineer Hareket Teknolojisi i\u015f biriminde \u00e7e\u015fitli kademelerde sorumluluk alan Seufert, 2008&#8217;de \u00dcretim Proses M\u00fchendisli\u011fi Tak\u0131m Lideri, 2011&#8217;de Kilit M\u00fc\u015fteri Y\u00f6neticisi (IPN) ve 2015&#8217;te Plastik \u00dcretimi K\u0131demli M\u00fcd\u00fcr\u00fc ve Plastikler Yetkinlik Merkezi Ba\u015fkan\u0131 olarak g\u00f6rev yapt\u0131. Bursa\u2019ya atanmas\u0131ndan \u00f6nce Bosch\u2019un Romanya\u2019daki Blaj lokasyonunda \u00fcst d\u00fczey ve son olarak Romanya\u2019daki Bosch Rexroth SRL \u015firketinin genel m\u00fcd\u00fcr\u00fc olarak g\u00f6rev yapt\u0131.<\/p>\n<p>\u00a0<\/p>\n<p>Kaynak: (BYZHA) Beyaz Haber Ajans\u0131<\/p>\n","protected":false},"excerpt":{"rendered":"<p>Bursa &#8211; Tahrik ve kontrol teknolojileri alan\u0131nda d\u00fcnyan\u0131n \u00f6nde gelen tedarik\u00e7ilerinden Bosch Rexroth\u2019un Bursa&#8217;daki fabrikas\u0131nda \u00fcst d\u00fczey bir atama ger\u00e7ekle\u015fti.<\/p>\n","protected":false},"author":1,"featured_media":60505,"comment_status":"open","ping_status":"open","sticky":false,"template":"","format":"standard","meta":{"footnotes":""},"categories":[8],"tags":[7161,512,1578,375],"class_list":["post-60504","post","type-post","status-publish","format-standard","has-post-thumbnail","hentry","category-ekonomi","tag-bosch-rexroth","tag-bursa","tag-fabrika","tag-uretim"],"_links":{"self":[{"href":"https:\/\/bihavadis.com\/index.php\/wp-json\/wp\/v2\/posts\/60504","targetHints":{"allow":["GET"]}}],"collection":[{"href":"https:\/\/bihavadis.com\/index.php\/wp-json\/wp\/v2\/posts"}],"about":[{"href":"https:\/\/bihavadis.com\/index.php\/wp-json\/wp\/v2\/types\/post"}],"author":[{"embeddable":true,"href":"https:\/\/bihavadis.com\/index.php\/wp-json\/wp\/v2\/users\/1"}],"replies":[{"embeddable":true,"href":"https:\/\/bihavadis.com\/index.php\/wp-json\/wp\/v2\/comments?post=60504"}],"version-history":[{"count":1,"href":"https:\/\/bihavadis.com\/index.php\/wp-json\/wp\/v2\/posts\/60504\/revisions"}],"predecessor-version":[{"id":60506,"href":"https:\/\/bihavadis.com\/index.php\/wp-json\/wp\/v2\/posts\/60504\/revisions\/60506"}],"wp:featuredmedia":[{"embeddable":true,"href":"https:\/\/bihavadis.com\/index.php\/wp-json\/wp\/v2\/media\/60505"}],"wp:attachment":[{"href":"https:\/\/bihavadis.com\/index.php\/wp-json\/wp\/v2\/media?parent=60504"}],"wp:term":[{"taxonomy":"category","embeddable":true,"href":"https:\/\/bihavadis.com\/index.php\/wp-json\/wp\/v2\/categories?post=60504"},{"taxonomy":"post_tag","embeddable":true,"href":"https:\/\/bihavadis.com\/index.php\/wp-json\/wp\/v2\/tags?post=60504"}],"curies":[{"name":"wp","href":"https:\/\/api.w.org\/{rel}","templated":true}]}}