{"id":60529,"date":"2026-03-05T01:54:06","date_gmt":"2026-03-05T01:54:06","guid":{"rendered":"https:\/\/bihavadis.com\/?p=60529"},"modified":"2026-03-05T01:54:06","modified_gmt":"2026-03-05T01:54:06","slug":"nallihan-ve-kahramankazanlilarla-iftar-sofrasinda-bulustu","status":"publish","type":"post","link":"https:\/\/bihavadis.com\/index.php\/2026\/03\/05\/nallihan-ve-kahramankazanlilarla-iftar-sofrasinda-bulustu\/","title":{"rendered":"Nall\u0131han ve Kahramankazanl\u0131larla \u0130ftar Sofras\u0131nda Bulu\u015ftu"},"content":{"rendered":"<p><b>Ke\u00e7i\u00f6ren Belediye Ba\u015fkan\u0131 Dr. Mesut \u00d6zarslan<\/b>, Mevlana K\u00fclt\u00fcr Merkezi\u2019nde d\u00fczenlenen iftar program\u0131nda Ba\u015fkent\u2019in \u00f6nemli il\u00e7elerinden Aya\u015f, Beypazar\u0131, \u00c7aml\u0131dere, G\u00fcd\u00fcl, K\u0131z\u0131lcahamam, Nall\u0131han ve Kahramankazanl\u0131 vatanda\u015flarla bir araya geldi. \u00c7ok say\u0131da Ankaral\u0131n\u0131n kat\u0131ld\u0131\u011f\u0131 iftarda konu\u015fan Ba\u015fkan \u00d6zarslan, \u201cHalka hizmet, Hakk\u2019a hizmettir felsefesindeyiz. Ve \u00f6yle de gidiyoruz. Kimse bundan \u015f\u00fcphe duymas\u0131n.\u201d dedi.<\/p>\n<p>\u0130ftar program\u0131na; Ke\u00e7i\u00f6ren Belediye Ba\u015fkan\u0131 Dr. Mesut \u00d6zarslan\u2019\u0131n yan\u0131 s\u0131ra; AK Parti Ke\u00e7i\u00f6ren \u0130l\u00e7e Ba\u015fkan\u0131 \u00d6mer Faruk \u0130slam, Ba\u015fkent Ankara Meclisi Genel Ba\u015fkan\u0131 ve \u00f6nceki d\u00f6nem Ankara Milletvekili Nevzat Ceylan, MKE Ankarag\u00fcc\u00fc Spor Kul\u00fcb\u00fc Ba\u015fkan\u0131 \u0130lhami Alparslan, K\u0131z\u0131lcahamaml\u0131lar Derne\u011fi Ba\u015fkan\u0131 Beyhan Sar\u0131, Ankara Kent Konseyi STK Proje Destek \u00c7al\u0131\u015fma Grubu Ba\u015fkan\u0131 ve Sivil Toplum Kurulu\u015flar\u0131 Platformu Ba\u015fkan\u0131 Habib \u015eeker, Ke\u00e7i\u00f6ren Belediye Ba\u015fkan Dan\u0131\u015fman\u0131 Ahmet Akif Sar\u0131, Ankara \u00dcniversitesi Veteriner Fak\u00fcltesi \u00d6\u011fretim \u00dcyesi Prof. Dr. Ali Bilgili, G\u00fcd\u00fcl \u00c7a\u011fa Dernek Ba\u015fkan\u0131 Mehmet Ayd\u0131n, Kahramankazan Y\u00f6netici ve B\u00fcrokratlar Derne\u011fi Ba\u015fkan\u0131 Mustafa Cant\u00fcrk, K\u0131z\u0131lcahamam \u00c7aml\u0131dere E\u011fitim ve Sosyal Yard\u0131mla\u015fma Vakf\u0131 Ba\u015fkan\u0131 H\u00fcdaverdi \u00c7ak\u0131r, K\u0131z\u0131lcahamam \u0130l\u00e7e Muhtarlar\u0131 ve \u00c7evre K\u00f6yleri Dernek Ba\u015fkan\u0131 Hasan Cihangir, Nall\u0131hanl\u0131lar Sosyal Yard\u0131mla\u015fma E\u011fitim ve K\u00fclt\u00fcr Derne\u011fi Ba\u015fkan\u0131 Ali G\u00f6ker, Nall\u0131han Platformu ve Anadolu K\u0131rsal Kalk\u0131nma Derne\u011fi Ba\u015fkan\u0131 Rasim Uzun, Ayy\u0131ld\u0131z \u015eehit ve Gaziler Derne\u011fi Ba\u015fkan\u0131 Orhan Karaday\u0131, Sivil Toplum Kurulu\u015flar\u0131 Platformu Kurucusu ve Onursal Ba\u015fkan\u0131 Faysal Alp, \u00f6nceki d\u00f6nem AH\u0130D Ke\u00e7i\u00f6ren \u0130l\u00e7e Ba\u015fkan\u0131 ve Ke\u00e7i\u00f6ren Belediye Meclis \u00dcyesi Fahri Akta\u015f, \u00f6nceki d\u00f6nem Ankara \u0130l Genel Meclisi Ba\u015fkan\u0131 Emrullah Eren, \u0130Y\u0130 Parti Sincan \u0130l\u00e7e Ba\u015fkan Yard\u0131mc\u0131s\u0131 Ercan Tando\u011fan, Yenimahalle Belediye Meclis \u00dcyesi Dural\u0131 Kele\u015f, muhtarlar, meclis \u00fcyeleri, ba\u015fkan yard\u0131mc\u0131lar\u0131, birim m\u00fcd\u00fcrleri ve \u00e7ok say\u0131da vatanda\u015f kat\u0131ld\u0131.<\/p>\n<p><b>\u201cBu millet ne zaman dara kalsa g\u00f6\u011fs\u00fcn\u00fc siper eder\u201d<\/b><\/p>\n<p><b>Ke\u00e7i\u00f6ren Belediye Ba\u015fkan\u0131 Dr. Mesut \u00d6zarslan,<\/b>\u00a0yapt\u0131\u011f\u0131 konu\u015fmada birlik ve beraberlik mesaj\u0131 vererek \u015funlar\u0131 s\u00f6yledi: \u201cBizler hem\u015fehrilerim, neden mi y\u00fcce T\u00fcrk milletiyiz? \u00d6yle kuru kuruya bir milletin \u00f6zelli\u011fi \u00f6ne \u00e7\u0131kmaz. Bir milletin \u00f6zelli\u011fi, onun i\u00e7erisindeki imana ba\u011fl\u0131d\u0131r; insanl\u0131\u011fa hizmetine ba\u011fl\u0131d\u0131r. Niye? \u00c7\u00fcnk\u00fc T\u00fcrk milleti, senelerdir Resulullah\u2019\u0131n (s.a.v.) sancaktarl\u0131\u011f\u0131n\u0131 yapan millettir. Ondan y\u00fccedir, ondan uludur. \u00c7\u00fcnk\u00fc bu millet ne zaman dara kalsa g\u00f6\u011fs\u00fcn\u00fc siper eder. Anadolu\u2019yu T\u00fcrkle\u015ftiren, \u0130slamla\u015ft\u0131ran Hoca Ahmet Yesevi\u2019nin ve Horasan erenlerinin davas\u0131 insanl\u0131k davas\u0131d\u0131r dedik. T\u00fcrk milletinin bir tek davas\u0131 vard\u0131r; o davan\u0131n ad\u0131 da Nizam-\u0131 \u00c2lem \u00ce\u2019la-y\u0131 Kelimetullah davas\u0131d\u0131r. Onun i\u00e7in biz y\u00fcce T\u00fcrk milletiyiz. Hem\u015fehrilerim, \u015fundan m\u00fcsterih olun. Biz g\u00f6reve geldi\u011fimizde s\u00f6z verdik. Kimse yata\u011fa a\u00e7 girmeyecek dedik, girmiyor. Kimse yata\u011fa \u00fc\u015f\u00fcyerek, titreyerek girmeyecek dedik, girmiyor. Ya\u015fl\u0131lar\u0131m\u0131za bak\u0131yoruz, engellilerimize bak\u0131yoruz. Ve biz \u2018Halka hizmet, Hakk\u2019a hizmettir\u2019 felsefesindeyiz. Ve \u00f6yle de gidiyoruz. Kimse bundan \u015f\u00fcphe duymas\u0131n. Y\u00fcce Mevla\u2019m bu milletin birli\u011fini, beraberli\u011fini ve dirli\u011fini daim eylesin. Ne mutlu T\u00fcrk\u2019\u00fcm diyene.\u201d<\/p>\n<p><b>\u00a0\u201cY\u0131llar i\u00e7inde sizlerle et ve t\u0131rnak olduk\u201d<\/b><\/p>\n<p><b>AK Parti Ke\u00e7i\u00f6ren \u0130l\u00e7e Ba\u015fkan\u0131 \u00d6mer Faruk \u0130slam\u00a0<\/b>ise iftar sofralar\u0131n\u0131n dost sofras\u0131 oldu\u011funu belirterek \u015f\u00f6yle konu\u015ftu: \u201cBu m\u00fcbarek ramazan g\u00fcn\u00fcnde bizleri ayn\u0131 iftar sofras\u0131nda bulu\u015fturan ve bu g\u00fczel ortam\u0131 haz\u0131rlayan Ke\u00e7i\u00f6ren Belediye Ba\u015fkan\u0131m\u0131za huzurlar\u0131n\u0131zda te\u015fekk\u00fcr ediyorum. Ankara\u2019da, Ke\u00e7i\u00f6ren\u2019de do\u011fup b\u00fcy\u00fcm\u00fc\u015f, aslen Rizeli bir karde\u015finiz olarak \u015funu ifade etmek isterim: Bizler y\u0131llar i\u00e7inde sizlerle et ve t\u0131rnak olduk. Bu sofrada bir hem\u015fehri bulu\u015fmas\u0131ndan ziyade, dostlar\u0131m\u0131zla bir arada iftar yap\u0131yor gibiyiz.\u201d<\/p>\n<p><b>\u201cSalonlar\u0131n dolup ta\u015ft\u0131\u011f\u0131na \u015fahit oldum\u201d<\/b><\/p>\n<p><b>Ba\u015fkent Ankara Meclisi Genel Ba\u015fkan\u0131 ve \u00f6nceki d\u00f6nem Ankara Milletvekili Nevzat Ceylan\u00a0<\/b>konu\u015fmas\u0131nda,<b>\u00a0<\/b>Ke\u00e7i\u00f6ren Belediyesi\u2019nin sivil toplum kurulu\u015flar\u0131n\u0131 iftar sofras\u0131nda bulu\u015fturmas\u0131ndan duydu\u011fu memnuniyeti \u015fu s\u00f6zlerle ifade etti: \u201cRamazan boyunca bu g\u00fczel sofralara ev sahipli\u011fi yapan, Ke\u00e7i\u00f6ren\u2019imizin sevilen ve ba\u015far\u0131l\u0131 \u00e7al\u0131\u015fmalara imza atan Belediye Ba\u015fkan\u0131m\u0131za te\u015fekk\u00fcr ediyorum. Sivil toplum kurulu\u015flar\u0131na kucak a\u00e7mas\u0131 ve \u00f6zellikle hem\u015fehri bulu\u015fmalar\u0131na ev sahipli\u011fi yapmas\u0131 son derece k\u0131ymetlidir. Bu imk\u00e2nlar\u0131 sa\u011flayan Ke\u00e7i\u00f6ren Belediyesi\u2019ne \u015f\u00fckranlar\u0131m\u0131 sunuyorum. Ramazan ay\u0131 boyunca birka\u00e7 kez burada bulundum; salonlar\u0131n dolup ta\u015ft\u0131\u011f\u0131na \u015fahit oldum. Bu birlik ve beraberlik tablosu bizler i\u00e7in \u00e7ok de\u011ferli.\u201d<\/p>\n<p><b>\u201cMKE Ankarag\u00fcc\u00fc i\u00e7in destek ve dualar\u0131n\u0131z\u0131 bekliyorum\u201d<\/b><\/p>\n<p><b>MKE Ankarag\u00fcc\u00fc Spor Kul\u00fcb\u00fc Ba\u015fkan\u0131 \u0130lhami Alparslan,\u00a0<\/b>kat\u0131l\u0131mc\u0131lardan<b>\u00a0<\/b>MKE Ankarag\u00fcc\u00fc i\u00e7in destek ve dua isteyerek \u015fu mesajlar\u0131 payla\u015ft\u0131: \u201cKahramankazan\u2019\u0131n bir evlad\u0131 olarak bizleri bu sofrada bulu\u015fturan k\u0131ymetli Belediye Ba\u015fkan\u0131m\u0131z Mesut Ba\u015fkan\u0131m\u0131za te\u015fekk\u00fcr ediyorum. Allah birli\u011fimizi ve dirli\u011fimizi daim eylesin. Yurt d\u0131\u015f\u0131ndaki mazlum co\u011frafyalarda ya\u015fanan zul\u00fcmlerin de son bulmas\u0131n\u0131 temenni ediyorum. \u015eehrimizin tak\u0131m\u0131, as\u0131rl\u0131k \u00e7\u0131nar\u0131m\u0131z MKE Ankarag\u00fcc\u00fc i\u00e7in de destek ve dualar\u0131n\u0131z\u0131 bekliyorum.\u201d<\/p>\n<p><b>\u201cG\u00f6n\u00fcllere girmek herkese nasip olmaz\u201d<\/b><\/p>\n<p><b>K\u0131z\u0131lcahamaml\u0131lar Derne\u011fi Ba\u015fkan\u0131 Beyhan Sar\u0131<\/b>, Ke\u00e7i\u00f6ren Belediyesi\u2019nin sosyal belediyecilik \u00e7al\u0131\u015fmalar\u0131na at\u0131fta bulunarak \u015funlar\u0131 s\u00f6yledi: \u201cSay\u0131n Belediye Ba\u015fkan\u0131m; g\u00f6n\u00fcllere girmek, g\u00f6n\u00fcll\u00fc olmak herkese nasip olmaz. Bu, Allah\u2019\u0131n verdi\u011fi bir \u00f6zelliktir. G\u00f6reve geldi\u011finiz ilk g\u00fcnden bu yana samimiyetinizi ve dostlu\u011funuzu her zaman hissettik. Allah birlik ve beraberli\u011fimizi daim eylesin. Ke\u00e7i\u00f6ren Belediyesi\u2019nin dayan\u0131\u015fma ve yard\u0131mla\u015fma noktas\u0131nda ortaya koydu\u011fu gayreti ayr\u0131ca takdir ediyor, kimsenin kimsesiz kalmamas\u0131 i\u00e7in g\u00f6sterdi\u011finiz \u00e7aba i\u00e7in te\u015fekk\u00fcr ediyorum.\u201d<\/p>\n<p><b>\u201cSTK olarak devletimizin ve yerel y\u00f6neticilerimizin yan\u0131nday\u0131z\u201d<\/b><\/p>\n<p><b>Ankara Kent Konseyi STK Proje Destek \u00c7al\u0131\u015fma Grubu Ba\u015fkan\u0131 ve Sivil Toplum Kurulu\u015flar\u0131 Platformu Ba\u015fkan\u0131 Habib \u015eeker, s<\/b>ivil toplum kurulu\u015flar\u0131 olarak devletin ve yerel y\u00f6neticilerin destek\u00e7isi olduklar\u0131n\u0131 belirterek, \u201cSivil toplumun en \u00f6nemli g\u00f6revi, yerel y\u00f6netim ile halk aras\u0131nda k\u00f6pr\u00fc olmakt\u0131r. Bizler de bu anlay\u0131\u015fla hareket ediyor, insanlara dokunmaya gayret ediyoruz. Ke\u00e7i\u00f6ren\u2019de g\u00f6n\u00fcllere dokunan bir belediyecilik anlay\u0131\u015f\u0131n\u0131 g\u00f6r\u00fcyoruz. Say\u0131n Ba\u015fkan\u0131m\u0131z\u0131n samimiyetini ve s\u0131cakl\u0131\u011f\u0131n\u0131 sahada da hissediyoruz. Sivil toplum olarak her zaman devletimizin ve yerel y\u00f6neticilerimizin yan\u0131nda oldu\u011fumuzu ifade etmek istiyorum.\u201d dedi.<\/p>\n<p><b>\u201cBizler her zaman i\u00e7 i\u00e7e, hemhal olmu\u015f bir toplulu\u011fuz\u201d<\/b><\/p>\n<p><b>Ke\u00e7i\u00f6ren Belediye Ba\u015fkan Dan\u0131\u015fman\u0131 Ahmet Akif Sar\u0131\u00a0<\/b>da<b>\u00a0<\/b>iftar program\u0131nda yer alan il\u00e7elerin ortak de\u011fer ve k\u00fclt\u00fcre sahip olduklar\u0131n\u0131 vurgulayarak duygular\u0131n\u0131 \u015fu s\u00f6zlerle ifade etti: \u201cBizler Malazgirt Zaferi\u2019nden sonra Anadolu\u2019ya yerle\u015fmi\u015f, O\u011fuz boylar\u0131n\u0131n evlatlar\u0131 olarak bu topraklarda birlik ve beraberlik i\u00e7inde ya\u015fam\u0131\u015f bir milletiz. Ankara\u2019n\u0131n bu kuzey hatt\u0131nda yer alan il\u00e7elerimizle ge\u00e7mi\u015ften bu yana g\u00fc\u00e7l\u00fc akrabal\u0131k ve g\u00f6n\u00fcl ba\u011flar\u0131m\u0131z var. D\u00fc\u011f\u00fcnlerimiz, sevin\u00e7lerimiz, ac\u0131lar\u0131m\u0131z ortakt\u0131r. Bizler her zaman i\u00e7 i\u00e7e, hemhal olmu\u015f bir toplulu\u011fuz. \u00d6zellikle Say\u0131n Mesut Ba\u015fkan\u0131m\u0131 gen\u00e7lik y\u0131llar\u0131ndan beri tan\u0131r\u0131m. Kendisi Anadolu\u2019nun yi\u011fit, mert ve g\u00f6nl\u00fc geni\u015f bir evlad\u0131d\u0131r. Onunla birlikte bu yolda y\u00fcr\u00fcmekten, dava arkada\u015f\u0131 olmaktan her zaman onur ve gurur duydum.\u201d<\/p>\n<p>\u00a0<\/p>\n<p>\u00a0<\/p>\n<p>Kaynak: (BYZHA) Beyaz Haber Ajans\u0131<\/p>\n","protected":false},"excerpt":{"rendered":"<p>Ke\u00e7i\u00f6ren Belediye Ba\u015fkan\u0131 Dr. Mesut \u00d6zarslan, Mevlana K\u00fclt\u00fcr Merkezi\u2019nde d\u00fczenlenen iftar program\u0131nda Ba\u015fkent\u2019in \u00f6nemli il\u00e7elerinden Aya\u015f, Beypazar\u0131, \u00c7aml\u0131dere, G\u00fcd\u00fcl, K\u0131z\u0131lcahamam, Nall\u0131han ve Kahramankazanl\u0131 vatanda\u015flarla bir araya geldi. \u00c7ok say\u0131da Ankaral\u0131n\u0131n kat\u0131ld\u0131\u011f\u0131 iftarda konu\u015fan Ba\u015fkan \u00d6zarslan, \u201cHalka hizmet, Hakk\u2019a hizmettir felsefesindeyiz. Ve \u00f6yle de gidiyoruz. Kimse bundan \u015f\u00fcphe duymas\u0131n.\u201d dedi.<\/p>\n","protected":false},"author":1,"featured_media":60530,"comment_status":"open","ping_status":"open","sticky":false,"template":"","format":"standard","meta":{"footnotes":""},"categories":[4],"tags":[377,986,7163,675,2113],"class_list":["post-60529","post","type-post","status-publish","format-standard","has-post-thumbnail","hentry","category-gundem","tag-ankara","tag-baskani","tag-dernegi-baskani","tag-iftar","tag-millet"],"_links":{"self":[{"href":"https:\/\/bihavadis.com\/index.php\/wp-json\/wp\/v2\/posts\/60529","targetHints":{"allow":["GET"]}}],"collection":[{"href":"https:\/\/bihavadis.com\/index.php\/wp-json\/wp\/v2\/posts"}],"about":[{"href":"https:\/\/bihavadis.com\/index.php\/wp-json\/wp\/v2\/types\/post"}],"author":[{"embeddable":true,"href":"https:\/\/bihavadis.com\/index.php\/wp-json\/wp\/v2\/users\/1"}],"replies":[{"embeddable":true,"href":"https:\/\/bihavadis.com\/index.php\/wp-json\/wp\/v2\/comments?post=60529"}],"version-history":[{"count":1,"href":"https:\/\/bihavadis.com\/index.php\/wp-json\/wp\/v2\/posts\/60529\/revisions"}],"predecessor-version":[{"id":60531,"href":"https:\/\/bihavadis.com\/index.php\/wp-json\/wp\/v2\/posts\/60529\/revisions\/60531"}],"wp:featuredmedia":[{"embeddable":true,"href":"https:\/\/bihavadis.com\/index.php\/wp-json\/wp\/v2\/media\/60530"}],"wp:attachment":[{"href":"https:\/\/bihavadis.com\/index.php\/wp-json\/wp\/v2\/media?parent=60529"}],"wp:term":[{"taxonomy":"category","embeddable":true,"href":"https:\/\/bihavadis.com\/index.php\/wp-json\/wp\/v2\/categories?post=60529"},{"taxonomy":"post_tag","embeddable":true,"href":"https:\/\/bihavadis.com\/index.php\/wp-json\/wp\/v2\/tags?post=60529"}],"curies":[{"name":"wp","href":"https:\/\/api.w.org\/{rel}","templated":true}]}}