{"id":60559,"date":"2026-03-05T02:18:08","date_gmt":"2026-03-05T02:18:08","guid":{"rendered":"https:\/\/bihavadis.com\/?p=60559"},"modified":"2026-03-05T02:18:08","modified_gmt":"2026-03-05T02:18:08","slug":"izmirde-saganak-sonrasi-yol-coktu","status":"publish","type":"post","link":"https:\/\/bihavadis.com\/index.php\/2026\/03\/05\/izmirde-saganak-sonrasi-yol-coktu\/","title":{"rendered":"\u0130zmir&#8217;de Sa\u011fanak Sonras\u0131 Yol \u00c7\u00f6kt\u00fc"},"content":{"rendered":"<p> \u0130zmir&#8217;de d\u00fcn etkili olan kuvvetli sa\u011fanak nedeniyle \u00e7\u00f6kme ya\u015fanan Sel\u00e7uk-Ayd\u0131n kara yolu ula\u015f\u0131ma kapat\u0131ld\u0131.<\/p>\n<p>\u0130zmir&#8217;de d\u00fcnden beri etkili olan ya\u011f\u0131\u015f ya\u015fam\u0131 olumsuz etkiledi.<\/p>\n<p>Sa\u011fanak nedeniyle Sel\u00e7uk-Ayd\u0131n kara yolunun Havut\u00e7u mevkisinde \u00e7\u00f6kme meydana geldi.<\/p>\n<p>\u00c7\u00f6kme nedeniyle yol \u00e7ift tarafl\u0131 ula\u015f\u0131ma kapat\u0131ld\u0131.<\/p>\n<p>Jandarma ekipleri b\u00f6lgede \u00f6nlem ald\u0131.<\/p>\n<p>Karayollar\u0131 ekipleri, \u00e7\u00f6ken yolu onarmak i\u00e7in \u00e7al\u0131\u015fma ba\u015flatt\u0131.<\/p>\n<p>B\u00f6lgede i\u015fletmesi bulunan \u0130brahim \u00c7a\u011flar, gazetecilere yapt\u0131\u011f\u0131 a\u00e7\u0131klamada, &#8220;Deprem oldu sand\u0131k, bakt\u0131k yol \u00e7\u00f6km\u00fc\u015f. O esnada trafi\u011fi durdurmaya \u00e7al\u0131\u015ft\u0131k, yard\u0131mc\u0131 olduk. Sonra ekipler geldi.&#8221; dedi.<\/p>\n","protected":false},"excerpt":{"rendered":"<p>Sel\u00e7uk-Ayd\u0131n kara yolunda meydana gelen \u00e7\u00f6kme nedeniyle ula\u015f\u0131m kapat\u0131ld\u0131, onar\u0131m \u00e7al\u0131\u015fmalar\u0131 ba\u015flad\u0131.<\/p>\n","protected":false},"author":1,"featured_media":60560,"comment_status":"open","ping_status":"open","sticky":false,"template":"","format":"standard","meta":{"footnotes":""},"categories":[9,4,13],"tags":[531],"class_list":["post-60559","post","type-post","status-publish","format-standard","has-post-thumbnail","hentry","category-genel","category-gundem","category-son-dakika","tag-yol"],"_links":{"self":[{"href":"https:\/\/bihavadis.com\/index.php\/wp-json\/wp\/v2\/posts\/60559","targetHints":{"allow":["GET"]}}],"collection":[{"href":"https:\/\/bihavadis.com\/index.php\/wp-json\/wp\/v2\/posts"}],"about":[{"href":"https:\/\/bihavadis.com\/index.php\/wp-json\/wp\/v2\/types\/post"}],"author":[{"embeddable":true,"href":"https:\/\/bihavadis.com\/index.php\/wp-json\/wp\/v2\/users\/1"}],"replies":[{"embeddable":true,"href":"https:\/\/bihavadis.com\/index.php\/wp-json\/wp\/v2\/comments?post=60559"}],"version-history":[{"count":1,"href":"https:\/\/bihavadis.com\/index.php\/wp-json\/wp\/v2\/posts\/60559\/revisions"}],"predecessor-version":[{"id":60561,"href":"https:\/\/bihavadis.com\/index.php\/wp-json\/wp\/v2\/posts\/60559\/revisions\/60561"}],"wp:featuredmedia":[{"embeddable":true,"href":"https:\/\/bihavadis.com\/index.php\/wp-json\/wp\/v2\/media\/60560"}],"wp:attachment":[{"href":"https:\/\/bihavadis.com\/index.php\/wp-json\/wp\/v2\/media?parent=60559"}],"wp:term":[{"taxonomy":"category","embeddable":true,"href":"https:\/\/bihavadis.com\/index.php\/wp-json\/wp\/v2\/categories?post=60559"},{"taxonomy":"post_tag","embeddable":true,"href":"https:\/\/bihavadis.com\/index.php\/wp-json\/wp\/v2\/tags?post=60559"}],"curies":[{"name":"wp","href":"https:\/\/api.w.org\/{rel}","templated":true}]}}