{"id":60568,"date":"2026-03-05T02:24:06","date_gmt":"2026-03-05T02:24:06","guid":{"rendered":"https:\/\/bihavadis.com\/?p=60568"},"modified":"2026-03-05T02:24:06","modified_gmt":"2026-03-05T02:24:06","slug":"turkiye-ab-iliskileri-gelisiyor","status":"publish","type":"post","link":"https:\/\/bihavadis.com\/index.php\/2026\/03\/05\/turkiye-ab-iliskileri-gelisiyor\/","title":{"rendered":"T\u00fcrkiye-AB \u0130li\u015fkileri Geli\u015fiyor"},"content":{"rendered":"<p>\n<p>CUMHURBA\u015eKANI Yard\u0131mc\u0131s\u0131 Cevdet Y\u0131lmaz, Avrupa Birli\u011fi (AB) Komisyonu Geni\u015flemeden Sorumlu \u00dcyesi Marta Kos ve heyetiyle bir araya geldi.<\/p>\n<p>Cumhurba\u015fkan\u0131 Yard\u0131mc\u0131s\u0131 Cevdet Y\u0131lmaz, Cumhurba\u015fkanl\u0131\u011f\u0131 K\u00fclliyesi&#8217;nde ger\u00e7ekle\u015fen g\u00f6r\u00fc\u015fmeye ili\u015fkin sanal medya hesab\u0131ndan a\u00e7\u0131klama yapt\u0131. Y\u0131lmaz, &#8220;Avrupa Komisyonu Geni\u015flemeden Sorumlu Komiseri Say\u0131n Marta Kos ve heyetiyle Cumhurba\u015fkanl\u0131\u011f\u0131 K\u00fclliyesi&#8217;nde ger\u00e7ekle\u015ftirdi\u011fimiz g\u00f6r\u00fc\u015fmede; T\u00fcrkiye-AB ili\u015fkilerinin stratejik niteli\u011fini, g\u00fcvenilir ve adil bir geni\u015fleme politikas\u0131n\u0131n \u00f6nemini ve ili\u015fkilerimizde somut ilerleme ihtiyac\u0131n\u0131 ele ald\u0131k. AB&#8217;ye tam \u00fcyelik s\u00fcreci, G\u00fcmr\u00fck Birli\u011fi&#8217;nin g\u00fcncellenmesi, vize serbestisi ve y\u00fcksek d\u00fczeyli diyalog mekanizmalar\u0131n\u0131n yeniden canland\u0131r\u0131lmas\u0131 konular\u0131nda at\u0131lacak somut ad\u0131mlar; dar ba\u015fl\u0131klara s\u0131k\u0131\u015ft\u0131r\u0131lamayacak kadar \u00f6nemli olan T\u00fcrkiye-AB ili\u015fkileri a\u00e7\u0131s\u0131ndan hayati \u00f6neme sahiptir. Kar\u015f\u0131l\u0131kl\u0131 \u00e7\u0131kar ve ortak sorumluluk anlay\u0131\u015f\u0131yla, e\u015fitlik, liyakat ve kapsay\u0131c\u0131l\u0131k temelinde ilerleyen g\u00fc\u00e7l\u00fc bir T\u00fcrkiye-AB perspektifinin m\u00fcmk\u00fcn oldu\u011funa inan\u0131yoruz. Yap\u0131c\u0131 diyalog ve i\u015f birli\u011fi i\u00e7in Say\u0131n Kos ve heyetine te\u015fekk\u00fcr ediyorum&#8221; dedi. <\/p>\n","protected":false},"excerpt":{"rendered":"<p>Cevdet Y\u0131lmaz, AB Komiseri Kos ile T\u00fcrkiye-AB ili\u015fkilerini ve geni\u015fleme konular\u0131n\u0131 g\u00f6r\u00fc\u015ft\u00fc.<\/p>\n","protected":false},"author":1,"featured_media":60569,"comment_status":"open","ping_status":"open","sticky":false,"template":"","format":"standard","meta":{"footnotes":""},"categories":[12],"tags":[],"class_list":["post-60568","post","type-post","status-publish","format-standard","has-post-thumbnail","hentry","category-siyaset"],"_links":{"self":[{"href":"https:\/\/bihavadis.com\/index.php\/wp-json\/wp\/v2\/posts\/60568","targetHints":{"allow":["GET"]}}],"collection":[{"href":"https:\/\/bihavadis.com\/index.php\/wp-json\/wp\/v2\/posts"}],"about":[{"href":"https:\/\/bihavadis.com\/index.php\/wp-json\/wp\/v2\/types\/post"}],"author":[{"embeddable":true,"href":"https:\/\/bihavadis.com\/index.php\/wp-json\/wp\/v2\/users\/1"}],"replies":[{"embeddable":true,"href":"https:\/\/bihavadis.com\/index.php\/wp-json\/wp\/v2\/comments?post=60568"}],"version-history":[{"count":1,"href":"https:\/\/bihavadis.com\/index.php\/wp-json\/wp\/v2\/posts\/60568\/revisions"}],"predecessor-version":[{"id":60570,"href":"https:\/\/bihavadis.com\/index.php\/wp-json\/wp\/v2\/posts\/60568\/revisions\/60570"}],"wp:featuredmedia":[{"embeddable":true,"href":"https:\/\/bihavadis.com\/index.php\/wp-json\/wp\/v2\/media\/60569"}],"wp:attachment":[{"href":"https:\/\/bihavadis.com\/index.php\/wp-json\/wp\/v2\/media?parent=60568"}],"wp:term":[{"taxonomy":"category","embeddable":true,"href":"https:\/\/bihavadis.com\/index.php\/wp-json\/wp\/v2\/categories?post=60568"},{"taxonomy":"post_tag","embeddable":true,"href":"https:\/\/bihavadis.com\/index.php\/wp-json\/wp\/v2\/tags?post=60568"}],"curies":[{"name":"wp","href":"https:\/\/api.w.org\/{rel}","templated":true}]}}