{"id":60622,"date":"2026-03-05T03:06:10","date_gmt":"2026-03-05T03:06:10","guid":{"rendered":"https:\/\/bihavadis.com\/?p=60622"},"modified":"2026-03-05T03:06:10","modified_gmt":"2026-03-05T03:06:10","slug":"inegolde-tarimin-gelecegi-insa-ediliyor","status":"publish","type":"post","link":"https:\/\/bihavadis.com\/index.php\/2026\/03\/05\/inegolde-tarimin-gelecegi-insa-ediliyor\/","title":{"rendered":"\u0130neg\u00f6l&#8217;de tar\u0131m\u0131n gelece\u011fi in\u015fa ediliyor"},"content":{"rendered":"<p> \u0130neg\u00f6l&#8217;de \u015fehrin tar\u0131m potansiyelini geli\u015ftirme ad\u0131na \u0130neg\u00f6l Belediyesi uhdesinde hayata ge\u00e7irilen projeler, \u00e7ift\u00e7iye ilham tar\u0131m sekt\u00f6r\u00fcne g\u00fc\u00e7 kat\u0131yor. Kendi \u00fcretti\u011fi \u00fcr\u00fcn\u00fc depolayan, i\u015fleyip meyve kurusu olarak i\u015fleyen tesislerle \u0130neg\u00f6l tar\u0131m\u0131n\u0131n sadece bug\u00fcn\u00fc de\u011fil, gelece\u011fi de in\u015fa ediliyor.<\/p>\n<p>G\u00fc\u00e7l\u00fc bir sanayi kenti olmas\u0131n\u0131n yan\u0131nda verimli topraklar\u0131yla da \u00f6ne \u00e7\u0131kan \u0130neg\u00f6l, bereketini t\u00fcm d\u00fcnya ile payla\u015f\u0131yor. Bereketli topraklar\u0131yla \u00f6zellikle meyvecilikte \u00f6ne \u00e7\u0131kan \u015fehirde, y\u0131lda 220 bin ton meyve \u00fcretimi ger\u00e7ekle\u015ftiriliyor. Onlarca \u00e7e\u015fit meyveyi tohumdan filizlendirip hem yurt i\u00e7inde hem yurt d\u0131\u015f\u0131nda \u00fcreticiyle bulu\u015fturan \u0130neg\u00f6ll\u00fc \u00e7ift\u00e7iler, son y\u0131llarda \u0130neg\u00f6l Belediyesi uhdesinde birlik olman\u0131n verdi\u011fi g\u00fc\u00e7le ciddi bir ivme kazand\u0131. Tesisle\u015fme ile \u0130neg\u00f6l&#8217;\u00fcn tar\u0131m de\u011ferlerine de\u011fer kat\u0131ld\u0131.<\/p>\n<p>\u0130neg\u00f6l&#8217;\u00fcn sanayi \u00fcretiminde yazd\u0131\u011f\u0131 ba\u015far\u0131 hikayesini tar\u0131mda da tekrar etmek ad\u0131na birlik ruhuyla harekete ge\u00e7ildi. \u0130lk ad\u0131m olarak \u0130neg\u00f6l Belediyesi \u00f6nc\u00fcl\u00fc\u011f\u00fcnde 5 y\u0131l \u00f6nce \u015fehirdeki t\u00fcm \u00fcreticileri tek bir \u00e7at\u0131 alt\u0131nda birle\u015ftiren \u0130neg\u00f6l \u00dcreten \u00c7ift\u00e7iler Kooperatifi kuruldu. Ard\u0131ndan, tar\u0131mda muhafaza g\u00fcc\u00fcn\u00fcn \u00f6nemini g\u00f6ren kooperatif, b\u00f6lgenin can damar\u0131 olan 4.000 tonluk So\u011fuk Hava Deposunu TKDK&#8217;n\u0131n hibe desteklerinden faydalanarak hayata ge\u00e7irdi. Bu tesis sayesinde \u00e7ift\u00e7i \u00fcr\u00fcn\u00fcm dal\u0131nda kal\u0131r m\u0131, bozulur mu kayg\u0131s\u0131ndan kurtuldu. Hasad\u0131 yap\u0131lan \u00fcr\u00fcn\u00fc sa\u011fl\u0131kl\u0131 \u015fekilde depolamaya ba\u015flad\u0131. Eme\u011fin tazeli\u011fini koruyan bu tesis, \u0130neg\u00f6l tar\u0131m\u0131n\u0131n sigortas\u0131 oldu. Ard\u0131ndan so\u011fuk hava deposunun en b\u00fcy\u00fck gider kalemi olan enerji ihtiyac\u0131na \u00e7\u00f6z\u00fcm olacak GES projesi, so\u011fuk hava deposu \u00e7at\u0131s\u0131nda hayata ge\u00e7irildi. Bu sayede \u00fcreticinin omuzlar\u0131ndan b\u00fcy\u00fck bir y\u00fck al\u0131nm\u0131\u015f oldu. Enerji ihtiyac\u0131n\u0131n b\u00fcy\u00fck b\u00f6l\u00fcm\u00fcn\u00fc GES kar\u015f\u0131la\u015famaya ba\u015flad\u0131.<\/p>\n<p>\u0130neg\u00f6l tar\u0131m\u0131 ad\u0131na ard\u0131 ard\u0131na at\u0131lan ad\u0131mlar\u0131n en stratejik halkas\u0131, 2023 y\u0131l\u0131nda hayata ge\u00e7irilen \u00d6z\u00fcndenkuru meyve kurutma tesisi oldu. \u00d6z\u00fcndenkuru sadece bir tesis ad\u0131 de\u011fil, \u0130neg\u00f6l&#8217;\u00fcn tar\u0131msal sanayideki yeni ticaret hamlesinin ve d\u00fcnya markas\u0131n\u0131n ad\u0131 olarak ortaya \u00e7\u0131kt\u0131. Tesiste a\u00e7\u0131l\u0131\u015f\u0131ndan itibaren bug\u00fcne kadar yakla\u015f\u0131k 100 ton meyve i\u015flenirken, \u00fcretilen nitelikli meyve kurular\u0131 ise yerel market zincirlerinin yan\u0131 s\u0131ra; \u0130stanbul, Eski\u015fehir ve Kocaeli&#8217;ndeki se\u00e7kin marketlerde sat\u0131\u015fa sunuldu. Burada; elmadan \u015feftaliye, yaban mersininden aronyaya, kavun-karpuzdan hurma, kivi, mandalina ve portakala kadar onlarca \u00e7e\u015fit \u00fcr\u00fcn\u00fc, \u00f6z\u00fcn\u00fc koruyarak kurutuldu.<\/p>\n<p>\u0130neg\u00f6l Belediye Ba\u015fkan\u0131 Alper Taban, \u00dcreten \u00e7ift\u00e7iler Kooperatifi Merkezi, So\u011fuk Hava Deposu ve \u00d6z\u00fcndenkuru Meyve Kurutma Tesisinin bulundu\u011fu alan\u0131 ziyaret ederek \u0130neg\u00f6l tar\u0131m\u0131 ve at\u0131lan ad\u0131mlara ili\u015fkin de\u011ferlendirmelerde bulundu. \u0130neg\u00f6l&#8217;de sadece tar\u0131m\u0131 de\u011fil, tar\u0131m\u0131n gelece\u011fini in\u015fa eden projelerin hayata ge\u00e7irildi\u011fini kaydeden Ba\u015fkan Taban, &#8220;\u00dcreten \u00c7ift\u00e7iler Kooperatifi \u0130neg\u00f6l&#8217;deki \u00e7ift\u00e7ilerimizle birlikte kurdu\u011fumuz bir kooperatif. Yakla\u015f\u0131k 5 y\u0131l oldu. Burada \u00f6zellikle \u00e7ift\u00e7ilerimizle ortak bir \u00e7al\u0131\u015fma ortaya koymak istedik. \u00dcretimde birli\u011fin g\u00fcc\u00fcne vurgu yapt\u0131k. \u00c7ift\u00e7ilerimizi davet ettik ve onlar da bu birli\u011fe \u00fcye olup katk\u0131 koydular. Sa\u011flanan birlikteli\u011fin ilk meyvesi olarak 5 y\u0131l \u00f6nce so\u011fuk hava tesisimizi hayata ge\u00e7irdik. Yakla\u015f\u0131k 4 bin ton meyve depolama kapasitesine sahip. \u0130neg\u00f6l&#8217;de de y\u0131lda yakla\u015f\u0131k 220 bin ton meyve \u00fcretimi yap\u0131lmakta. Meyve \u00fcreten bir \u015fehiriz. Verimli bir ovada meyvecilik \u00e7ift\u00e7ilerimiz ad\u0131na ciddi bir gelir kayna\u011f\u0131. Bu alandaki ihtiyac\u0131 g\u00f6r\u00fcnce so\u011fuk hava tesisimizi kurduk&#8221; dedi.<\/p>\n<p>TKDK deste\u011fi ile yap\u0131lan so\u011fuk hava tesisinin devam\u0131nda, bu tesisin en b\u00fcy\u00fck gider kalemi olan enerji maliyetini d\u00fc\u015f\u00fcrmek ad\u0131na yine TKDK deste\u011fi ile bir G\u00fcne\u015f Enerji Sistemi (GES) uygulamas\u0131n\u0131 hayata ge\u00e7irdiklerini ifade eden Ba\u015fkan Alper Taban, &#8220;So\u011fuk hava depomuzun \u00e7at\u0131s\u0131n\u0131 panellerle kaplad\u0131k. Ciddi bir enerji girdisi sa\u011fland\u0131. Yaz aylar\u0131nda \u00f6zellikle, enerji maliyetimizin ciddi bir b\u00f6l\u00fcm\u00fcn\u00fc kar\u015f\u0131l\u0131yor&#8221; diye konu\u015ftu.<\/p>\n<p>Ba\u015fkan Taban, kooperatifin her ad\u0131m\u0131n\u0131n yeni bir hikayeyi ortaya \u00e7\u0131kard\u0131\u011f\u0131n\u0131 da dile getirerek \u015f\u00f6yle devam etti;<\/p>\n<p>&#8220;Depolama sistemimizin verimli \u00e7al\u0131\u015fmas\u0131n\u0131n ard\u0131ndan burada bir pazarlama, bir \u00fcr\u00fcn \u00fcretilmesini sa\u011flama gibi konularda \u00e7al\u0131\u015fmalar yapt\u0131k. Burada sa\u011flanan birlikteli\u011fin de g\u00fcc\u00fcn\u00fc kullanarak \u0130neg\u00f6l&#8217;de meyvecili\u011fin geli\u015fmesini sa\u011flamak ana hedefimiz. Bu kapsamda \u00d6z\u00fcndenkuru Meyve Kurutma Tesisimizi olu\u015fturduk. Bu tesisle birlikte bir ad\u0131m daha atm\u0131\u015f olduk, \u00fcretti\u011fimiz meyveyi kurutarak \u00fcr\u00fcnlerimize de\u011fer katmaya ba\u015flad\u0131k.&#8221;<\/p>\n<p>&#8220;\u0130lerleyen s\u00fcre\u00e7te de burada meyve suyu \u00fcretimi ve \u015fi\u015feleme gibi projeleri hayata ge\u00e7irmek istiyoruz. \u00d6z\u00fcndenkuru markam\u0131z \u015fu an ba\u015far\u0131l\u0131 bir \u015fekilde \u00fcretimine devam ediyor. Ben kooperatif Ba\u015fkan\u0131m\u0131za ve y\u00f6netimine te\u015fekk\u00fcr ediyorum. Birlik olundu\u011funda \u00e7ok g\u00fczel i\u015fler ortaya \u00e7\u0131k\u0131yor. \u0130n\u015fallah biz de \u0130neg\u00f6l&#8217;\u00fcm\u00fcz\u00fcn tar\u0131m g\u00fcc\u00fcn\u00fc \u0130neg\u00f6l&#8217;e arz etmeye devam edece\u011fiz. Bug\u00fcn itibariyle burada i\u00e7 pazara \u00fcr\u00fcn veriliyor, yerine g\u00f6re ihracatta oluyor. Pazar\u0131 geni\u015fletme \u00e7abas\u0131n\u0131 kooperatifimiz her an de\u011ferlendiriyor. Fuarlara kat\u0131l\u0131yor, f\u0131rsatlar\u0131 g\u00f6rmeye \u00e7al\u0131\u015f\u0131yor.&#8221; &#8211; BURSA<\/p>\n","protected":false},"excerpt":{"rendered":"<p>\u0130neg\u00f6l&#8217;de \u015fehrin tar\u0131m potansiyelini geli\u015ftirme ad\u0131na \u0130neg\u00f6l Belediyesi uhdesinde hayata ge\u00e7irilen projeler, \u00e7ift\u00e7iye ilham tar\u0131m sekt\u00f6r\u00fcne g\u00fc\u00e7 kat\u0131yor.<\/p>\n","protected":false},"author":1,"featured_media":60623,"comment_status":"open","ping_status":"open","sticky":false,"template":"","format":"standard","meta":{"footnotes":""},"categories":[8],"tags":[1596,697,6546,371,1976],"class_list":["post-60622","post","type-post","status-publish","format-standard","has-post-thumbnail","hentry","category-ekonomi","tag-inegol","tag-meyve","tag-soguk-hava","tag-tarim","tag-tesis"],"_links":{"self":[{"href":"https:\/\/bihavadis.com\/index.php\/wp-json\/wp\/v2\/posts\/60622","targetHints":{"allow":["GET"]}}],"collection":[{"href":"https:\/\/bihavadis.com\/index.php\/wp-json\/wp\/v2\/posts"}],"about":[{"href":"https:\/\/bihavadis.com\/index.php\/wp-json\/wp\/v2\/types\/post"}],"author":[{"embeddable":true,"href":"https:\/\/bihavadis.com\/index.php\/wp-json\/wp\/v2\/users\/1"}],"replies":[{"embeddable":true,"href":"https:\/\/bihavadis.com\/index.php\/wp-json\/wp\/v2\/comments?post=60622"}],"version-history":[{"count":1,"href":"https:\/\/bihavadis.com\/index.php\/wp-json\/wp\/v2\/posts\/60622\/revisions"}],"predecessor-version":[{"id":60624,"href":"https:\/\/bihavadis.com\/index.php\/wp-json\/wp\/v2\/posts\/60622\/revisions\/60624"}],"wp:featuredmedia":[{"embeddable":true,"href":"https:\/\/bihavadis.com\/index.php\/wp-json\/wp\/v2\/media\/60623"}],"wp:attachment":[{"href":"https:\/\/bihavadis.com\/index.php\/wp-json\/wp\/v2\/media?parent=60622"}],"wp:term":[{"taxonomy":"category","embeddable":true,"href":"https:\/\/bihavadis.com\/index.php\/wp-json\/wp\/v2\/categories?post=60622"},{"taxonomy":"post_tag","embeddable":true,"href":"https:\/\/bihavadis.com\/index.php\/wp-json\/wp\/v2\/tags?post=60622"}],"curies":[{"name":"wp","href":"https:\/\/api.w.org\/{rel}","templated":true}]}}